{"id":122833,"date":"2007-08-30T11:12:23","date_gmt":"2007-08-30T11:12:23","guid":{"rendered":"http:\/\/diariodominicano.ddns.net\/?p=122833"},"modified":"2007-08-30T11:12:23","modified_gmt":"2007-08-30T11:12:23","slug":"leonel-fernandez-vaticina-un-repunte-de-las-zonas-francas-rd","status":"publish","type":"post","link":"https:\/\/diariodominicano.com\/?p=122833","title":{"rendered":"Leonel Fern\u00e1ndez vaticina un repunte de las zonas francas RD"},"content":{"rendered":"<p><body><\/p>\n<p align=\"justify\" class=\"text1noticias\"><span class=\"titulogrande1\">Leonel Fern\u00e1ndez vaticina un repunte de las zonas francas  RD<\/span><br \/>&#13;<br \/>\n  <br \/>&#13;<br \/>\n    <strong><img loading=\"lazy\" decoding=\"async\" src=\"http:\/\/localhost:8080\/economia\/pictures\/leonel1.jpg\" width=\"269\" height=\"298\" hspace=\"4\" align=\"left\" \/>SANTIAGO.-<\/strong> El presidente Leonel Fern\u00e1ndez  vaticin\u00f3 un repunte importante de las actividades de zonas francas del pa\u00eds  tras asegurar que mundialmente en el comercio se observan cambios que ser\u00e1n muy  positivos para esa actividad econ\u00f3mica nacional.<br \/>&#13;<br \/>\n    <br \/>&#13;<br \/>\n  Explic\u00f3 que  internacionalmente se est\u00e1n registrando nuevas tendencias en materia de zonas  francas, motivadas por la reevaluaci\u00f3n de la moneda China y las presiones de  sectores proteccionistas de Estados Unidos que se oponen a que esa naci\u00f3n  suscriba nuevos acuerdos de libre comercio.<br \/>&#13;<br \/>\n  <br \/>&#13;<br \/>\n  Se\u00f1al\u00f3 que tiende a  revertirse el empuje registrado por China e Indonesia en esa \u00e1rea, situaci\u00f3n  \u00e9sta que repercuti\u00f3 negativamente en el pa\u00eds, afectando los parques de zonas  francas y\u00a0 perjudicando muchos trabajadores.<br \/>&#13;<br \/>\n  <br \/>&#13;<br \/>\n  \u201cEntonces yo siento que  lo peor ha pasado. Hemos tenido un per\u00edodo de transici\u00f3n de la econom\u00eda  internacional que nos ha afectado, pero la tendencia empieza a revertirse. Lo  peor pas\u00f3 y yo veo en el horizonte que se acercan mejores momentos para la zona  franca de Santiago y mejores momentos para la Rep\u00fablica Dominicana  y mejores momentos para el incremento de empleos en nuestro pa\u00eds\u201d, recalc\u00f3 el  mandatario.<br \/>&#13;<br \/>\n  <br \/>&#13;<br \/>\n  Adelant\u00f3 que un  inversionista de zonas francas de Indonesia se instalar\u00e1 pr\u00f3ximamente en el  pa\u00eds, espec\u00edficamente\u00a0 en Santiago,\u00a0 generando unos cinco mil empleos  directos.<br \/>&#13;<br \/>\n  <br \/>&#13;<br \/>\n  Record\u00f3 que el problema  de las zonas francas estuvo motivado en el hecho de que\u00a0 una econom\u00eda como  la dominicana que depende tanto del exterior puede verse afectada, para bien o  para mal, de los cambios internacionales, poniendo como ejemplo el precio del  barril del petr\u00f3leo.<br \/>&#13;<br \/>\n  <br \/>&#13;<br \/>\n  Manifest\u00f3 que ante ese  fen\u00f3meno se requiere tener una variable de la econom\u00eda que dependa m\u00e1s bien de  lo interno y propuso que la inversi\u00f3n p\u00fablica y privada est\u00e9 m\u00e1s dirigida al  desarrollo de la inmobiliaria y a la construcci\u00f3n de obras diversas de  infraestructura.<br \/>&#13;<br \/>\n  <br \/>&#13;<br \/>\n  Indic\u00f3 que para  garantizar la din\u00e1mica del crecimiento econ\u00f3mico a nivel interno, tambi\u00e9n debe  registrarse una mayor inversi\u00f3n en el sector agropecuario, \u201cya que sirve para  garantizar la seguridad alimentaria de la Rep\u00fablica Dominicana  y tambi\u00e9n se convierte en una fuente de importaci\u00f3n cuando se producen  excedentes\u201d.<br \/>&#13;<br \/>\n  <br \/>&#13;<br \/>\nValor\u00f3, igualmente, el  progreso y avance que registra Santiago y la zona del Cibao, \u00a0en general,  debido a su vinculaci\u00f3n con el exterior, por lo que impuls\u00f3 la construcci\u00f3n de  un moderno aeropuerto en esa provincia.<\/p>\n<p>&#13;<\/p>\n<h6> 2007-08-30 11:12:23 <\/h6>\n<p><!--\n<link rel=\"stylesheet\" href=\"css\/bootstrap.min.css\">\n\n\n<ul class=\"pagination\">\n\t    \n\t\n\n<li >\n\t<a href='?page_no=28712'>Previous<\/a>\n\t<\/li>\n\n\n       \n    \n\n<li><a href='?page_no=1'>1<\/a><\/li>\n\n\n\n<li><a href='?page_no=2'>2<\/a><\/li>\n\n\n\n<li><a>...<\/a><\/li>\n\n\n\n<li><a href='?page_no=28711'>28711<\/a><\/li>\n\n\n\n<li><a href='?page_no=28712'>28712<\/a><\/li>\n\n\n\n<li class='active'><a>28713<\/a><\/li>\n\n\n\n<li><a href='?page_no=28714'>28714<\/a><\/li>\n\n\n\n<li><a href='?page_no=28715'>28715<\/a><\/li>\n\n\n\n<li><a>...<\/a><\/li>\n\n\n\n<li><a href='?page_no=30472'>30472<\/a><\/li>\n\n\n\n<li><a href='?page_no=30473'>30473<\/a><\/li>\n\n    \n\t\n\n<li >\n\t<a href='?page_no=28714'>Next<\/a>\n\t<\/li>\n\n\n    \n\n<li><a href='?page_no=30473'>Last &rsaquo;&rsaquo;<\/a><\/li>\n\n<\/ul>\n\n\n--><br \/>\n<\/body><\/p>\n","protected":false},"excerpt":{"rendered":"<p>Leonel Fern\u00e1ndez vaticina un repunte de las zonas francas RD&#13; &#13; SANTIAGO.- El presidente Leonel Fern\u00e1ndez vaticin\u00f3 un repunte importante de las actividades de zonas francas del pa\u00eds tras asegurar que mundialmente en el comercio se observan cambios que ser\u00e1n muy positivos para esa actividad econ\u00f3mica nacional.&#13; &#13; Explic\u00f3 que internacionalmente se est\u00e1n registrando nuevas [&hellip;]<\/p>\n","protected":false},"author":3,"featured_media":0,"comment_status":"open","ping_status":"open","sticky":false,"template":"","format":"standard","meta":{"footnotes":""},"categories":[18],"tags":[],"class_list":["post-122833","post","type-post","status-publish","format-standard","hentry","category-economia"],"_links":{"self":[{"href":"https:\/\/diariodominicano.com\/index.php?rest_route=\/wp\/v2\/posts\/122833","targetHints":{"allow":["GET"]}}],"collection":[{"href":"https:\/\/diariodominicano.com\/index.php?rest_route=\/wp\/v2\/posts"}],"about":[{"href":"https:\/\/diariodominicano.com\/index.php?rest_route=\/wp\/v2\/types\/post"}],"author":[{"embeddable":true,"href":"https:\/\/diariodominicano.com\/index.php?rest_route=\/wp\/v2\/users\/3"}],"replies":[{"embeddable":true,"href":"https:\/\/diariodominicano.com\/index.php?rest_route=%2Fwp%2Fv2%2Fcomments&post=122833"}],"version-history":[{"count":0,"href":"https:\/\/diariodominicano.com\/index.php?rest_route=\/wp\/v2\/posts\/122833\/revisions"}],"wp:attachment":[{"href":"https:\/\/diariodominicano.com\/index.php?rest_route=%2Fwp%2Fv2%2Fmedia&parent=122833"}],"wp:term":[{"taxonomy":"category","embeddable":true,"href":"https:\/\/diariodominicano.com\/index.php?rest_route=%2Fwp%2Fv2%2Fcategories&post=122833"},{"taxonomy":"post_tag","embeddable":true,"href":"https:\/\/diariodominicano.com\/index.php?rest_route=%2Fwp%2Fv2%2Ftags&post=122833"}],"curies":[{"name":"wp","href":"https:\/\/api.w.org\/{rel}","templated":true}]}}