{"id":122832,"date":"2007-08-30T22:41:17","date_gmt":"2007-08-30T22:41:17","guid":{"rendered":"http:\/\/diariodominicano.ddns.net\/?p=122832"},"modified":"2007-08-30T22:41:17","modified_gmt":"2007-08-30T22:41:17","slug":"el-bagricola-y-consejo-de-desarrollo-financiaran-a-la-micro-empresa-rural","status":"publish","type":"post","link":"https:\/\/diariodominicano.com\/?p=122832","title":{"rendered":"El Bagr\u00edcola y Consejo de Desarrollo financiar\u00e1n a la micro empresa rural"},"content":{"rendered":"<p><body><\/p>\n<p class=\"titulogrande1\">El Bagr\u00edcola y  Consejo de Desarrollo financiar\u00e1n a la  micro empresa rural<\/p>\n<p>&#13;<\/p>\n<p><strong>Los micros empresarios de Monse\u00f1or  Nouel tendr\u00e1n una tasa de inter\u00e9s de 10% anual<\/strong><\/p>\n<p>&#13;<\/p>\n<p align=\"justify\" class=\"text1noticias\"><strong><img loading=\"lazy\" decoding=\"async\" src=\"http:\/\/localhost:8080\/economia\/pictures\/micro empresarios.jpg\" width=\"269\" height=\"183\" hspace=\"4\" align=\"left\" \/>BONAO.-<\/strong>  El Banco Agr\u00edcola y el Consejo para el Desarrollo de la Provincia Monse\u00f1or  Nouel pusieron en ejecuci\u00f3n un programa de financiamiento para la micro,  peque\u00f1a y mediana empresa rural, con el objetivo de crear nuevas fuentes de  empleos y as\u00ed mejorar el nivel de vida de la regi\u00f3n.<\/p>\n<p>&#13;<\/p>\n<p align=\"justify\" class=\"text1noticias\">El  ingeniero Pa\u00edno Abreu Collado, administrador del Bagr\u00edcola, y el licenciado  N\u00e9stor Francisco Melenciano, presidente del Consejo para el Desarrollo de la  Provincia Monse\u00f1or Nouel, firmaron un convenio mediante el cual la instituci\u00f3n  financiera asume la responsabilidad de administrar los recursos que recibe de  parte de ese organismo, aplicando su pol\u00edtica crediticia y procedimientos  administrativos, para formalizar pr\u00e9stamos a la micro, peque\u00f1a y mediana  empresa rural y a los peque\u00f1os y medianos productores agropecuarios,  individuales y asociativos a una tasa de inter\u00e9s de 10 por ciento anual.<\/p>\n<p>&#13;<\/p>\n<p align=\"justify\" class=\"text1noticias\">El  Consejo para el Desarrollo de la Provincia Monse\u00f1or Nouel es el organismo que  maneja parte de los recursos que generan las acciones de la Corporaci\u00f3n  Dominicana de Empresas Estatales (CORDE) en la Falconbridge.<\/p>\n<p>&#13;<\/p>\n<p align=\"justify\" class=\"text1noticias\">Ese  organismo dispondr\u00e1 inicialmente de 15.0 millones de pesos para la ejecuci\u00f3n  del programa. Este monto podr\u00e1 ser ampliado acorde con los ingresos que reciba,  mientras que el Banco Agr\u00edcola dispondr\u00e1 de una contrapartida de RD$5.0  millones, para sumar un total de RD$20 millones, recursos que ser\u00e1n utilizados  en la primera etapa del proyecto.<\/p>\n<p>&#13;<\/p>\n<p align=\"justify\" class=\"text1noticias\">Abreu  Collado dijo que este tipo de acuerdo se inscribe en la estrategia del Gobierno  de Leonel Fern\u00e1ndez de darle participaci\u00f3n a los diversos organismos y  agrupaciones en diferentes proyectos que generan riquezas y empleos. Calific\u00f3  la decisi\u00f3n del Consejo para el Desarrollo de la Provincia Monse\u00f1or Nouel como  un acto de racionalidad econ\u00f3mica y social porque los recursos mineros no son  renovables porque cuando salen de la tierra no vuelven jam\u00e1s.<\/p>\n<p>&#13;<\/p>\n<p align=\"justify\" class=\"text1noticias\">Agreg\u00f3  que \u00b4\u00b4lo importante es que los recursos no renovables se pueden convertir en  una acci\u00f3n y en un recurso renovable porque la provincia est\u00e1 recibiendo  recursos econ\u00f3micos por su explotaci\u00f3n, los cuales est\u00e1n cayendo en buenas  manos para ser convertidos en sostenibles\u00b4\u00b4.<\/p>\n<p>&#13;<\/p>\n<p align=\"justify\" class=\"text1noticias\">Dijo  que esta es la mejor forma de favorecer a las presentes y futuras generaciones  porque los recursos econ\u00f3micos que genera la compa\u00f1\u00eda minera se facilitan a la  comunidad en calidad de pr\u00e9stamos una y otra vez, y destac\u00f3 la visi\u00f3n de los  directivos de ese organismo de buscar el bienestar y el progreso de la regi\u00f3n,  porque esos recursos econ\u00f3micos generan riquezas y empleos en la regi\u00f3n.<\/p>\n<p>&#13;<\/p>\n<p align=\"justify\" class=\"text1noticias\">El  convenio establece que el monto m\u00e1ximo a prestar de manera individual ser\u00e1 de  100 mil pesos, y de manera asociativa y a cooperativas ser\u00e1 de RD$250 mil,  l\u00edmites que ser\u00e1n revisados oportunamente.<\/p>\n<p>&#13;<\/p>\n<p align=\"justify\" class=\"text1noticias\">El  presidente del Consejo para el Desarrollo de la Provincia Monse\u00f1or Nouel dijo  que el convenio permitir\u00e1 que los peque\u00f1os talleres, salones de belleza,  colmados y otros puedan obtener recursos econ\u00f3micos con una tasa de inter\u00e9s de  un 10 por ciento anual. <\/p>\n<p>&#13;<\/p>\n<p align=\"justify\" class=\"text1noticias\">Afirm\u00f3  que el programa cubrir\u00e1 a los micros, peque\u00f1os y medianos empresarios de los  parajes, secciones, distritos municipales y municipios de la provincia Monse\u00f1or  Nouel que hoy en d\u00eda no tienen acceso al cr\u00e9dito en la banca comercial privada.<\/p>\n<p>&#13;<\/p>\n<p align=\"justify\" class=\"text1noticias\">La  firma del convenio se realiz\u00f3 en el Hotel Acuario del municipio de Bonao con la  presencia del senador F\u00e9lix Nova, y los diputados Jos\u00e9 Antonio Fabian y  Casimiro Ramos, as\u00ed como la s\u00edndico de Piedra Blanca, Carmen Garc\u00eda, el  director del Consejo Dominicano del Caf\u00e9, Fausto Burgos, y la presidenta de la  C\u00e1mara de Comercio y Producci\u00f3n, Juana Rosario, ejecutivos del Banco Agr\u00edcola y  directivos del Consejo para el Desarrollo de la Provincia Monse\u00f1or Nouel. <br \/>&#13;<br \/>\n\u00a0\u00a0\u00a0\u00a0\u00a0\u00a0\u00a0\u00a0\u00a0\u00a0\u00a0\u00a0\u00a0\u00a0\u00a0\u00a0\u00a0\u00a0\u00a0\u00a0\u00a0\u00a0\u00a0\u00a0\u00a0\u00a0\u00a0\u00a0\u00a0\u00a0\u00a0\u00a0\u00a0\u00a0\u00a0\u00a0\u00a0\u00a0\u00a0\u00a0\u00a0\u00a0\u00a0\u00a0\u00a0\u00a0\u00a0\u00a0\u00a0\u00a0\u00a0\u00a0\u00a0\u00a0\u00a0\u00a0\u00a0\u00a0\u00a0\u00a0\u00a0\u00a0\u00a0\u00a0\u00a0\u00a0\u00a0\u00a0\u00a0\u00a0\u00a0\u00a0\u00a0\u00a0\u00a0\u00a0\u00a0\u00a0\u00a0\u00a0\u00a0\u00a0\u00a0\u00a0\u00a0\u00a0\u00a0\u00a0\u00a0  \u00a0\u00a0\u00a0\u00a0\u00a0\u00a0\u00a0\u00a0\u00a0\u00a0\u00a0\u00a0\u00a0\u00a0\u00a0\u00a0\u00a0\u00a0\u00a0\u00a0<br \/>&#13;<br \/>\nLa  ejecuci\u00f3n del programa estar\u00e1 bajo la responsabilidad de la sucursal del  Bagr\u00edcola en Bonao, la que manejar\u00e1 los recursos en un plan especial con su  contabilidad, registros y controles separados de los dem\u00e1s programas que  ejecuta la instituci\u00f3n. El Banco Agr\u00edcola dispondr\u00e1 de un personal t\u00e9cnico para  darle seguimiento a cada pr\u00e9stamo que realice.<\/p>\n<p>&#13;<\/p>\n<p align=\"justify\" class=\"text1noticias\">El  Consejo para el Desarrollo de la Provincia Monse\u00f1or Nouel tiene la  responsabilidad de garantizar a la comunidad el uso racional de los recursos  provenientes de las acciones de CORDE en la Falconbridge.<\/p>\n<p>&#13;<\/p>\n<p align=\"justify\" class=\"text1noticias\">La Ley  507-05 dispone la transferencia a favor de los municipios que integran las  provincias Monse\u00f1or Nouel, La Vega y S\u00e1nchez Ram\u00edrez, los recursos que generan  las 285 mil 982 acciones de la Corporaci\u00f3n Dominicana de Empresas Estatales en  la compa\u00f1\u00eda minera Falconbridge.<\/p>\n<p>&#13;<\/p>\n<p align=\"justify\" class=\"text1noticias\">El  senador F\u00e9lix destac\u00f3 la firma del acuerdo, y asegur\u00f3 que el mismo vendr\u00e1 a  combatir la pobreza en la zona y a contribuir con el desarrollo en la  provincia.<\/p>\n<p>&#13;<\/p>\n<h6> 2007-08-30 22:41:17 <\/h6>\n<p><!--\n<link rel=\"stylesheet\" href=\"css\/bootstrap.min.css\">\n\n\n<ul class=\"pagination\">\n\t    \n\t\n\n<li >\n\t<a href='?page_no=28711'>Previous<\/a>\n\t<\/li>\n\n\n       \n    \n\n<li><a href='?page_no=1'>1<\/a><\/li>\n\n\n\n<li><a href='?page_no=2'>2<\/a><\/li>\n\n\n\n<li><a>...<\/a><\/li>\n\n\n\n<li><a href='?page_no=28710'>28710<\/a><\/li>\n\n\n\n<li><a href='?page_no=28711'>28711<\/a><\/li>\n\n\n\n<li class='active'><a>28712<\/a><\/li>\n\n\n\n<li><a href='?page_no=28713'>28713<\/a><\/li>\n\n\n\n<li><a href='?page_no=28714'>28714<\/a><\/li>\n\n\n\n<li><a>...<\/a><\/li>\n\n\n\n<li><a href='?page_no=30472'>30472<\/a><\/li>\n\n\n\n<li><a href='?page_no=30473'>30473<\/a><\/li>\n\n    \n\t\n\n<li >\n\t<a href='?page_no=28713'>Next<\/a>\n\t<\/li>\n\n\n    \n\n<li><a href='?page_no=30473'>Last &rsaquo;&rsaquo;<\/a><\/li>\n\n<\/ul>\n\n\n--><br \/>\n<\/body><\/p>\n","protected":false},"excerpt":{"rendered":"<p>El Bagr\u00edcola y Consejo de Desarrollo financiar\u00e1n a la micro empresa rural &#13; Los micros empresarios de Monse\u00f1or Nouel tendr\u00e1n una tasa de inter\u00e9s de 10% anual &#13; BONAO.- El Banco Agr\u00edcola y el Consejo para el Desarrollo de la Provincia Monse\u00f1or Nouel pusieron en ejecuci\u00f3n un programa de financiamiento para la micro, peque\u00f1a y [&hellip;]<\/p>\n","protected":false},"author":3,"featured_media":0,"comment_status":"open","ping_status":"open","sticky":false,"template":"","format":"standard","meta":{"footnotes":""},"categories":[18],"tags":[],"class_list":["post-122832","post","type-post","status-publish","format-standard","hentry","category-economia"],"_links":{"self":[{"href":"https:\/\/diariodominicano.com\/index.php?rest_route=\/wp\/v2\/posts\/122832","targetHints":{"allow":["GET"]}}],"collection":[{"href":"https:\/\/diariodominicano.com\/index.php?rest_route=\/wp\/v2\/posts"}],"about":[{"href":"https:\/\/diariodominicano.com\/index.php?rest_route=\/wp\/v2\/types\/post"}],"author":[{"embeddable":true,"href":"https:\/\/diariodominicano.com\/index.php?rest_route=\/wp\/v2\/users\/3"}],"replies":[{"embeddable":true,"href":"https:\/\/diariodominicano.com\/index.php?rest_route=%2Fwp%2Fv2%2Fcomments&post=122832"}],"version-history":[{"count":0,"href":"https:\/\/diariodominicano.com\/index.php?rest_route=\/wp\/v2\/posts\/122832\/revisions"}],"wp:attachment":[{"href":"https:\/\/diariodominicano.com\/index.php?rest_route=%2Fwp%2Fv2%2Fmedia&parent=122832"}],"wp:term":[{"taxonomy":"category","embeddable":true,"href":"https:\/\/diariodominicano.com\/index.php?rest_route=%2Fwp%2Fv2%2Fcategories&post=122832"},{"taxonomy":"post_tag","embeddable":true,"href":"https:\/\/diariodominicano.com\/index.php?rest_route=%2Fwp%2Fv2%2Ftags&post=122832"}],"curies":[{"name":"wp","href":"https:\/\/api.w.org\/{rel}","templated":true}]}}