{"id":122830,"date":"2007-08-30T22:48:57","date_gmt":"2007-08-30T22:48:57","guid":{"rendered":"http:\/\/diariodominicano.ddns.net\/?p=122830"},"modified":"2007-08-30T22:48:57","modified_gmt":"2007-08-30T22:48:57","slug":"empresas-en-perfeccionamiento-deben-ser-ejemplo-y-vanguardia","status":"publish","type":"post","link":"https:\/\/diariodominicano.com\/?p=122830","title":{"rendered":"Empresas en perfeccionamiento deben ser ejemplo y vanguardia"},"content":{"rendered":"<p><body><\/p>\n<p align=\"justify\"><strong class=\"titulogrande1\">Empresas en perfeccionamiento deben ser ejemplo y  vanguardia <\/strong><br \/>&#13;<br \/>\n  <br \/>&#13;<br \/>\n    <strong>Afirm\u00f3 Carlos Lage D\u00e1vila al clausurar el Seminario  Nacional con directores de empresas en perfeccionamiento. En la \u00faltima jornada  el general de cuerpo de ej\u00e9rcito Julio Casas Regueiro hizo una intervenci\u00f3n  especial<\/strong><br \/>&#13;<br \/>\n    <br \/>&#13;<br \/>\n    <strong>Susana Lee <br \/>&#13;<br \/>\n    <br \/>&#13;<br \/>\n    Susan.ll@granma.cip.cu<\/strong> <br \/>&#13;<br \/>\n    <br \/>&#13;<br \/>\n    <span class=\"text1noticias\">Necesitamos que las empresas en  perfeccionamiento sean un ejemplo, una vanguardia en la batalla por el  desarrollo econ\u00f3mico del pa\u00eds, afirm\u00f3 Carlos Lage D\u00e1vila, miembro del Bur\u00f3  Pol\u00edtico y secretario del Comit\u00e9 Ejecutivo del Consejo de Ministros, al  clausurar ayer el Seminario Nacional con directores de empresas que aplican ese  sistema de direcci\u00f3n y gesti\u00f3n, en la Sala Universal de las FAR.<br \/>&#13;<br \/>\n    <br \/>&#13;<br \/>\n    Al iniciar sus palabras se\u00f1al\u00f3 que tanto  el Comandante en Jefe Fidel Castro como el General de Ej\u00e9rcito Ra\u00fal Castro, se  han mantenido al tanto del desarrollo del encuentro.<br \/>&#13;<br \/>\n    <br \/>&#13;<br \/>\n    En la \u00faltima jornada el general de cuerpo  de ej\u00e9rcito Julio Casas Regueiro, viceministro primero de las FAR, hizo una  intervenci\u00f3n especial acerca de algunos antecedentes y experiencias sobre el  perfeccionamiento empresarial en las FAR, y abord\u00f3, entre otros aspectos,  cuestiones vitales para el \u00e9xito del sistema, puntualizando que ahora lo m\u00e1s  importante es lograr su consolidaci\u00f3n, es la etapa m\u00e1s dif\u00edcil, la tarea  fundamental y donde realmente est\u00e1 el m\u00e9rito.<br \/>&#13;<br \/>\n    <br \/>&#13;<br \/>\n    Durante la sesi\u00f3n matutina los ministros  Jos\u00e9 Luis Rodr\u00edguez, Ra\u00fal de la Nuez, Georgina Barreiro y Gladys Bejerano, de  Econom\u00eda y Planificaci\u00f3n, Comercio Exterior, Finanzas y Precios y Auditor\u00eda y  Control, respectivamente, impartieron sendas conferencias sobre Planificaci\u00f3n  empresarial y Contrataci\u00f3n econ\u00f3mica, Mercadotecnia y comunicaci\u00f3n empresarial,  Contabilidad, relaciones financieras, costos, precios y Sistema informativo y  acerca del Control Interno.<br \/>&#13;<br \/>\n    <br \/>&#13;<br \/>\n    En varias intervenciones, los empresarios  coincidieron en la utilidad del seminario, y en el objetivo de darle  continuidad a este capacitando a sus colectivos laborales en los nuevos  instrumentos legales, aprobados para fortalecer el sistema de direcci\u00f3n y  gesti\u00f3n empresarial del pa\u00eds.<br \/>&#13;<br \/>\n    <br \/>&#13;<br \/>\nGranma<\/span><\/p>\n<p>&#13;<\/p>\n<h6> 2007-08-30 22:48:57 <\/h6>\n<p><!--\n<link rel=\"stylesheet\" href=\"css\/bootstrap.min.css\">\n\n\n<ul class=\"pagination\">\n\t    \n\t\n\n<li >\n\t<a href='?page_no=28709'>Previous<\/a>\n\t<\/li>\n\n\n       \n    \n\n<li><a href='?page_no=1'>1<\/a><\/li>\n\n\n\n<li><a href='?page_no=2'>2<\/a><\/li>\n\n\n\n<li><a>...<\/a><\/li>\n\n\n\n<li><a href='?page_no=28708'>28708<\/a><\/li>\n\n\n\n<li><a href='?page_no=28709'>28709<\/a><\/li>\n\n\n\n<li class='active'><a>28710<\/a><\/li>\n\n\n\n<li><a href='?page_no=28711'>28711<\/a><\/li>\n\n\n\n<li><a href='?page_no=28712'>28712<\/a><\/li>\n\n\n\n<li><a>...<\/a><\/li>\n\n\n\n<li><a href='?page_no=30472'>30472<\/a><\/li>\n\n\n\n<li><a href='?page_no=30473'>30473<\/a><\/li>\n\n    \n\t\n\n<li >\n\t<a href='?page_no=28711'>Next<\/a>\n\t<\/li>\n\n\n    \n\n<li><a href='?page_no=30473'>Last &rsaquo;&rsaquo;<\/a><\/li>\n\n<\/ul>\n\n\n--><br \/>\n<\/body><\/p>\n","protected":false},"excerpt":{"rendered":"<p>Empresas en perfeccionamiento deben ser ejemplo y vanguardia &#13; &#13; Afirm\u00f3 Carlos Lage D\u00e1vila al clausurar el Seminario Nacional con directores de empresas en perfeccionamiento. En la \u00faltima jornada el general de cuerpo de ej\u00e9rcito Julio Casas Regueiro hizo una intervenci\u00f3n especial&#13; &#13; Susana Lee &#13; &#13; Susan.ll@granma.cip.cu &#13; &#13; Necesitamos que las empresas en [&hellip;]<\/p>\n","protected":false},"author":3,"featured_media":0,"comment_status":"open","ping_status":"open","sticky":false,"template":"","format":"standard","meta":{"footnotes":""},"categories":[18],"tags":[],"class_list":["post-122830","post","type-post","status-publish","format-standard","hentry","category-economia"],"_links":{"self":[{"href":"https:\/\/diariodominicano.com\/index.php?rest_route=\/wp\/v2\/posts\/122830","targetHints":{"allow":["GET"]}}],"collection":[{"href":"https:\/\/diariodominicano.com\/index.php?rest_route=\/wp\/v2\/posts"}],"about":[{"href":"https:\/\/diariodominicano.com\/index.php?rest_route=\/wp\/v2\/types\/post"}],"author":[{"embeddable":true,"href":"https:\/\/diariodominicano.com\/index.php?rest_route=\/wp\/v2\/users\/3"}],"replies":[{"embeddable":true,"href":"https:\/\/diariodominicano.com\/index.php?rest_route=%2Fwp%2Fv2%2Fcomments&post=122830"}],"version-history":[{"count":0,"href":"https:\/\/diariodominicano.com\/index.php?rest_route=\/wp\/v2\/posts\/122830\/revisions"}],"wp:attachment":[{"href":"https:\/\/diariodominicano.com\/index.php?rest_route=%2Fwp%2Fv2%2Fmedia&parent=122830"}],"wp:term":[{"taxonomy":"category","embeddable":true,"href":"https:\/\/diariodominicano.com\/index.php?rest_route=%2Fwp%2Fv2%2Fcategories&post=122830"},{"taxonomy":"post_tag","embeddable":true,"href":"https:\/\/diariodominicano.com\/index.php?rest_route=%2Fwp%2Fv2%2Ftags&post=122830"}],"curies":[{"name":"wp","href":"https:\/\/api.w.org\/{rel}","templated":true}]}}