{"id":122828,"date":"2007-09-01T04:17:52","date_gmt":"2007-09-01T04:17:52","guid":{"rendered":"http:\/\/diariodominicano.ddns.net\/?p=122828"},"modified":"2007-09-01T04:17:52","modified_gmt":"2007-09-01T04:17:52","slug":"para-que-logre-ser-competitivo-el-artesano-local-debe-ser-protegido-de-las-importaciones","status":"publish","type":"post","link":"https:\/\/diariodominicano.com\/?p=122828","title":{"rendered":"Para que logre ser competitivo el artesano local debe ser protegido de las importaciones"},"content":{"rendered":"<p><body><\/p>\n<p align=\"justify\" class=\"titulogrande1\">Para que logre ser competitivo el artesano local debe  ser protegido de las importaciones<\/p>\n<p>&#13;<\/p>\n<p align=\"justify\" class=\"text1noticias\"><strong>SantoDomingo.-<\/strong> El  pa\u00eds debe establecer, en los acuerdos comerciales que negocia,\u00a0 mecanismos de reservas o salvaguardas para  proteger a los peque\u00f1os y medianos empresarios de la artesan\u00eda, ya que la  mayor\u00eda de los productos de ese tipo que se venden en el pa\u00eds son importados y  los tres mil millones de pesos que generan anualmente no impactan en la  econom\u00eda, situaci\u00f3n que va en detrimento del artesano local.<\/p>\n<p>&#13;<\/p>\n<p align=\"justify\" class=\"text1noticias\">As\u00ed  lo propuso, Andr\u00e9s van der Horst \u00c1lvarez,  director ejecutivo del Consejo Nacional de Competitividad, luego que firmara un  convenio con las Asociaci\u00f3n Iberoamericana para el  Desarrollo y la   Cooperaci\u00f3n de la Artesan\u00eda, para la implementaci\u00f3n de un\u00a0 proyecto de desarrollo competitivo de la  artesan\u00eda dominicana. El acuerdo fue rubricado adem\u00e1s por Virginia Roca Pezzotti, Presidenta de la entidad. <\/p>\n<p>&#13;<\/p>\n<p align=\"justify\" class=\"text1noticias\">Van  der Horst \u00c1lvarez explic\u00f3 que \u201csi bien es cierto\u00a0 que estamos en un mercado global, muchos  pa\u00edses protegen a sus productores, atendiendo al desarrollo cultural y de la  peque\u00f1a y mediana empresa.\u00a0 Lo que se  hace es no degradar inmediatamente los aranceles a las artesan\u00edas  importadas, sino que se pone un per\u00edodo  de desgravaci\u00f3n y te protegen la artesan\u00eda local en un per\u00edodo de 10 a 15 a\u00f1os, tiempo necesario  para desarrollar a este sector\u201d.<\/p>\n<p>&#13;<\/p>\n<p align=\"justify\" class=\"text1noticias\">Roca  Pezzotti coincidi\u00f3 con Van der Horst \u00c1lvarez en el sentido de que los peque\u00f1os  y medianos empresarios necesitan un marco de competencia. Explic\u00f3 que es  necesario \u201ccrear redes de mercado, donde el artesano dominicano tenga  igualdades de posibilidades competitivas con la artesan\u00eda importada\u201d.<\/p>\n<p>&#13;<\/p>\n<p align=\"justify\" class=\"text1noticias\">Anualmente  en el pa\u00eds se consumen aproximadamente tres mil millones de pesos en los polos  tur\u00edsticos, sobre todo en el este del pa\u00eds. Seg\u00fan los t\u00e9cnicos en la materia se  estima que cada turista que viene al pa\u00eds gasta alrededor de mil pesos en la  compra de artesan\u00eda.<\/p>\n<p>&#13;<\/p>\n<p align=\"justify\" class=\"text1noticias\">Con  este acuerdo\u00a0 con el CNC se visualiza a  la artesan\u00eda como una industria cultural con necesidad de alcanzar par\u00e1metros  competitivos y de productividad. Se trabajar\u00e1 en la capacitaci\u00f3n del artesano,  as\u00ed como en su inserci\u00f3n en los mercados internos y externos.<\/p>\n<p>&#13;<\/p>\n<p align=\"justify\" class=\"text1noticias\">Con este acuerdo se elaborar\u00e1 un anteproyecto de  ley de artesan\u00eda, se establecer\u00e1 un proyecto para un laboratorio empresarial  artesanal con el que se har\u00e1 un programa de incubadoras de empresas de ese  sector. Adem\u00e1s se establecer\u00e1 un \u00edndice de ventas y se promover\u00e1 el incremento  de un 30 y 20 por ciento de las exportaciones de artesanos. Tambi\u00e9n se crear\u00e1  una base de datos e indicadores sobre el consumo y demanda de la artesan\u00eda  dominicana y su aporte al Producto Interno Bruto.<\/p>\n<p>&#13;<\/p>\n<p align=\"justify\" class=\"text1noticias\">Estas acciones son necesarias ya que en el pa\u00eds  se carece de un marco legal que promueva el fomento y desarrollo del sector  artesanal, con el que se cree el sello y la denominaci\u00f3n de origen. <br \/>&#13;<br \/>\n  <br \/>&#13;<br \/>\nAdem\u00e1s se  parte del hecho de que los artesanos tienen una d\u00e9bil formaci\u00f3n y capacidad de  gesti\u00f3n, lo que debilita sus posibilidades y capacidades competitivas.<\/p>\n<p>&#13;<\/p>\n<h6> 2007-09-01 04:17:52 <\/h6>\n<p><!--\n<link rel=\"stylesheet\" href=\"css\/bootstrap.min.css\">\n\n\n<ul class=\"pagination\">\n\t    \n\t\n\n<li >\n\t<a href='?page_no=28707'>Previous<\/a>\n\t<\/li>\n\n\n       \n    \n\n<li><a href='?page_no=1'>1<\/a><\/li>\n\n\n\n<li><a href='?page_no=2'>2<\/a><\/li>\n\n\n\n<li><a>...<\/a><\/li>\n\n\n\n<li><a href='?page_no=28706'>28706<\/a><\/li>\n\n\n\n<li><a href='?page_no=28707'>28707<\/a><\/li>\n\n\n\n<li class='active'><a>28708<\/a><\/li>\n\n\n\n<li><a href='?page_no=28709'>28709<\/a><\/li>\n\n\n\n<li><a href='?page_no=28710'>28710<\/a><\/li>\n\n\n\n<li><a>...<\/a><\/li>\n\n\n\n<li><a href='?page_no=30472'>30472<\/a><\/li>\n\n\n\n<li><a href='?page_no=30473'>30473<\/a><\/li>\n\n    \n\t\n\n<li >\n\t<a href='?page_no=28709'>Next<\/a>\n\t<\/li>\n\n\n    \n\n<li><a href='?page_no=30473'>Last &rsaquo;&rsaquo;<\/a><\/li>\n\n<\/ul>\n\n\n--><br \/>\n<\/body><\/p>\n","protected":false},"excerpt":{"rendered":"<p>Para que logre ser competitivo el artesano local debe ser protegido de las importaciones &#13; SantoDomingo.- El pa\u00eds debe establecer, en los acuerdos comerciales que negocia,\u00a0 mecanismos de reservas o salvaguardas para proteger a los peque\u00f1os y medianos empresarios de la artesan\u00eda, ya que la mayor\u00eda de los productos de ese tipo que se venden [&hellip;]<\/p>\n","protected":false},"author":3,"featured_media":0,"comment_status":"open","ping_status":"open","sticky":false,"template":"","format":"standard","meta":{"footnotes":""},"categories":[18],"tags":[],"class_list":["post-122828","post","type-post","status-publish","format-standard","hentry","category-economia"],"_links":{"self":[{"href":"https:\/\/diariodominicano.com\/index.php?rest_route=\/wp\/v2\/posts\/122828","targetHints":{"allow":["GET"]}}],"collection":[{"href":"https:\/\/diariodominicano.com\/index.php?rest_route=\/wp\/v2\/posts"}],"about":[{"href":"https:\/\/diariodominicano.com\/index.php?rest_route=\/wp\/v2\/types\/post"}],"author":[{"embeddable":true,"href":"https:\/\/diariodominicano.com\/index.php?rest_route=\/wp\/v2\/users\/3"}],"replies":[{"embeddable":true,"href":"https:\/\/diariodominicano.com\/index.php?rest_route=%2Fwp%2Fv2%2Fcomments&post=122828"}],"version-history":[{"count":0,"href":"https:\/\/diariodominicano.com\/index.php?rest_route=\/wp\/v2\/posts\/122828\/revisions"}],"wp:attachment":[{"href":"https:\/\/diariodominicano.com\/index.php?rest_route=%2Fwp%2Fv2%2Fmedia&parent=122828"}],"wp:term":[{"taxonomy":"category","embeddable":true,"href":"https:\/\/diariodominicano.com\/index.php?rest_route=%2Fwp%2Fv2%2Fcategories&post=122828"},{"taxonomy":"post_tag","embeddable":true,"href":"https:\/\/diariodominicano.com\/index.php?rest_route=%2Fwp%2Fv2%2Ftags&post=122828"}],"curies":[{"name":"wp","href":"https:\/\/api.w.org\/{rel}","templated":true}]}}