{"id":122825,"date":"2007-09-01T16:21:12","date_gmt":"2007-09-01T16:21:12","guid":{"rendered":"http:\/\/diariodominicano.ddns.net\/?p=122825"},"modified":"2007-09-01T16:21:12","modified_gmt":"2007-09-01T16:21:12","slug":"haydee-kuret-de-rainieri-aboga-por-una-mayor-conciencia-sobre-la-importancia-del-turismo","status":"publish","type":"post","link":"https:\/\/diariodominicano.com\/?p=122825","title":{"rendered":"Hayd\u00e9e Kuret de Rainieri aboga por una mayor conciencia sobre la importancia del turismo"},"content":{"rendered":"<p><body><\/p>\n<p align=\"justify\" class=\"titulogrande1\"><strong>Hayd\u00e9e Kuret de Rainieri aboga por una mayor  conciencia sobre la importancia del turismo<\/strong><\/p>\n<p>&#13;<\/p>\n<p align=\"justify\" class=\"text1noticias\">La se\u00f1ora Hayd\u00e9e Kuret de Rainieri reclam\u00f3 de todos los sectores de la sociedad una mayor conciencia sobre la importancia que reviste el turismo para el futuro dominicano, por lo que abog\u00f3 por un plan adecuado que ayude a desarrollar la industria hotelera, incrementar las habitaciones y atraer turismo de lujo al pa\u00eds.<br \/>&#13;<br \/>\n  <br \/>&#13;<br \/>\n  \u201cY este plan tiene que ser un plan nacional, creado y apoyado por todos los sectores de nuestra sociedad: tur\u00edstico, empresarial, gubernamental y de la poblaci\u00f3n en general\u201d, afirm\u00f3 do\u00f1a Hayd\u00e9e al pronunciar unas palabras con las que agradeci\u00f3 el homenaje que le hiciera Asonahores por sus aportes al desarrollo tur\u00edstico dominicano.<br \/>&#13;<br \/>\n  <br \/>&#13;<br \/>\n  Una placa de reconocimiento le fue entregada a la se\u00f1ora Kuret de Rainieri por la primera dama de la Rep\u00fablica, Margarita Cede\u00f1o de Fern\u00e1ndez, y el presidente de Asonahores, Luis L\u00f3pez, en la inauguraci\u00f3n de la XXI La vicepresidenta de Hospitalidad y Recursos Humanos del Grupo Punta Cana advirti\u00f3 que para poder competir el el turismo mundial es fundamental que el pa\u00eds se adapte a las necesidades del mercado globalizado.<br \/>&#13;<br \/>\n  <br \/>&#13;<br \/>\n  \u201cY esto no consiste simplemente en construir modernas y lujosas instalaciones hoteleras. Necesita infraestructura, un cambio de mentalidad y una conciencia general de lo que tenemos entre manos\u201d, dijo La conciencia necesaria para acometer la tarea, debe llevar al gobierno y a los dem\u00e1s sectores de la sociedad a saber que sus empresas y negocios son parte tambi\u00e9n de la industria tur\u00edstica.<br \/>&#13;<br \/>\n  <br \/>&#13;<br \/>\n  A su juicio, todo el pa\u00eds debe trabajar para preservar y desarrollar la industria tur\u00edstica actual. <br \/>&#13;<br \/>\n  <br \/>&#13;<br \/>\n  \u201cSimplemente quiero explicar que los hoteleros, solos, no podemos hacer la industria tur\u00edstica.<br \/>&#13;<br \/>\n  <br \/>&#13;<br \/>\n  Sabemos construir excelentes instalaciones hoteleras pero necesitamos buenas infraestructuras y una<br \/>&#13;<br \/>\n  poblaci\u00f3n consciente que cuide su pa\u00eds\u201d.<br \/>&#13;<br \/>\n  <br \/>&#13;<br \/>\n  En ese sentido, abog\u00f3 por una infraestructura adecuada, por mejorar las carreteras que faciliten el traslado de los turistas, por un sistema de limpieza para pueblos y ciudades, promover una educaci\u00f3n ciudadana que haga limpias las calles, que no se lancen papeles y desperdicios.<br \/>&#13;<br \/>\n  <br \/>&#13;<br \/>\n  Tambi\u00e9n reclam\u00f3   por disciplinar el tr\u00e1nsito vehicular en las ciudades dominicanas.<br \/>&#13;<br \/>\n  <br \/>&#13;<br \/>\n  \u201cHuelgas mal encausadas y lanzamientos de piedras, representan acciones inseguras que desalientan al turista a visitarnos. Y hasta desuni\u00f3n en nuestra industria que en lugar de constituir un n\u00facleo unido y fortalecido para competir con otros pa\u00edses, nos divide por zonas, debilitando al sector\u201d, dijo.<br \/>&#13;<br \/>\n  <br \/>&#13;<br \/>\n  \u201cNecesitamos profesionales y personal preparados para proveer los servicios que un turista espera recibir.<br \/>&#13;<br \/>\n  <br \/>&#13;<br \/>\n  Necesitamos tambi\u00e9n, un sector empresarial que acep- te que somos sus socios y un gobierno que entienda que cada centavo invertido, se retornar\u00e1 con creces en los ingresos de la naci\u00f3n.<br \/>&#13;<br \/>\n  <br \/>&#13;<br \/>\n  \u201cPara nuestra industria lleg\u00f3 la hora cero. No podemos continuar, en pleno siglo XXI, sin la infraestructura adecuada. El gobierno tiene que dise\u00f1ar un plan que permita, en el curso de los pr\u00f3ximos cinco a\u00f1os, desarrollar un sistema vial apropiado y de primera calidad.<br \/>&#13;<br \/>\n  <br \/>&#13;<br \/>\n  \u201cTenemos que dise\u00f1ar un plan de mercadeo que, preparado entre los sectores oficial y privado, sea respetado y continuado por los pr\u00f3ximos gobiernos.<br \/>&#13;<br \/>\n  <br \/>&#13;<br \/>\n  La industria tur\u00edstica es la m\u00e1s r\u00e1pida generadora de ingresos y puestos de trabajo en el mundo. Pero es, asimismo, la m\u00e1s competitiva.<br \/>&#13;<br \/>\n  <br \/>&#13;<br \/>\n  El pa\u00eds debe invertir para ganar\u201d, manifest\u00f3.<\/p>\n<p>&#13;<\/p>\n<h6> 2007-09-01 16:21:12 <\/h6>\n<p><!--\n<link rel=\"stylesheet\" href=\"css\/bootstrap.min.css\">\n\n\n<ul class=\"pagination\">\n\t    \n\t\n\n<li >\n\t<a href='?page_no=28704'>Previous<\/a>\n\t<\/li>\n\n\n       \n    \n\n<li><a href='?page_no=1'>1<\/a><\/li>\n\n\n\n<li><a href='?page_no=2'>2<\/a><\/li>\n\n\n\n<li><a>...<\/a><\/li>\n\n\n\n<li><a href='?page_no=28703'>28703<\/a><\/li>\n\n\n\n<li><a href='?page_no=28704'>28704<\/a><\/li>\n\n\n\n<li class='active'><a>28705<\/a><\/li>\n\n\n\n<li><a href='?page_no=28706'>28706<\/a><\/li>\n\n\n\n<li><a href='?page_no=28707'>28707<\/a><\/li>\n\n\n\n<li><a>...<\/a><\/li>\n\n\n\n<li><a href='?page_no=30472'>30472<\/a><\/li>\n\n\n\n<li><a href='?page_no=30473'>30473<\/a><\/li>\n\n    \n\t\n\n<li >\n\t<a href='?page_no=28706'>Next<\/a>\n\t<\/li>\n\n\n    \n\n<li><a href='?page_no=30473'>Last &rsaquo;&rsaquo;<\/a><\/li>\n\n<\/ul>\n\n\n--><br \/>\n<\/body><\/p>\n","protected":false},"excerpt":{"rendered":"<p>Hayd\u00e9e Kuret de Rainieri aboga por una mayor conciencia sobre la importancia del turismo &#13; La se\u00f1ora Hayd\u00e9e Kuret de Rainieri reclam\u00f3 de todos los sectores de la sociedad una mayor conciencia sobre la importancia que reviste el turismo para el futuro dominicano, por lo que abog\u00f3 por un plan adecuado que ayude a desarrollar [&hellip;]<\/p>\n","protected":false},"author":3,"featured_media":0,"comment_status":"open","ping_status":"open","sticky":false,"template":"","format":"standard","meta":{"footnotes":""},"categories":[18],"tags":[],"class_list":["post-122825","post","type-post","status-publish","format-standard","hentry","category-economia"],"_links":{"self":[{"href":"https:\/\/diariodominicano.com\/index.php?rest_route=\/wp\/v2\/posts\/122825","targetHints":{"allow":["GET"]}}],"collection":[{"href":"https:\/\/diariodominicano.com\/index.php?rest_route=\/wp\/v2\/posts"}],"about":[{"href":"https:\/\/diariodominicano.com\/index.php?rest_route=\/wp\/v2\/types\/post"}],"author":[{"embeddable":true,"href":"https:\/\/diariodominicano.com\/index.php?rest_route=\/wp\/v2\/users\/3"}],"replies":[{"embeddable":true,"href":"https:\/\/diariodominicano.com\/index.php?rest_route=%2Fwp%2Fv2%2Fcomments&post=122825"}],"version-history":[{"count":0,"href":"https:\/\/diariodominicano.com\/index.php?rest_route=\/wp\/v2\/posts\/122825\/revisions"}],"wp:attachment":[{"href":"https:\/\/diariodominicano.com\/index.php?rest_route=%2Fwp%2Fv2%2Fmedia&parent=122825"}],"wp:term":[{"taxonomy":"category","embeddable":true,"href":"https:\/\/diariodominicano.com\/index.php?rest_route=%2Fwp%2Fv2%2Fcategories&post=122825"},{"taxonomy":"post_tag","embeddable":true,"href":"https:\/\/diariodominicano.com\/index.php?rest_route=%2Fwp%2Fv2%2Ftags&post=122825"}],"curies":[{"name":"wp","href":"https:\/\/api.w.org\/{rel}","templated":true}]}}