{"id":122823,"date":"2007-09-04T15:07:36","date_gmt":"2007-09-04T15:07:36","guid":{"rendered":"http:\/\/diariodominicano.ddns.net\/?p=122823"},"modified":"2007-09-04T15:07:36","modified_gmt":"2007-09-04T15:07:36","slug":"destacan-exportaciones-nacional-registran-incremento-de-un-62-2-por-ciento","status":"publish","type":"post","link":"https:\/\/diariodominicano.com\/?p=122823","title":{"rendered":"Destacan exportaciones nacional registran incremento de un 62.2 por ciento"},"content":{"rendered":"<p><body><\/p>\n<p align=\"justify\" class=\"titulogrande1\">Destacan  exportaciones nacional registran incremento de un 62.2 por ciento<\/p>\n<p>&#13;<\/p>\n<p align=\"justify\" class=\"text1noticias\"><strong>SANTO DOMINGO.-<\/strong> El director  del Centro de Exp\u00f2rtaci\u00f3n e Inversi\u00f3n de la Rep\u00fablica Dominicana  (CEI-RD) inform\u00f3 que las Exportaciones Nacionales registraron un incremento de  un 65.2 por ciento en el primer semestre del a\u00f1o 2007, en comparaci\u00f3n con igual  periodo del a\u00f1o 2006. <\/p>\n<p>&#13;<\/p>\n<p align=\"justify\" class=\"text1noticias\">Eddy Mart\u00ednez Manzueta  inform\u00f3 que entre enero-junio 2006, las exportaciones nacionales fueron de  US$714.01millones, mientras que en el mismo per\u00edodo del 2007 alcanzaron  US$1,180.23 millones. <\/p>\n<p>&#13;<\/p>\n<p align=\"justify\" class=\"text1noticias\">Explic\u00f3 que este  comportamiento positivo de las exportaciones se observa en los tres grandes  sub-sectores, el de los productos tradicionales, los minerales y los productos  no tradicionales, con marcada incidencia tanto en las exportaciones de  productos minerales como en el crecimiento de las exportaciones no  tradicionales. <\/p>\n<p>&#13;<\/p>\n<p align=\"justify\" class=\"text1noticias\">Sostuvo que las exportaciones  en el primer semestre del a\u00f1o 2007, el sub-sector de los productos  tradicionales experiment\u00f3 un crecimiento de un 13.87 por ciento en relaci\u00f3n a  enero-junio del a\u00f1o 2006.\u00a0 <\/p>\n<p>&#13;<\/p>\n<p align=\"justify\" class=\"text1noticias\">Dentro de las exportaciones  tradicionales se clasifica con mayor auge el rubro derivados de ca\u00f1a de az\u00facar  que presenta un crecimiento de un 14.85% con un valor exportado de US$85.99  millones, en relaci\u00f3n al primer semestre del 2006, dijo. <\/p>\n<p>&#13;<\/p>\n<p align=\"justify\" class=\"text1noticias\">Se\u00f1al\u00f3 que de este rengl\u00f3n,  las exportaciones de az\u00facar crudo, se incrementaron en un 20.80% al pasar de  US$56.14 millones en enero-junio 2006   a US$67.81 millones en igual per\u00edodo del a\u00f1o 2007. <\/p>\n<p>&#13;<\/p>\n<p align=\"justify\" class=\"text1noticias\">Inform\u00f3 que el furfural  registr\u00f3 exportaciones por valor de US$10.7 millones y un incremento de un  0.4%.\u00a0 <\/p>\n<p>&#13;<\/p>\n<p align=\"justify\" class=\"text1noticias\">Destac\u00f3 que el sector de las  exportaciones tradicionales, el cacao crudo en grano registr\u00f3 un incremento de  un 17.48% durante el primer semestre del a\u00f1o 2007.\u00a0 <\/p>\n<p>&#13;<\/p>\n<p align=\"justify\" class=\"text1noticias\">Aclar\u00f3 que el valor exportado  fue de US$27.49 millones. Este crecimiento es se\u00f1al de la recuperaci\u00f3n en las  exportaciones del producto y se explica por las gestiones llevadas a cabo en  este sentido y por el nivel de recuperaci\u00f3n en los precios del cacao en los  mercados internacionales. <\/p>\n<p>&#13;<\/p>\n<h6> 2007-09-04 15:07:36 <\/h6>\n<p><!--\n<link rel=\"stylesheet\" href=\"css\/bootstrap.min.css\">\n\n\n<ul class=\"pagination\">\n\t    \n\t\n\n<li >\n\t<a href='?page_no=28702'>Previous<\/a>\n\t<\/li>\n\n\n       \n    \n\n<li><a href='?page_no=1'>1<\/a><\/li>\n\n\n\n<li><a href='?page_no=2'>2<\/a><\/li>\n\n\n\n<li><a>...<\/a><\/li>\n\n\n\n<li><a href='?page_no=28701'>28701<\/a><\/li>\n\n\n\n<li><a href='?page_no=28702'>28702<\/a><\/li>\n\n\n\n<li class='active'><a>28703<\/a><\/li>\n\n\n\n<li><a href='?page_no=28704'>28704<\/a><\/li>\n\n\n\n<li><a href='?page_no=28705'>28705<\/a><\/li>\n\n\n\n<li><a>...<\/a><\/li>\n\n\n\n<li><a href='?page_no=30472'>30472<\/a><\/li>\n\n\n\n<li><a href='?page_no=30473'>30473<\/a><\/li>\n\n    \n\t\n\n<li >\n\t<a href='?page_no=28704'>Next<\/a>\n\t<\/li>\n\n\n    \n\n<li><a href='?page_no=30473'>Last &rsaquo;&rsaquo;<\/a><\/li>\n\n<\/ul>\n\n\n--><br \/>\n<\/body><\/p>\n","protected":false},"excerpt":{"rendered":"<p>Destacan exportaciones nacional registran incremento de un 62.2 por ciento &#13; SANTO DOMINGO.- El director del Centro de Exp\u00f2rtaci\u00f3n e Inversi\u00f3n de la Rep\u00fablica Dominicana (CEI-RD) inform\u00f3 que las Exportaciones Nacionales registraron un incremento de un 65.2 por ciento en el primer semestre del a\u00f1o 2007, en comparaci\u00f3n con igual periodo del a\u00f1o 2006. &#13; [&hellip;]<\/p>\n","protected":false},"author":3,"featured_media":0,"comment_status":"open","ping_status":"open","sticky":false,"template":"","format":"standard","meta":{"footnotes":""},"categories":[18],"tags":[],"class_list":["post-122823","post","type-post","status-publish","format-standard","hentry","category-economia"],"_links":{"self":[{"href":"https:\/\/diariodominicano.com\/index.php?rest_route=\/wp\/v2\/posts\/122823","targetHints":{"allow":["GET"]}}],"collection":[{"href":"https:\/\/diariodominicano.com\/index.php?rest_route=\/wp\/v2\/posts"}],"about":[{"href":"https:\/\/diariodominicano.com\/index.php?rest_route=\/wp\/v2\/types\/post"}],"author":[{"embeddable":true,"href":"https:\/\/diariodominicano.com\/index.php?rest_route=\/wp\/v2\/users\/3"}],"replies":[{"embeddable":true,"href":"https:\/\/diariodominicano.com\/index.php?rest_route=%2Fwp%2Fv2%2Fcomments&post=122823"}],"version-history":[{"count":0,"href":"https:\/\/diariodominicano.com\/index.php?rest_route=\/wp\/v2\/posts\/122823\/revisions"}],"wp:attachment":[{"href":"https:\/\/diariodominicano.com\/index.php?rest_route=%2Fwp%2Fv2%2Fmedia&parent=122823"}],"wp:term":[{"taxonomy":"category","embeddable":true,"href":"https:\/\/diariodominicano.com\/index.php?rest_route=%2Fwp%2Fv2%2Fcategories&post=122823"},{"taxonomy":"post_tag","embeddable":true,"href":"https:\/\/diariodominicano.com\/index.php?rest_route=%2Fwp%2Fv2%2Ftags&post=122823"}],"curies":[{"name":"wp","href":"https:\/\/api.w.org\/{rel}","templated":true}]}}