{"id":122821,"date":"2007-09-05T20:34:34","date_gmt":"2007-09-05T20:34:34","guid":{"rendered":"http:\/\/diariodominicano.ddns.net\/?p=122821"},"modified":"2007-09-05T20:34:34","modified_gmt":"2007-09-05T20:34:34","slug":"equipo-economico-da-a-conocer-suplemento-a-la-carta-de-intencion-fmi","status":"publish","type":"post","link":"https:\/\/diariodominicano.com\/?p=122821","title":{"rendered":"Equipo Econ\u00f3mico da a conocer suplemento a la Carta de Intenci\u00f3n FMI"},"content":{"rendered":"<p><body><\/p>\n<p align=\"justify\" class=\"text1noticias\">Equipo  Econ\u00f3mico da a conocer suplemento a la Carta de Intenci\u00f3n FMI<\/p>\n<p>&#13;<br \/>\n<span class=\"text1noticias\">&#13;<\/p>\n<ol>&#13;\n<\/ol>\n<p><\/span>&#13;<\/p>\n<div align=\"justify\">&#13;<\/p>\n<ul>&#13;<\/p>\n<li class=\"text1noticias\">El equipo econ\u00f3mico del gobierno dio a conocer el  suplemento a la Carta de Intenci\u00f3n correspondiente a la S\u00e9ptima Revisi\u00f3n del  Acuerdo Stand-By con el Fondo Monetario Internacional, el cual contiene los  principales eventos econ\u00f3micos ocurridos con posterioridad a la anterior Carta  de Intenci\u00f3n publicada a trav\u00e9s de distintos medios, \u00a0y aquellos relacionados con el programa con el  FMI.<br \/>&#13;<br \/>\n      <br \/>&#13;\n    <\/li>\n<p>&#13;<\/p>\n<li class=\"text1noticias\">El suplemento fue firmado el pasado viernes 31 de agosto  por el Secretario de Estado de Econom\u00eda, Planificaci\u00f3n y Desarrollo,  Tem\u00edstocles Mont\u00e1s, el Secretario de Estado de Hacienda, Vicente Bengoa, y el  Gobernador del Banco Central, H\u00e9ctor Valdez Albizu.<br \/>&#13;<br \/>\n      <br \/>&#13;\n    <\/li>\n<p>&#13;<\/p>\n<li class=\"text1noticias\">El suplemento destaca que la econom\u00eda dominicana ha  continuado con su fuerte crecimiento, 7.9\u00a0por  ciento en t\u00e9rminos reales durante el primer semestre del 2007, as\u00ed como la  disminuci\u00f3n de la tasa de desempleo en 4.1 puntos porcentuales desde octubre  2004 al mes de abril del 2007.<br \/>&#13;<br \/>\n      <br \/>&#13;\n    <\/li>\n<p>&#13;<\/p>\n<li class=\"text1noticias\">Igualmente, informa que la inflaci\u00f3n acumulada a fin de  julio de 2007 fue 4.65 por ciento, lo cual es consistente con el rango objetivo  de 2007 de 4\u20136 por ciento, a\u00fan considerando el impacto de los precios del  petr\u00f3leo. Tambi\u00e9n \u00a0destaca el  fortalecimiento de las reservas internacionales netas l\u00edquidas del Banco  Central, las cuales se ubicaron en torno a los US$ 1,584 millones hacia fines de  agosto del 2007. <br \/>&#13;<br \/>\n      <br \/>&#13;\n    <\/li>\n<p>&#13;<\/p>\n<li class=\"text1noticias\">Indica que debido a que todos los criterios cuantitativos  de desempe\u00f1o para junio se cumplieron con holgura, como se hab\u00eda anunciado  anteriormente por las autoridades, no es necesario solicitar ninguna de las  dispensas asociadas a la disponibilidad de tal informaci\u00f3n.<br \/>&#13;<br \/>\n      <br \/>&#13;\n    <\/li>\n<p>&#13;<\/p>\n<li class=\"text1noticias\">Hace referencia a la aprobaci\u00f3n de los reglamentos de la  nueva Secretar\u00eda de Econom\u00eda, Planificaci\u00f3n y Desarrollo, de las leyes org\u00e1nica  de presupuesto, de control interno, de inversi\u00f3n p\u00fablica y de la Secretar\u00eda de  Hacienda, y la aprobaci\u00f3n de un presupuesto suplementario para el a\u00f1o 2007 por  parte del Senado. <br \/>&#13;<br \/>\n      <br \/>&#13;\n    <\/li>\n<p>&#13;<\/p>\n<li class=\"text1noticias\">Dos de la acciones previas de la S\u00e9ptima Revisi\u00f3n que fueron  cumplidas tambi\u00e9n lo fueron la aprobaci\u00f3n de la ley de criminalizaci\u00f3n del  fraude el\u00e9ctrico, conjuntamente con sus reglamentos, y la ley de Recapitalizaci\u00f3n  del Banco Central. Destaca los avances en la implementaci\u00f3n de la Cuenta \u00danica  del Tesoro. \u00a0<br \/>&#13;<br \/>\n      <br \/>&#13;\n    <\/li>\n<p>&#13;<\/p>\n<li class=\"text1noticias\">En el suplemento de la Carta de  Intenci\u00f3n se solicita la extensi\u00f3n del requisito de aprobaci\u00f3n de las  modificaciones a la ley monetaria y financiera (LMF), la cual hab\u00eda perimido en  el Congreso antes del plazo acordado y que ha sido reintroducida para fines de  aprobaci\u00f3n.<br \/>&#13;<br \/>\n      <br \/>&#13;\n    <\/li>\n<p>&#13;<\/p>\n<li class=\"text1noticias\">En el \u00e1mbito fiscal, el documento menciona que el  criterio cuantitativo de\u00a0 desempe\u00f1o  respecto a la meta fiscal a fines de junio se cumpli\u00f3 ampliamente. Los ingresos  del gobierno central en el primer semestre superaron significativamente las  proyecciones del programa, y que acorde con cifras preliminares de julio el  criterio de desempe\u00f1o fiscal, sigue cumpli\u00e9ndose ampliamente.<br \/>&#13;<br \/>\n      <br \/>&#13;\n    <\/li>\n<p>&#13;<\/p>\n<li class=\"text1noticias\">Se\u00f1ala que en julio pasado el Congreso aprob\u00f3 la  reducci\u00f3n de varias tasas impositivas y la reestructuraci\u00f3n de las tasas de los  impuestos selectivos de los alcoholes y tabaco.<\/li>\n<p>&#13;\n  <\/ul>\n<p>&#13;\n<\/p><\/div>\n<p>&#13;<\/p>\n<ul>&#13;\n<\/ul>\n<p>&#13;<\/p>\n<h6> 2007-09-05 20:34:34 <\/h6>\n<p><!--\n<link rel=\"stylesheet\" href=\"css\/bootstrap.min.css\">\n\n\n<ul class=\"pagination\">\n\t    \n\t\n\n<li >\n\t<a href='?page_no=28700'>Previous<\/a>\n\t<\/li>\n\n\n       \n    \n\n<li><a href='?page_no=1'>1<\/a><\/li>\n\n\n\n<li><a href='?page_no=2'>2<\/a><\/li>\n\n\n\n<li><a>...<\/a><\/li>\n\n\n\n<li><a href='?page_no=28699'>28699<\/a><\/li>\n\n\n\n<li><a href='?page_no=28700'>28700<\/a><\/li>\n\n\n\n<li class='active'><a>28701<\/a><\/li>\n\n\n\n<li><a href='?page_no=28702'>28702<\/a><\/li>\n\n\n\n<li><a href='?page_no=28703'>28703<\/a><\/li>\n\n\n\n<li><a>...<\/a><\/li>\n\n\n\n<li><a href='?page_no=30472'>30472<\/a><\/li>\n\n\n\n<li><a href='?page_no=30473'>30473<\/a><\/li>\n\n    \n\t\n\n<li >\n\t<a href='?page_no=28702'>Next<\/a>\n\t<\/li>\n\n\n    \n\n<li><a href='?page_no=30473'>Last &rsaquo;&rsaquo;<\/a><\/li>\n\n<\/ul>\n\n\n--><br \/>\n<\/body><\/p>\n","protected":false},"excerpt":{"rendered":"<p>Equipo Econ\u00f3mico da a conocer suplemento a la Carta de Intenci\u00f3n FMI &#13; &#13; &#13; &#13; &#13; &#13; El equipo econ\u00f3mico del gobierno dio a conocer el suplemento a la Carta de Intenci\u00f3n correspondiente a la S\u00e9ptima Revisi\u00f3n del Acuerdo Stand-By con el Fondo Monetario Internacional, el cual contiene los principales eventos econ\u00f3micos ocurridos con [&hellip;]<\/p>\n","protected":false},"author":3,"featured_media":0,"comment_status":"open","ping_status":"open","sticky":false,"template":"","format":"standard","meta":{"footnotes":""},"categories":[18],"tags":[],"class_list":["post-122821","post","type-post","status-publish","format-standard","hentry","category-economia"],"_links":{"self":[{"href":"https:\/\/diariodominicano.com\/index.php?rest_route=\/wp\/v2\/posts\/122821","targetHints":{"allow":["GET"]}}],"collection":[{"href":"https:\/\/diariodominicano.com\/index.php?rest_route=\/wp\/v2\/posts"}],"about":[{"href":"https:\/\/diariodominicano.com\/index.php?rest_route=\/wp\/v2\/types\/post"}],"author":[{"embeddable":true,"href":"https:\/\/diariodominicano.com\/index.php?rest_route=\/wp\/v2\/users\/3"}],"replies":[{"embeddable":true,"href":"https:\/\/diariodominicano.com\/index.php?rest_route=%2Fwp%2Fv2%2Fcomments&post=122821"}],"version-history":[{"count":0,"href":"https:\/\/diariodominicano.com\/index.php?rest_route=\/wp\/v2\/posts\/122821\/revisions"}],"wp:attachment":[{"href":"https:\/\/diariodominicano.com\/index.php?rest_route=%2Fwp%2Fv2%2Fmedia&parent=122821"}],"wp:term":[{"taxonomy":"category","embeddable":true,"href":"https:\/\/diariodominicano.com\/index.php?rest_route=%2Fwp%2Fv2%2Fcategories&post=122821"},{"taxonomy":"post_tag","embeddable":true,"href":"https:\/\/diariodominicano.com\/index.php?rest_route=%2Fwp%2Fv2%2Ftags&post=122821"}],"curies":[{"name":"wp","href":"https:\/\/api.w.org\/{rel}","templated":true}]}}