{"id":122820,"date":"2007-09-05T20:38:28","date_gmt":"2007-09-05T20:38:28","guid":{"rendered":"http:\/\/diariodominicano.ddns.net\/?p=122820"},"modified":"2007-09-05T20:38:28","modified_gmt":"2007-09-05T20:38:28","slug":"trafico-mundial-de-pasajeros-crece-6-4-en-julio","status":"publish","type":"post","link":"https:\/\/diariodominicano.com\/?p=122820","title":{"rendered":"Tr\u00e1fico mundial de pasajeros crece 6.4 en julio"},"content":{"rendered":"<p><body><\/p>\n<p align=\"justify\"><span class=\"titulogrande1\">Tr\u00e1fico mundial de pasajeros crece 6.4  en julio <\/span><br \/>&#13;<br \/>\n  <br \/>&#13;<br \/>\n    <span class=\"text1noticias\">El tr\u00e1fico mundial de pasajeros ha registrado un fuerte crecimiento del 6.4% en julio y aument\u00f3 un 5.3% durante los siete primeros meses de 2007 en comparaci\u00f3n con 2006, hasta alcanzar los 1.584 millones de pasajeros, de acuerdo con el reporte que realiza el Consejo Internacional de Aeropuertos (ACI, por sus siglas en ingl\u00e9s).<br \/>&#13;<br \/>\n    <br \/>&#13;<br \/>\n  En cuanto a pasajeros internacionales, el crecimiento fue a\u00fan mayor, del 7.3% en el mes de julio y del 6.6% en el acumulado de los siete primeros mese del a\u00f1o, hasta alcanzar los 744 millones de pasajeros. El tr\u00e1fico dom\u00e9stico aument\u00f3 en julio un 5.9% respecto al mismo mes en 2006, mientras que entre enero y julio de 2007 fue del 4.4%, con 788 millones de viajeros en rutas nacionales.<br \/>&#13;<br \/>\n  <br \/>&#13;<br \/>\n  Por regiones, ha destacado el crecimiento registrado en Oriente Medio y \u00c1frica, con crecimientos de dos d\u00edgitos tanto en los siete primeros meses del a\u00f1o (un 13.3% y un 14.8%, respectivamente), como en julio (un 20.3% y un 18%). <br \/>&#13;<br \/>\n  <br \/>&#13;<br \/>\n  <strong>Cicom<\/strong><\/span><\/p>\n<p>&#13;<\/p>\n<h6> 2007-09-05 20:38:28 <\/h6>\n<p><!--\n<link rel=\"stylesheet\" href=\"css\/bootstrap.min.css\">\n\n\n<ul class=\"pagination\">\n\t    \n\t\n\n<li >\n\t<a href='?page_no=28699'>Previous<\/a>\n\t<\/li>\n\n\n       \n    \n\n<li><a href='?page_no=1'>1<\/a><\/li>\n\n\n\n<li><a href='?page_no=2'>2<\/a><\/li>\n\n\n\n<li><a>...<\/a><\/li>\n\n\n\n<li><a href='?page_no=28698'>28698<\/a><\/li>\n\n\n\n<li><a href='?page_no=28699'>28699<\/a><\/li>\n\n\n\n<li class='active'><a>28700<\/a><\/li>\n\n\n\n<li><a href='?page_no=28701'>28701<\/a><\/li>\n\n\n\n<li><a href='?page_no=28702'>28702<\/a><\/li>\n\n\n\n<li><a>...<\/a><\/li>\n\n\n\n<li><a href='?page_no=30472'>30472<\/a><\/li>\n\n\n\n<li><a href='?page_no=30473'>30473<\/a><\/li>\n\n    \n\t\n\n<li >\n\t<a href='?page_no=28701'>Next<\/a>\n\t<\/li>\n\n\n    \n\n<li><a href='?page_no=30473'>Last &rsaquo;&rsaquo;<\/a><\/li>\n\n<\/ul>\n\n\n--><br \/>\n<\/body><\/p>\n","protected":false},"excerpt":{"rendered":"<p>Tr\u00e1fico mundial de pasajeros crece 6.4 en julio &#13; &#13; El tr\u00e1fico mundial de pasajeros ha registrado un fuerte crecimiento del 6.4% en julio y aument\u00f3 un 5.3% durante los siete primeros meses de 2007 en comparaci\u00f3n con 2006, hasta alcanzar los 1.584 millones de pasajeros, de acuerdo con el reporte que realiza el Consejo [&hellip;]<\/p>\n","protected":false},"author":3,"featured_media":0,"comment_status":"open","ping_status":"open","sticky":false,"template":"","format":"standard","meta":{"footnotes":""},"categories":[18],"tags":[],"class_list":["post-122820","post","type-post","status-publish","format-standard","hentry","category-economia"],"_links":{"self":[{"href":"https:\/\/diariodominicano.com\/index.php?rest_route=\/wp\/v2\/posts\/122820","targetHints":{"allow":["GET"]}}],"collection":[{"href":"https:\/\/diariodominicano.com\/index.php?rest_route=\/wp\/v2\/posts"}],"about":[{"href":"https:\/\/diariodominicano.com\/index.php?rest_route=\/wp\/v2\/types\/post"}],"author":[{"embeddable":true,"href":"https:\/\/diariodominicano.com\/index.php?rest_route=\/wp\/v2\/users\/3"}],"replies":[{"embeddable":true,"href":"https:\/\/diariodominicano.com\/index.php?rest_route=%2Fwp%2Fv2%2Fcomments&post=122820"}],"version-history":[{"count":0,"href":"https:\/\/diariodominicano.com\/index.php?rest_route=\/wp\/v2\/posts\/122820\/revisions"}],"wp:attachment":[{"href":"https:\/\/diariodominicano.com\/index.php?rest_route=%2Fwp%2Fv2%2Fmedia&parent=122820"}],"wp:term":[{"taxonomy":"category","embeddable":true,"href":"https:\/\/diariodominicano.com\/index.php?rest_route=%2Fwp%2Fv2%2Fcategories&post=122820"},{"taxonomy":"post_tag","embeddable":true,"href":"https:\/\/diariodominicano.com\/index.php?rest_route=%2Fwp%2Fv2%2Ftags&post=122820"}],"curies":[{"name":"wp","href":"https:\/\/api.w.org\/{rel}","templated":true}]}}