{"id":122818,"date":"2007-09-06T13:08:02","date_gmt":"2007-09-06T13:08:02","guid":{"rendered":"http:\/\/diariodominicano.ddns.net\/?p=122818"},"modified":"2007-09-06T13:08:02","modified_gmt":"2007-09-06T13:08:02","slug":"quaker-lanza-nueva-avena-corazon-sano","status":"publish","type":"post","link":"https:\/\/diariodominicano.com\/?p=122818","title":{"rendered":"Quaker lanza nueva Avena Coraz\u00f3n Sano"},"content":{"rendered":"<p><body><\/p>\n<p align=\"justify\"><span class=\"titulogrande1\">Quaker lanza nueva Avena Coraz\u00f3n Sano<\/span><br \/>&#13;<br \/>\n  \u00a0<br \/>&#13;<br \/>\n   <span class=\"text1noticias\"><strong><img loading=\"lazy\" decoding=\"async\" src=\"http:\/\/localhost:8080\/economia\/pictures\/quaker avena corazon sano.jpg\" width=\"269\" height=\"547\" hspace=\"4\" align=\"left\" \/>Santo  Domingo.-<\/strong> La marca Quaker, divisi\u00f3n del grupo Pepsico Internacional, lanz\u00f3 al mercado  nacional la avena Coraz\u00f3n Sano, un nuevo producto alimenticio enfocado en su filosof\u00eda de promover una vida saludable,  ahora dirigida a los m\u00e1s adultos de la familia.<br \/>&#13;<br \/>\n  \u00a0<br \/>&#13;<br \/>\n La  presentaci\u00f3n de la nueva avena se llev\u00f3 a cabo en un encuentro efectuado en  Distribuidora Corripio, de la avenida J.F. Kennedy, distribuidor exclusivo en  el pa\u00eds del portafolio Quaker.<br \/>&#13;<br \/>\n  \u00a0<br \/>&#13;<br \/>\n La se\u00f1ora  Karina Gil, Gerente de la   Marca Quaker, expres\u00f3 que Coraz\u00f3n Sano cuenta con el aval de la Fundaci\u00f3n Dominicana  de Cardiolog\u00eda, y se ha demostrado cient\u00edficamente que proporciona beneficios  nutricionales a la salud y constituye una alternativa de consumo tomando en  consideraci\u00f3n los altos \u00edndices de afecciones cardiacas en Rep\u00fablica  Dominicana.<br \/>&#13;<br \/>\n  \u00a0<br \/>&#13;<br \/>\n Explic\u00f3 que  Coraz\u00f3n Sano viene en las dos presentaciones: avena instant\u00e1nea en hojuelas, en  empaque de 700 gramos,  y avena molida, en empaque de 550 gramos, disponibles en los supermercados  del pa\u00eds.<br \/>&#13;<br \/>\n  \u00a0<br \/>&#13;<br \/>\n Agreg\u00f3 que  el consumo regular de esta avena, como parte de una dieta baja en grasa y  colesterol puede ayudar a una buena salud cardiovascular y que por su alto contenido de carbohidratos es una excelente  fuente de energ\u00eda para comenzar el d\u00eda.<br \/>&#13;<br \/>\n  \u00a0<br \/>&#13;<br \/>\n  Gil dijo que con el lanzamiento de este producto, Quaker,  divisi\u00f3n del grupo Pepsico Internacional, contin\u00faa afianzando su filosof\u00eda  enfocada en promover una vida saludable, ahora para los m\u00e1s adultos de la familia. <\/span><\/p>\n<p>&#13;<\/p>\n<h6> 2007-09-06 13:08:02 <\/h6>\n<p><!--\n<link rel=\"stylesheet\" href=\"css\/bootstrap.min.css\">\n\n\n<ul class=\"pagination\">\n\t    \n\t\n\n<li >\n\t<a href='?page_no=28697'>Previous<\/a>\n\t<\/li>\n\n\n       \n    \n\n<li><a href='?page_no=1'>1<\/a><\/li>\n\n\n\n<li><a href='?page_no=2'>2<\/a><\/li>\n\n\n\n<li><a>...<\/a><\/li>\n\n\n\n<li><a href='?page_no=28696'>28696<\/a><\/li>\n\n\n\n<li><a href='?page_no=28697'>28697<\/a><\/li>\n\n\n\n<li class='active'><a>28698<\/a><\/li>\n\n\n\n<li><a href='?page_no=28699'>28699<\/a><\/li>\n\n\n\n<li><a href='?page_no=28700'>28700<\/a><\/li>\n\n\n\n<li><a>...<\/a><\/li>\n\n\n\n<li><a href='?page_no=30472'>30472<\/a><\/li>\n\n\n\n<li><a href='?page_no=30473'>30473<\/a><\/li>\n\n    \n\t\n\n<li >\n\t<a href='?page_no=28699'>Next<\/a>\n\t<\/li>\n\n\n    \n\n<li><a href='?page_no=30473'>Last &rsaquo;&rsaquo;<\/a><\/li>\n\n<\/ul>\n\n\n--><br \/>\n<\/body><\/p>\n","protected":false},"excerpt":{"rendered":"<p>Quaker lanza nueva Avena Coraz\u00f3n Sano&#13; \u00a0&#13; Santo Domingo.- La marca Quaker, divisi\u00f3n del grupo Pepsico Internacional, lanz\u00f3 al mercado nacional la avena Coraz\u00f3n Sano, un nuevo producto alimenticio enfocado en su filosof\u00eda de promover una vida saludable, ahora dirigida a los m\u00e1s adultos de la familia.&#13; \u00a0&#13; La presentaci\u00f3n de la nueva avena se [&hellip;]<\/p>\n","protected":false},"author":3,"featured_media":0,"comment_status":"open","ping_status":"open","sticky":false,"template":"","format":"standard","meta":{"footnotes":""},"categories":[18],"tags":[],"class_list":["post-122818","post","type-post","status-publish","format-standard","hentry","category-economia"],"_links":{"self":[{"href":"https:\/\/diariodominicano.com\/index.php?rest_route=\/wp\/v2\/posts\/122818","targetHints":{"allow":["GET"]}}],"collection":[{"href":"https:\/\/diariodominicano.com\/index.php?rest_route=\/wp\/v2\/posts"}],"about":[{"href":"https:\/\/diariodominicano.com\/index.php?rest_route=\/wp\/v2\/types\/post"}],"author":[{"embeddable":true,"href":"https:\/\/diariodominicano.com\/index.php?rest_route=\/wp\/v2\/users\/3"}],"replies":[{"embeddable":true,"href":"https:\/\/diariodominicano.com\/index.php?rest_route=%2Fwp%2Fv2%2Fcomments&post=122818"}],"version-history":[{"count":0,"href":"https:\/\/diariodominicano.com\/index.php?rest_route=\/wp\/v2\/posts\/122818\/revisions"}],"wp:attachment":[{"href":"https:\/\/diariodominicano.com\/index.php?rest_route=%2Fwp%2Fv2%2Fmedia&parent=122818"}],"wp:term":[{"taxonomy":"category","embeddable":true,"href":"https:\/\/diariodominicano.com\/index.php?rest_route=%2Fwp%2Fv2%2Fcategories&post=122818"},{"taxonomy":"post_tag","embeddable":true,"href":"https:\/\/diariodominicano.com\/index.php?rest_route=%2Fwp%2Fv2%2Ftags&post=122818"}],"curies":[{"name":"wp","href":"https:\/\/api.w.org\/{rel}","templated":true}]}}