{"id":122817,"date":"2007-09-06T16:01:33","date_gmt":"2007-09-06T16:01:33","guid":{"rendered":"http:\/\/diariodominicano.ddns.net\/?p=122817"},"modified":"2007-09-06T16:01:33","modified_gmt":"2007-09-06T16:01:33","slug":"ejecutivos-y-empleados-del-central-romana-corporation-debaten-principios-del-pacto-global","status":"publish","type":"post","link":"https:\/\/diariodominicano.com\/?p=122817","title":{"rendered":"Ejecutivos y empleados del Central  Romana Corporation debaten principios del Pacto Global."},"content":{"rendered":"<p><body><\/p>\n<p align=\"justify\" class=\"titulogrande1\">Ejecutivos  y empleados del Central Romana Corporation debaten principios del Pacto Global.<\/p>\n<p>&#13;<\/p>\n<p align=\"justify\" class=\"text1noticias\"><strong><img loading=\"lazy\" decoding=\"async\" src=\"http:\/\/localhost:8080\/economia\/pictures\/johnn gagain jr.jpg\" width=\"269\" height=\"396\" hspace=\"4\" align=\"left\" \/>LA ROMANA.- <\/strong>M\u00e1s de 180 ejecutivos y empleados de las distintas  dependencias del Central Romana Corporation participaron activamente en la  \u201cPrimera Conferencia-Taller de Internalizaci\u00f3n de los Principios del Pacto  Global\u201d, actividad en la que formaron una visi\u00f3n y estrategia de dicha empresa  para implementar la iniciativa del Pacto Global de la Organizaci\u00f3n de las  Naciones Unidas (ONU) para combatir la corrupci\u00f3n en todas sus formas, la  extorsi\u00f3n, el soborno, proteger el medio ambiente, erradicar el trabajo  infantil, respetar los derechos humanos y eliminar el trabajo forzoso.<\/p>\n<p>&#13;<\/p>\n<p align=\"justify\" class=\"text1noticias\">El Central Romana Corporation  fue una de las primeras empresas en firmar el Pacto Global en la Rep\u00fablica Dominicana.  En esta ocasi\u00f3n sirvi\u00f3 de anfitriona para la actividad que permiti\u00f3 a sus  empleados conocer los principios que rigen el Pacto Global. Todos participaron  de manera activa y entusiasta. Formados en grupos de trabajo de ocho expusieron  sus consideraciones e inquietudes sobre la tem\u00e1tica y posteriormente la daban a  conocer a los participantes.<\/p>\n<p>&#13;<\/p>\n<p align=\"justify\" class=\"text1noticias\">Un equipo de trabajo del  Pacto Global en la   Rep\u00fablica Dominicana asisti\u00f3 en todo momento a los ejecutivos  y empleados del Central Romana Corporation. Esta actividad es la primera en su  g\u00e9nero y se espera que en los pr\u00f3ximos meses se realicen talleres y  conferencias interactivas con personal de otras empresas importantes que ya  forman parte de la Red  de Empresas del Pacto Global de la Rep\u00fablica Dominicana.<\/p>\n<p>&#13;<\/p>\n<p align=\"justify\" class=\"text1noticias\">El Gerente Ejecutivo del  Pacto Global de la   Organizaci\u00f3n de las Naciones Unidas para la Rep\u00fablica Dominicana,  John R. Gagain Jr, asistido por un equipo de colaboradores, se mantuvo al  frente de los trabajos <br \/>&#13;<br \/>\n  <br \/>&#13;<br \/>\nEl Pacto Global en la Rep\u00fablica Dominicana  es una oportunidad para aprovechar los valores de los diez principios  universales del mismo y convertirlos en una fuerza positiva para el pa\u00eds,  donde, a trav\u00e9s de pr\u00e1cticas responsables empresariales, el sector privado  pueda aportar significativamente al cumplimiento de los Objetivos de Desarrollo  del Milenio (ODM). El empresariado es un elemento clave para el crecimiento y  desarrollo.<\/p>\n<p>&#13;<\/p>\n<p align=\"justify\" class=\"text1noticias\">Al adoptar una estrategia  empresarial basada en \u00abprincipios\u00bb, las compa\u00f1\u00edas miembros se aseguran  de que sus pr\u00e1cticas de \u00abresponsabilidad social corporativa\u00bb  constituyan una contribuci\u00f3n al desarrollo humano, y que los beneficios de la  globalizaci\u00f3n se compartan equitativamente para todos los dominicanos y  dominicanas.<\/p>\n<p>&#13;<\/p>\n<p align=\"justify\" class=\"text1noticias\">Gagain dijo que las causas sociales  propuestas por el Pacto Global de las Naciones Unidas impulsar\u00e1n mayor  competitividad del empresariado, lo cual le otorga una motivaci\u00f3n extra a las  empresas que quieren ser competitivas. En el pa\u00eds se han integrado alrededor de  154 empresas a esta iniciativa y cada d\u00eda crece el entusiasmo de empresarios  dominicanos para integrarse a la   Red.<\/p>\n<p>&#13;<\/p>\n<p align=\"justify\" class=\"text1noticias\">La interacci\u00f3n de empleados y  ejecutivos de la empresa anfitriona \u201cPrimera gener\u00f3 un inusitado entusiasmo.  Todos resaltaron, en distintos enfoques que realizaron, la importancia de que  empresas dominicanas se integren a la   Red para que cumplir con los diez principios universales del  Pacto Global propuesto por las Naciones Unidas.<\/p>\n<p>&#13;<\/p>\n<p align=\"justify\" class=\"text1noticias\">La mesa principal estuvo  compartida por Gagain; por Wilhelm Brower, Asesor del Pacto Global de la ONU, y Eladio Uribe, Director  de Recursos Humanos del Central Romana Corporation. <\/p>\n<p>&#13;<\/p>\n<p align=\"justify\" class=\"text1noticias\">Tambi\u00e9n tuvo una activa  participaci\u00f3n Jos\u00e9 Gregorio Cabrera, Sub-Gerente del Pacto Global en la Rep\u00fablica Dominicana.  Asisti\u00f3, adem\u00e1s, Vivian Sundset, Directora Adjunta de la Comisi\u00f3n Presidencial  sobre los Objetivos del Milenio (COPDES) y un equipo de apoyo del Pacto Global.<\/p>\n<p>&#13;<\/p>\n<p align=\"justify\" class=\"text1noticias\">Uribe, en un breve discurso  de bienvenida a los presentes, refiri\u00f3 que el Central Romana Corporation es una  empresa en constante crecimiento, socialmente responsable, que cumple las leyes  vigentes del pa\u00eds en todos los aspectos y destina cuantiosos recursos en  programas de acci\u00f3n comunitaria.<\/p>\n<p>&#13;<\/p>\n<p align=\"justify\" class=\"text1noticias\">Record\u00f3 que el Central Romana  Corporation fue una de las primeras empresas que firm\u00f3 el Pacto Global y  exhort\u00f3 a empresarios dominicanos a que se integren a la Red de Empresas Dominicanas  del Pacto Global para que disfruten de los beneficios de esta iniciativa de la ONU que cada d\u00eda gana m\u00e1s  espacio en todas las naciones del mundo, hoy en d\u00eda con m\u00e1s de 3,000 empresas  miembros en 90 pa\u00edses.<\/p>\n<p>&#13;<\/p>\n<p align=\"justify\" class=\"text1noticias\">De su lado, el licenciado  Gagain agradeci\u00f3 \u201ctodo el esfuerzo realizado por el Central Romana Corporation\u201d  por integrarse y desarrollar los principios del Pacto Global. Hizo un recuento,  apoyado con im\u00e1genes, sobre los comienzos de esta iniciativa universal, desde  1999, cuya propuesta es del ex Secretario General de ONU, Kofi Annan.<\/p>\n<p>&#13;<\/p>\n<p align=\"justify\" class=\"text1noticias\">Gagain fue enf\u00e1tico cuando  afirm\u00f3 que no se puede abrigar la idea de que los gobiernos van a resolver  todos los problemas sociales y econ\u00f3micos en sus respectivos pa\u00edses.<\/p>\n<p>&#13;<\/p>\n<p align=\"justify\" class=\"text1noticias\">Subray\u00f3 que hay que convertir  la globalizaci\u00f3n, el crecimiento existente entre miles de empresas en todo el  mundo, \u201cen una fuerza positiva\u201d. Record\u00f3, adem\u00e1s, que el Pacto Global es una  iniciativa voluntaria y que el mismo conlleva retos, oportunidades y valores.<\/p>\n<p>&#13;<\/p>\n<h6> 2007-09-06 16:01:33 <\/h6>\n<p><!--\n<link rel=\"stylesheet\" href=\"css\/bootstrap.min.css\">\n\n\n<ul class=\"pagination\">\n\t    \n\t\n\n<li >\n\t<a href='?page_no=28696'>Previous<\/a>\n\t<\/li>\n\n\n       \n    \n\n<li><a href='?page_no=1'>1<\/a><\/li>\n\n\n\n<li><a href='?page_no=2'>2<\/a><\/li>\n\n\n\n<li><a>...<\/a><\/li>\n\n\n\n<li><a href='?page_no=28695'>28695<\/a><\/li>\n\n\n\n<li><a href='?page_no=28696'>28696<\/a><\/li>\n\n\n\n<li class='active'><a>28697<\/a><\/li>\n\n\n\n<li><a href='?page_no=28698'>28698<\/a><\/li>\n\n\n\n<li><a href='?page_no=28699'>28699<\/a><\/li>\n\n\n\n<li><a>...<\/a><\/li>\n\n\n\n<li><a href='?page_no=30472'>30472<\/a><\/li>\n\n\n\n<li><a href='?page_no=30473'>30473<\/a><\/li>\n\n    \n\t\n\n<li >\n\t<a href='?page_no=28698'>Next<\/a>\n\t<\/li>\n\n\n    \n\n<li><a href='?page_no=30473'>Last &rsaquo;&rsaquo;<\/a><\/li>\n\n<\/ul>\n\n\n--><br \/>\n<\/body><\/p>\n","protected":false},"excerpt":{"rendered":"<p>Ejecutivos y empleados del Central Romana Corporation debaten principios del Pacto Global. &#13; LA ROMANA.- M\u00e1s de 180 ejecutivos y empleados de las distintas dependencias del Central Romana Corporation participaron activamente en la \u201cPrimera Conferencia-Taller de Internalizaci\u00f3n de los Principios del Pacto Global\u201d, actividad en la que formaron una visi\u00f3n y estrategia de dicha empresa [&hellip;]<\/p>\n","protected":false},"author":3,"featured_media":0,"comment_status":"open","ping_status":"open","sticky":false,"template":"","format":"standard","meta":{"footnotes":""},"categories":[18],"tags":[],"class_list":["post-122817","post","type-post","status-publish","format-standard","hentry","category-economia"],"_links":{"self":[{"href":"https:\/\/diariodominicano.com\/index.php?rest_route=\/wp\/v2\/posts\/122817","targetHints":{"allow":["GET"]}}],"collection":[{"href":"https:\/\/diariodominicano.com\/index.php?rest_route=\/wp\/v2\/posts"}],"about":[{"href":"https:\/\/diariodominicano.com\/index.php?rest_route=\/wp\/v2\/types\/post"}],"author":[{"embeddable":true,"href":"https:\/\/diariodominicano.com\/index.php?rest_route=\/wp\/v2\/users\/3"}],"replies":[{"embeddable":true,"href":"https:\/\/diariodominicano.com\/index.php?rest_route=%2Fwp%2Fv2%2Fcomments&post=122817"}],"version-history":[{"count":0,"href":"https:\/\/diariodominicano.com\/index.php?rest_route=\/wp\/v2\/posts\/122817\/revisions"}],"wp:attachment":[{"href":"https:\/\/diariodominicano.com\/index.php?rest_route=%2Fwp%2Fv2%2Fmedia&parent=122817"}],"wp:term":[{"taxonomy":"category","embeddable":true,"href":"https:\/\/diariodominicano.com\/index.php?rest_route=%2Fwp%2Fv2%2Fcategories&post=122817"},{"taxonomy":"post_tag","embeddable":true,"href":"https:\/\/diariodominicano.com\/index.php?rest_route=%2Fwp%2Fv2%2Ftags&post=122817"}],"curies":[{"name":"wp","href":"https:\/\/api.w.org\/{rel}","templated":true}]}}