{"id":122816,"date":"2007-09-06T18:38:14","date_gmt":"2007-09-06T18:38:14","guid":{"rendered":"http:\/\/diariodominicano.ddns.net\/?p=122816"},"modified":"2007-09-06T18:38:14","modified_gmt":"2007-09-06T18:38:14","slug":"banco-agricola-libera-la-cartera-de-credito-en-el-campo","status":"publish","type":"post","link":"https:\/\/diariodominicano.com\/?p=122816","title":{"rendered":"Banco Agr\u00edcola libera la cartera de cr\u00e9dito en el campo"},"content":{"rendered":"<p><body><\/p>\n<p class=\"titulogrande1\">Banco Agr\u00edcola libera la cartera de cr\u00e9dito en el  campo <\/p>\n<p>&#13;<\/p>\n<p align=\"justify\" class=\"text1noticias\">El Banco  Agr\u00edcola aumenta en un 14.2% las formalizaciones de pr\u00e9stamos <\/p>\n<p>&#13;<\/p>\n<p align=\"justify\" class=\"text1noticias\"><strong><img loading=\"lazy\" decoding=\"async\" src=\"http:\/\/localhost:8080\/economia\/pictures\/paino abreu.jpg\" width=\"269\" height=\"184\" hspace=\"4\" align=\"left\" \/>SANTO DOMINGO.-<\/strong> El  administrador del Banco Agr\u00edcola, Pa\u00edno Abreu Collado, anunci\u00f3 una liberaci\u00f3n  de la cartera cr\u00e9dito de la instituci\u00f3n con el objetivo de permitir a los  diferentes sectores productivos y usuarios de la zona rural el acceso a los  recursos financieros, y revel\u00f3 que en los primeros ocho meses de este a\u00f1o los  pr\u00e9stamos formalizados entre los productores agropecuarios registraron un  aumento de un 14.2 por ciento con relaci\u00f3n al mismo per\u00edodo de 2006. <\/p>\n<p>&#13;<\/p>\n<p align=\"justify\" class=\"text1noticias\">Abreu Collado  inst\u00f3 a los gerentes de las sucursales del Bagr\u00edcola a que visiten a micros,  peque\u00f1os y medianos empresarios, a personas individuales, agroindustriales y  productores agropecuarios para orientarlos sobre el papel que jugar\u00e1 el nuevo  banco de desarrollo rural en el campo. <\/p>\n<p>&#13;<\/p>\n<p align=\"justify\" class=\"text1noticias\">Durante una  jornada de trabajo de un d\u00eda con los gerentes y directores en el sal\u00f3n de  Adiestramiento de la oficina principal de la instituci\u00f3n, el administrador del  Banco Agr\u00edcola dijo que la poblaci\u00f3n que reside en la zona rural debe conocer  lo que ser\u00e1 el nuevo banco y utilizar los pr\u00e9stamos que\u00a0 comienza a ofrecer para el desarrollo de  diferentes proyectos en la zona rural. <\/p>\n<p>&#13;<\/p>\n<p align=\"justify\" class=\"text1noticias\">Abreu Collado  inform\u00f3 que en el per\u00edodo enero-agosto de este a\u00f1o los productores  agropecuarios formalizaron pr\u00e9stamos por un monto de 4,035.9 millones de pesos,  cuando en el mismo per\u00edodo de 2006 fueron de RD$3,534.7 millones. <\/p>\n<p>&#13;<\/p>\n<p align=\"justify\" class=\"text1noticias\">Dijo que los  desembolsos pasaron de 3,166.9 millones de pesos de enero a agosto de 2006, a  RD$3,914.4 millones en el mismo per\u00edodo de este a\u00f1o, lo que significa un  incremento de un 18 por ciento. <\/p>\n<p>&#13;<\/p>\n<p align=\"justify\" class=\"text1noticias\">Los desembolsos  fueron recibidos por productores de arroz, habichuelas, ajo, cebolla, pl\u00e1tano,  guineo, yuca, papa, aguacate, mango, tomate, batata, yaut\u00eda, lechosa, mel\u00f3n,  sand\u00eda, coco, cacao y caf\u00e9, as\u00ed como a ganaderos, avicultores y propietarios de  invernaderos. <br \/>&#13;<br \/>\n\u00a0\u00a0\u00a0\u00a0\u00a0\u00a0\u00a0\u00a0\u00a0\u00a0\u00a0\u00a0\u00a0\u00a0\u00a0\u00a0\u00a0\u00a0\u00a0\u00a0\u00a0\u00a0\u00a0\u00a0\u00a0\u00a0\u00a0\u00a0\u00a0\u00a0\u00a0\u00a0\u00a0\u00a0\u00a0\u00a0\u00a0\u00a0\u00a0\u00a0\u00a0\u00a0\u00a0 <br \/>&#13;<br \/>\nDurante la  jornada de trabajo, la comisi\u00f3n de t\u00e9cnicos responsable de preparar el proyecto  de reforma del Banco Agr\u00edcola, encabezada por Abreu Collado, present\u00f3 a los  gerentes de las sucursales el plan que se utilizar\u00eda para transformaci\u00f3n del  Bagr\u00edcola en un banco de desarrollo rural. <br \/>&#13;<br \/>\n\u00a0\u00a0\u00a0\u00a0\u00a0 <br \/>&#13;<br \/>\nAdem\u00e1s, los  t\u00e9cnicos Jorge Montesinos y Roberto Keil Montoya, de la Asociaci\u00f3n  Latinoamericana de Instituciones Financieras para el Desarrollo (ALIDE),  expusieron sobre calificaci\u00f3n de riesgo en la banca, haciendo \u00e9nfasis en los  riesgos: estrat\u00e9gico, sist\u00e9mico, pa\u00eds, regulatorio, medioambiental, operativo,  de cr\u00e9dito y de mercado <\/p>\n<p>&#13;<\/p>\n<p align=\"justify\" class=\"text1noticias\">En tanto, el  ingeniero Luis Arroyo, vicepresidente ejecutivo de la compa\u00f1\u00eda TecSol,  distribuidora de paneles solares, hizo una presentaci\u00f3n sobre los diferentes  equipos que ofrece para el suministro de una energ\u00eda limpia, y con ello el  ahorro de divisas a la econom\u00eda del pa\u00eds. <\/p>\n<p>&#13;<\/p>\n<h6> 2007-09-06 18:38:14 <\/h6>\n<p><!--\n<link rel=\"stylesheet\" href=\"css\/bootstrap.min.css\">\n\n\n<ul class=\"pagination\">\n\t    \n\t\n\n<li >\n\t<a href='?page_no=28695'>Previous<\/a>\n\t<\/li>\n\n\n       \n    \n\n<li><a href='?page_no=1'>1<\/a><\/li>\n\n\n\n<li><a href='?page_no=2'>2<\/a><\/li>\n\n\n\n<li><a>...<\/a><\/li>\n\n\n\n<li><a href='?page_no=28694'>28694<\/a><\/li>\n\n\n\n<li><a href='?page_no=28695'>28695<\/a><\/li>\n\n\n\n<li class='active'><a>28696<\/a><\/li>\n\n\n\n<li><a href='?page_no=28697'>28697<\/a><\/li>\n\n\n\n<li><a href='?page_no=28698'>28698<\/a><\/li>\n\n\n\n<li><a>...<\/a><\/li>\n\n\n\n<li><a href='?page_no=30472'>30472<\/a><\/li>\n\n\n\n<li><a href='?page_no=30473'>30473<\/a><\/li>\n\n    \n\t\n\n<li >\n\t<a href='?page_no=28697'>Next<\/a>\n\t<\/li>\n\n\n    \n\n<li><a href='?page_no=30473'>Last &rsaquo;&rsaquo;<\/a><\/li>\n\n<\/ul>\n\n\n--><br \/>\n<\/body><\/p>\n","protected":false},"excerpt":{"rendered":"<p>Banco Agr\u00edcola libera la cartera de cr\u00e9dito en el campo &#13; El Banco Agr\u00edcola aumenta en un 14.2% las formalizaciones de pr\u00e9stamos &#13; SANTO DOMINGO.- El administrador del Banco Agr\u00edcola, Pa\u00edno Abreu Collado, anunci\u00f3 una liberaci\u00f3n de la cartera cr\u00e9dito de la instituci\u00f3n con el objetivo de permitir a los diferentes sectores productivos y usuarios [&hellip;]<\/p>\n","protected":false},"author":3,"featured_media":0,"comment_status":"open","ping_status":"open","sticky":false,"template":"","format":"standard","meta":{"footnotes":""},"categories":[18],"tags":[],"class_list":["post-122816","post","type-post","status-publish","format-standard","hentry","category-economia"],"_links":{"self":[{"href":"https:\/\/diariodominicano.com\/index.php?rest_route=\/wp\/v2\/posts\/122816","targetHints":{"allow":["GET"]}}],"collection":[{"href":"https:\/\/diariodominicano.com\/index.php?rest_route=\/wp\/v2\/posts"}],"about":[{"href":"https:\/\/diariodominicano.com\/index.php?rest_route=\/wp\/v2\/types\/post"}],"author":[{"embeddable":true,"href":"https:\/\/diariodominicano.com\/index.php?rest_route=\/wp\/v2\/users\/3"}],"replies":[{"embeddable":true,"href":"https:\/\/diariodominicano.com\/index.php?rest_route=%2Fwp%2Fv2%2Fcomments&post=122816"}],"version-history":[{"count":0,"href":"https:\/\/diariodominicano.com\/index.php?rest_route=\/wp\/v2\/posts\/122816\/revisions"}],"wp:attachment":[{"href":"https:\/\/diariodominicano.com\/index.php?rest_route=%2Fwp%2Fv2%2Fmedia&parent=122816"}],"wp:term":[{"taxonomy":"category","embeddable":true,"href":"https:\/\/diariodominicano.com\/index.php?rest_route=%2Fwp%2Fv2%2Fcategories&post=122816"},{"taxonomy":"post_tag","embeddable":true,"href":"https:\/\/diariodominicano.com\/index.php?rest_route=%2Fwp%2Fv2%2Ftags&post=122816"}],"curies":[{"name":"wp","href":"https:\/\/api.w.org\/{rel}","templated":true}]}}