{"id":122814,"date":"2007-09-06T19:55:27","date_gmt":"2007-09-06T19:55:27","guid":{"rendered":"http:\/\/diariodominicano.ddns.net\/?p=122814"},"modified":"2007-09-06T19:55:27","modified_gmt":"2007-09-06T19:55:27","slug":"van-der-horst-alvarez-participa-en-china-en-reunion-de-lideres-analizan-desafios-humanidad","status":"publish","type":"post","link":"https:\/\/diariodominicano.com\/?p=122814","title":{"rendered":"Van Der Horst \u00c1lvarez participa en China en reuni\u00f3n de l\u00edderes analizan desaf\u00edos humanidad"},"content":{"rendered":"<p><body><\/p>\n<p align=\"justify\" class=\"titulogrande1\">Van Der Horst \u00c1lvarez participa en China en reuni\u00f3n de l\u00edderes analizan  desaf\u00edos humanidad<\/p>\n<p>&#13;<\/p>\n<p align=\"justify\" class=\"text1noticias\"><strong><img loading=\"lazy\" decoding=\"async\" src=\"http:\/\/localhost:8080\/economia\/pictures\/andres van der horst 2.jpg\" width=\"269\" height=\"255\" hspace=\"4\" align=\"left\" \/>SANTO DOMINGO.- <\/strong>El director  ejecutivo del Consejo Nacional de Competitividad, Andr\u00e9s van der Horst \u00c1lvarez participa en \u00a0la tercera cumbre anual del foro de j\u00f3venes l\u00edderes  del mundo que se inici\u00f3 el martes en Dalian, China, en la que se analizar\u00e1n los  desaf\u00edos m\u00e1s grandes que tiene la humanidad.<\/p>\n<p>&#13;<\/p>\n<p align=\"justify\" class=\"text1noticias\">Van der Horst \u00c1lvarez es el \u00fanico  dominicano elegido, entre un\u00a0 selecto  grupo de j\u00f3venes de Am\u00e9rica Latina que con sus pares de todo el mundo  discutir\u00e1n sobre salud, educaci\u00f3n, ambiente, gobierno global, as\u00ed como  desarrollo y pobreza.<\/p>\n<p>&#13;<\/p>\n<p align=\"justify\" class=\"text1noticias\"> En el encuentro participan 250  l\u00edderes que representan a 61 pa\u00edses de seis continentes, comprometidos con  crear un nuevo modelo de la direcci\u00f3n para el futuro. <\/p>\n<p>&#13;<\/p>\n<p align=\"justify\" class=\"text1noticias\">Este encuentro es coordinado por el  Foro Econ\u00f3mico Mundial.\u00a0 Esta reuni\u00f3n de  j\u00f3venes se har\u00e1 en paralelo con \u00a0el  encuentro anual de nuevos campeones, que inicia el seis de septiembre. <\/p>\n<p>&#13;<\/p>\n<p align=\"justify\" class=\"text1noticias\">Ambas citas  finalizar\u00e1n el s\u00e1bado ocho.<\/p>\n<p>&#13;<\/p>\n<p align=\"justify\" class=\"text1noticias\">La uni\u00f3n de estas dos reuniones  viene dada del hecho de que los nuevos l\u00edderes y los innovadores entienden que  la sociedad est\u00e1 cambiando, por lo que se necesita de j\u00f3venes que est\u00e9n  preparados para impulsar esa renovaci\u00f3n. Y es que\u00a0 la reuni\u00f3n anual inaugural de los nuevos  campeones en Dalian provee a estos nuevos jugadores una plataforma de gran  alcance para accionar rec\u00edprocamente con los l\u00edderes globales actuales.<\/p>\n<p>&#13;<\/p>\n<p align=\"justify\" class=\"text1noticias\">Entre los temas que analizar\u00e1n los  j\u00f3venes l\u00edderes y los nuevos campeones est\u00e1n la volatilidad financiera, el  crecimiento de la econom\u00eda mundial, as\u00ed como el dinamismo de las econom\u00edas  emergentes. Tambi\u00e9n las tendencias principales y los desaf\u00edos cr\u00edticos de la  econom\u00eda global. <\/p>\n<p>&#13;<\/p>\n<h6> 2007-09-06 19:55:27 <\/h6>\n<p><!--\n<link rel=\"stylesheet\" href=\"css\/bootstrap.min.css\">\n\n\n<ul class=\"pagination\">\n\t    \n\t\n\n<li >\n\t<a href='?page_no=28693'>Previous<\/a>\n\t<\/li>\n\n\n       \n    \n\n<li><a href='?page_no=1'>1<\/a><\/li>\n\n\n\n<li><a href='?page_no=2'>2<\/a><\/li>\n\n\n\n<li><a>...<\/a><\/li>\n\n\n\n<li><a href='?page_no=28692'>28692<\/a><\/li>\n\n\n\n<li><a href='?page_no=28693'>28693<\/a><\/li>\n\n\n\n<li class='active'><a>28694<\/a><\/li>\n\n\n\n<li><a href='?page_no=28695'>28695<\/a><\/li>\n\n\n\n<li><a href='?page_no=28696'>28696<\/a><\/li>\n\n\n\n<li><a>...<\/a><\/li>\n\n\n\n<li><a href='?page_no=30472'>30472<\/a><\/li>\n\n\n\n<li><a href='?page_no=30473'>30473<\/a><\/li>\n\n    \n\t\n\n<li >\n\t<a href='?page_no=28695'>Next<\/a>\n\t<\/li>\n\n\n    \n\n<li><a href='?page_no=30473'>Last &rsaquo;&rsaquo;<\/a><\/li>\n\n<\/ul>\n\n\n--><br \/>\n<\/body><\/p>\n","protected":false},"excerpt":{"rendered":"<p>Van Der Horst \u00c1lvarez participa en China en reuni\u00f3n de l\u00edderes analizan desaf\u00edos humanidad &#13; SANTO DOMINGO.- El director ejecutivo del Consejo Nacional de Competitividad, Andr\u00e9s van der Horst \u00c1lvarez participa en \u00a0la tercera cumbre anual del foro de j\u00f3venes l\u00edderes del mundo que se inici\u00f3 el martes en Dalian, China, en la que se [&hellip;]<\/p>\n","protected":false},"author":3,"featured_media":0,"comment_status":"open","ping_status":"open","sticky":false,"template":"","format":"standard","meta":{"footnotes":""},"categories":[18],"tags":[],"class_list":["post-122814","post","type-post","status-publish","format-standard","hentry","category-economia"],"_links":{"self":[{"href":"https:\/\/diariodominicano.com\/index.php?rest_route=\/wp\/v2\/posts\/122814","targetHints":{"allow":["GET"]}}],"collection":[{"href":"https:\/\/diariodominicano.com\/index.php?rest_route=\/wp\/v2\/posts"}],"about":[{"href":"https:\/\/diariodominicano.com\/index.php?rest_route=\/wp\/v2\/types\/post"}],"author":[{"embeddable":true,"href":"https:\/\/diariodominicano.com\/index.php?rest_route=\/wp\/v2\/users\/3"}],"replies":[{"embeddable":true,"href":"https:\/\/diariodominicano.com\/index.php?rest_route=%2Fwp%2Fv2%2Fcomments&post=122814"}],"version-history":[{"count":0,"href":"https:\/\/diariodominicano.com\/index.php?rest_route=\/wp\/v2\/posts\/122814\/revisions"}],"wp:attachment":[{"href":"https:\/\/diariodominicano.com\/index.php?rest_route=%2Fwp%2Fv2%2Fmedia&parent=122814"}],"wp:term":[{"taxonomy":"category","embeddable":true,"href":"https:\/\/diariodominicano.com\/index.php?rest_route=%2Fwp%2Fv2%2Fcategories&post=122814"},{"taxonomy":"post_tag","embeddable":true,"href":"https:\/\/diariodominicano.com\/index.php?rest_route=%2Fwp%2Fv2%2Ftags&post=122814"}],"curies":[{"name":"wp","href":"https:\/\/api.w.org\/{rel}","templated":true}]}}