{"id":122810,"date":"2007-09-07T19:28:44","date_gmt":"2007-09-07T19:28:44","guid":{"rendered":"http:\/\/diariodominicano.ddns.net\/?p=122810"},"modified":"2007-09-07T19:28:44","modified_gmt":"2007-09-07T19:28:44","slug":"experto-en-calidad-afirma-prevalecera-en-el-futuro-gente-de-pensamiento-rapido-y-efectivo","status":"publish","type":"post","link":"https:\/\/diariodominicano.com\/?p=122810","title":{"rendered":"Experto en calidad afirma prevalecer\u00e1 en el futuro gente de pensamiento r\u00e1pido y efectivo"},"content":{"rendered":"<p><body><\/p>\n<p align=\"justify\" class=\"titulogrande1\">Experto en calidad afirma prevalecer\u00e1 en el futuro  gente de pensamiento r\u00e1pido y efectivo <\/p>\n<p>&#13;<\/p>\n<p align=\"justify\" class=\"text1noticias\"><strong>SANTO DOMINGO.- <\/strong>El experto en calidad, \u00a0Jes\u00fas Gilberto Concepci\u00f3n, afirm\u00f3 que en el  futuro prevalecer\u00e1 la \u00abgente de pensamiento r\u00e1pido y efectivo\u00bb que  manejar\u00e1 la gerencia \u00abentre la Nano tecnolog\u00eda del cerebro y los patrones  tradicionales de pensamiento\u00bb. <br \/>&#13;<br \/>\n  <br \/>&#13;<br \/>\n  Concepci\u00f3n hizo el planteamiento en su conferencia  \u00abImportancia de la innovaci\u00f3n en el recurso humano\u00bb, que dict\u00f3 en el  IX Congreso ARAFP sobre Medicamentos: Innovaci\u00f3n, Log\u00edstica y Acreditaci\u00f3n, que  se celebr\u00f3 en esta capital. <br \/>&#13;<br \/>\n  <br \/>&#13;<br \/>\n  \u00abQu\u00e9 nos espera en el futuro?\u00bb, se  pregunt\u00f3 el autor del libro \u00abSimplemente Calidad\u00bb utilizado por  organizaciones a nivel nacional e internacional, y a seguidas, expres\u00f3:  \u00abSolo nosotros podemos mejorar el futuro de nuestras organizaciones\u00bb. <br \/>&#13;<br \/>\n<br \/>&#13;<br \/>\nConcepci\u00f3n manifest\u00f3 en su intervenci\u00f3n que la  nueva revisi\u00f3n de la ISO-9000-2000 que saldr\u00e1 a la luz p\u00fablica en octubre del  2008 \u00a0 con las siglas de ISO-9000-2008 \u00abno tendr\u00e1 nuevas innovaciones  ya que considera que en lo relacionado al cuarteto Deming de Planificar, Hacer,  Revisar y Actuar, las mayor\u00edas de las organizaciones y personas est\u00e1n bien  entendidas en los tres primeros aspectos. <br \/>&#13;<br \/>\n<br \/>&#13;<br \/>\nDijo, sin embargo, que en lo relacionado a la  condici\u00f3n de actuar es necesario hacer modificaciones. Agrego que actuar se  refiere b\u00e1sicamente a una condici\u00f3n humana y para hacerlo con la mayor  posibilidad de \u00e9xitos es necesario que en las organizaciones existan las  debidas personas con actitudes y aptitudes tanto de liderazgo como de gerencia  las cuales est\u00e1n relacionadas a la creatividad y la innovaci\u00f3n. <br \/>&#13;<br \/>\n<br \/>&#13;<br \/>\nConcepci\u00f3n present\u00f3 el modelo desarrollado por  \u00e9l bajo las siglas de SED (Sistemas de Evaluaciones Din\u00e1micas) que permite  estimar las condiciones tanto de liderazgo como de gerencia que exhiben las  personas y los grupos con la finalidad de hacer los ajustes necesarios para que  la actuaci\u00f3n sea la mas efectiva posible. <\/p>\n<p>&#13;<\/p>\n<p align=\"justify\" class=\"text1noticias\">El disertante dio ejemplos en organizaciones tanto de  bienes como de servicios, en el deporte y en la educaci\u00f3n que utilizan este  modelo para catapultar los procesos de mejoramiento. <br \/>&#13;<br \/>\n  <br \/>&#13;<br \/>\nSostuvo que el cerebro es la maquinaria poderosa  de este siglo y de toda la vida, y tras analizar la din\u00e1mica de la calidad en  la aplicaci\u00f3n de proyectos y por qu\u00e9 se falla gerenciando el cambio, Concepci\u00f3n  plante\u00f3 que el activo mas importante de una organizaci\u00f3n no est\u00e1 en la gente  sino en la gente con actitud positiva. <br \/>&#13;<br \/>\n<br \/>&#13;<br \/>\nRatific\u00f3 su planteamiento de que el liderazgo  est\u00e1 asociado con la creatividad y la gerencia con la innovaci\u00f3n, al tiempo que  dijo que \u00abpara tener \u00e9xito se necesita tener condici\u00f3n de l\u00edder y gerente  al mismo tiempo\u00bb. <\/p>\n<p>&#13;<\/p>\n<h6> 2007-09-07 19:28:44 <\/h6>\n<p><!--\n<link rel=\"stylesheet\" href=\"css\/bootstrap.min.css\">\n\n\n<ul class=\"pagination\">\n\t    \n\t\n\n<li >\n\t<a href='?page_no=28689'>Previous<\/a>\n\t<\/li>\n\n\n       \n    \n\n<li><a href='?page_no=1'>1<\/a><\/li>\n\n\n\n<li><a href='?page_no=2'>2<\/a><\/li>\n\n\n\n<li><a>...<\/a><\/li>\n\n\n\n<li><a href='?page_no=28688'>28688<\/a><\/li>\n\n\n\n<li><a href='?page_no=28689'>28689<\/a><\/li>\n\n\n\n<li class='active'><a>28690<\/a><\/li>\n\n\n\n<li><a href='?page_no=28691'>28691<\/a><\/li>\n\n\n\n<li><a href='?page_no=28692'>28692<\/a><\/li>\n\n\n\n<li><a>...<\/a><\/li>\n\n\n\n<li><a href='?page_no=30472'>30472<\/a><\/li>\n\n\n\n<li><a href='?page_no=30473'>30473<\/a><\/li>\n\n    \n\t\n\n<li >\n\t<a href='?page_no=28691'>Next<\/a>\n\t<\/li>\n\n\n    \n\n<li><a href='?page_no=30473'>Last &rsaquo;&rsaquo;<\/a><\/li>\n\n<\/ul>\n\n\n--><br \/>\n<\/body><\/p>\n","protected":false},"excerpt":{"rendered":"<p>Experto en calidad afirma prevalecer\u00e1 en el futuro gente de pensamiento r\u00e1pido y efectivo &#13; SANTO DOMINGO.- El experto en calidad, \u00a0Jes\u00fas Gilberto Concepci\u00f3n, afirm\u00f3 que en el futuro prevalecer\u00e1 la \u00abgente de pensamiento r\u00e1pido y efectivo\u00bb que manejar\u00e1 la gerencia \u00abentre la Nano tecnolog\u00eda del cerebro y los patrones tradicionales de pensamiento\u00bb. &#13; &#13; [&hellip;]<\/p>\n","protected":false},"author":3,"featured_media":0,"comment_status":"open","ping_status":"open","sticky":false,"template":"","format":"standard","meta":{"footnotes":""},"categories":[18],"tags":[],"class_list":["post-122810","post","type-post","status-publish","format-standard","hentry","category-economia"],"_links":{"self":[{"href":"https:\/\/diariodominicano.com\/index.php?rest_route=\/wp\/v2\/posts\/122810","targetHints":{"allow":["GET"]}}],"collection":[{"href":"https:\/\/diariodominicano.com\/index.php?rest_route=\/wp\/v2\/posts"}],"about":[{"href":"https:\/\/diariodominicano.com\/index.php?rest_route=\/wp\/v2\/types\/post"}],"author":[{"embeddable":true,"href":"https:\/\/diariodominicano.com\/index.php?rest_route=\/wp\/v2\/users\/3"}],"replies":[{"embeddable":true,"href":"https:\/\/diariodominicano.com\/index.php?rest_route=%2Fwp%2Fv2%2Fcomments&post=122810"}],"version-history":[{"count":0,"href":"https:\/\/diariodominicano.com\/index.php?rest_route=\/wp\/v2\/posts\/122810\/revisions"}],"wp:attachment":[{"href":"https:\/\/diariodominicano.com\/index.php?rest_route=%2Fwp%2Fv2%2Fmedia&parent=122810"}],"wp:term":[{"taxonomy":"category","embeddable":true,"href":"https:\/\/diariodominicano.com\/index.php?rest_route=%2Fwp%2Fv2%2Fcategories&post=122810"},{"taxonomy":"post_tag","embeddable":true,"href":"https:\/\/diariodominicano.com\/index.php?rest_route=%2Fwp%2Fv2%2Ftags&post=122810"}],"curies":[{"name":"wp","href":"https:\/\/api.w.org\/{rel}","templated":true}]}}