{"id":122809,"date":"2007-09-07T19:58:09","date_gmt":"2007-09-07T19:58:09","guid":{"rendered":"http:\/\/diariodominicano.ddns.net\/?p=122809"},"modified":"2007-09-07T19:58:09","modified_gmt":"2007-09-07T19:58:09","slug":"destaca-tendencias-positivas-en-el-sector-zonas-francas-recorre-calles-de-santiago","status":"publish","type":"post","link":"https:\/\/diariodominicano.com\/?p=122809","title":{"rendered":"Destaca tendencias positivas en el sector Zonas Francas; recorre calles de Santiago"},"content":{"rendered":"<p><body><\/p>\n<p align=\"justify\" class=\"titulogrande1\">Destaca tendencias positivas en el sector Zonas  Francas; recorre calles de Santiago<\/p>\n<p>&#13;<\/p>\n<p align=\"justify\" class=\"text1noticias\"><strong><img loading=\"lazy\" decoding=\"async\" src=\"http:\/\/localhost:8080\/economia\/pictures\/leonel empresarios villa magisterial.jpg\" width=\"269\" height=\"195\" hspace=\"4\" align=\"left\" \/>SANTIAGO.<\/strong> El presidente Leonel Fern\u00e1ndez  consider\u00f3 \u00a0que las tendencias positivas  empiezan a darse en el sector de zona franca, en el sentido de un cambio en el  entorno global, sobre todo en lo textil y prendas de vestir.<br \/>&#13;<br \/>\n  <br \/>&#13;<br \/>\n  Hizo la afirmaci\u00f3n al t\u00e9rmino de un encuentro que sostuvo  con los directivos de la Asociaci\u00f3n Dominicana de Zonas Francas (ADOZONA),  donde analizaron la situaci\u00f3n de la econom\u00eda nacional, en relaci\u00f3n a ese  sector.<br \/>&#13;<br \/>\n  <br \/>&#13;<br \/>\n  Dijo \u00a0que adem\u00e1s analizaron la forma en que las  autoridades y miembros del sector pueden aprovechar las nuevas oportunidades  que se crean para que sean beneficiosas para las zonas francas de Santiago y  del Cibao, as\u00ed como para el buen desempe\u00f1o de la econom\u00eda nacional y para  reactivar la creaci\u00f3n de empleos.<br \/>&#13;<br \/>\n  <br \/>&#13;<br \/>\n\u00abDe manera que estamos viendo esa  tendencia, estamos viendo que son positivas, que pueden ser favorables para la Rep\u00fablica Dominicana  y como ahora adoptamos medidas en el plano interno que contribuyen a fortalecer  esas oportunidades que se van a crear\u00bb, dijo Fern\u00e1ndez., quien  posteriormente comparti\u00f3 en un almuerzo con los empresarios. <br \/>&#13;<br \/>\n<br \/>&#13;<br \/>\nJunto al Jefe del Estado \u00a0tambi\u00e9n estuvo el vicepresidente, Rafael  Alburquerque, los secretarios de Estado de Hacienda, Vicente Bengoa, de  Industria y Comercio, Melanio Paredes, de Econom\u00eda, Planificaci\u00f3n y Desarrollo,  Tem\u00edstocles Mont\u00e1s, de Obras P\u00fablicas y Comunicaciones, V\u00edctor D\u00edaz R\u00faa y  Administrativo de la   Presidencia, Luis Manuel Bonetti y de Trabajo, Jos\u00e9 Ram\u00f3n  Fadul.<br \/>&#13;<br \/>\n<br \/>&#13;<br \/>\nTambi\u00e9n asisti\u00f3 la presidenta del consejo de  Adozona, Luisa Fern\u00e1ndez, el senador Francisco Dom\u00ednguez Brito, y el directivo  de Adozona, Jos\u00e9 Clase.<br \/>&#13;<br \/>\n<br \/>&#13;<br \/>\nEn el almuerzo ofrecido en las instalaciones  de la empresa Caribbean Park, en la zona franca del grupo M, estuvieron  presentes el director general de Aduanas, Miguel Cocco, de Impuestos Internos,  Juan Hern\u00e1ndez y los superintendentes de Bancos y de Seguros, Rafael Camilo y  Euclides Guti\u00e9rrez F\u00e9lix, respectivamente. <br \/>&#13;<br \/>\n<br \/>&#13;<br \/>\nEl presidente de ADOZONA, Fernando Capell\u00e1n,  agradeci\u00f3 la presencia del presidente Leonel Fern\u00e1ndez \u00a0y de funcionarios del Gobierno. <br \/>&#13;<br \/>\n<br \/>&#13;<br \/>\nPosteriormente, el Presidente Fern\u00e1ndez se  traslad\u00f3 a la empresa General Cigar Dominicana, fabricante de cigarros para la  exportaci\u00f3n, donde se reuni\u00f3 con los ejecutivos de esta compa\u00f1\u00eda e hizo un  recorrido por las instalaciones, ubicadas en el parque industrial de Santiago,  recibiendo explicaciones de \u00c1ngel Daniel N\u00fa\u00f1ez y Modesta Fondeur, presidente y  Vicepresidente de la misma, respectivamente.<\/p>\n<p>&#13;<\/p>\n<p align=\"justify\" class=\"text1noticias\"><strong>Recorre  calles de Santiago<\/strong><\/p>\n<p>&#13;<\/p>\n<p align=\"justify\" class=\"text1noticias\"><strong>Santiago.-<\/strong> El presidente Leonel Fern\u00e1ndez realiz\u00f3 este jueves un  recorrido por varios sectores de esta provincia donde el Gobierno ejecuta un  amplio programa de asfaltado de calles.<br \/>&#13;<br \/>\n  <br \/>&#13;<br \/>\n  El Jefe de Estado \u00a0inici\u00f3 el recorrido por el barrio Arroyo Hondo  y luego prosigui\u00f3 por los sectores de Vietnam y Cristo Rey, siendo recibido con  benepl\u00e1cito por sus habitantes.<br \/>&#13;<br \/>\n  <br \/>&#13;<br \/>\n  Los trabajos de pavimentaci\u00f3n de las calles  de estos barrios est\u00e1n a cargo de la   Oficina de Ingenieros Supervisores de Obras del Estado (OISOE),  que dirige F\u00e9lix Bautista.<br \/>&#13;<br \/>\n  <br \/>&#13;<br \/>\n  Esta labor se desarrolla mediante el Programa  Nacional de Asfaltado que lleva a cabo el Gobierno en todo el pa\u00eds a trav\u00e9s de la Secretar\u00eda de Obras  P\u00fablicas y la OISOE.<br \/>&#13;<br \/>\n  <br \/>&#13;<br \/>\n  La pavimentaci\u00f3n de las v\u00edas de estos  sectores contribuir\u00e1 a mejorar las condiciones de vida de los residentes de  esas comunidades. <\/p>\n<p>&#13;<\/p>\n<h6> 2007-09-07 19:58:09 <\/h6>\n<p><!--\n<link rel=\"stylesheet\" href=\"css\/bootstrap.min.css\">\n\n\n<ul class=\"pagination\">\n\t    \n\t\n\n<li >\n\t<a href='?page_no=28688'>Previous<\/a>\n\t<\/li>\n\n\n       \n    \n\n<li><a href='?page_no=1'>1<\/a><\/li>\n\n\n\n<li><a href='?page_no=2'>2<\/a><\/li>\n\n\n\n<li><a>...<\/a><\/li>\n\n\n\n<li><a href='?page_no=28687'>28687<\/a><\/li>\n\n\n\n<li><a href='?page_no=28688'>28688<\/a><\/li>\n\n\n\n<li class='active'><a>28689<\/a><\/li>\n\n\n\n<li><a href='?page_no=28690'>28690<\/a><\/li>\n\n\n\n<li><a href='?page_no=28691'>28691<\/a><\/li>\n\n\n\n<li><a>...<\/a><\/li>\n\n\n\n<li><a href='?page_no=30472'>30472<\/a><\/li>\n\n\n\n<li><a href='?page_no=30473'>30473<\/a><\/li>\n\n    \n\t\n\n<li >\n\t<a href='?page_no=28690'>Next<\/a>\n\t<\/li>\n\n\n    \n\n<li><a href='?page_no=30473'>Last &rsaquo;&rsaquo;<\/a><\/li>\n\n<\/ul>\n\n\n--><br \/>\n<\/body><\/p>\n","protected":false},"excerpt":{"rendered":"<p>Destaca tendencias positivas en el sector Zonas Francas; recorre calles de Santiago &#13; SANTIAGO. El presidente Leonel Fern\u00e1ndez consider\u00f3 \u00a0que las tendencias positivas empiezan a darse en el sector de zona franca, en el sentido de un cambio en el entorno global, sobre todo en lo textil y prendas de vestir.&#13; &#13; Hizo la afirmaci\u00f3n [&hellip;]<\/p>\n","protected":false},"author":3,"featured_media":0,"comment_status":"open","ping_status":"open","sticky":false,"template":"","format":"standard","meta":{"footnotes":""},"categories":[18],"tags":[],"class_list":["post-122809","post","type-post","status-publish","format-standard","hentry","category-economia"],"_links":{"self":[{"href":"https:\/\/diariodominicano.com\/index.php?rest_route=\/wp\/v2\/posts\/122809","targetHints":{"allow":["GET"]}}],"collection":[{"href":"https:\/\/diariodominicano.com\/index.php?rest_route=\/wp\/v2\/posts"}],"about":[{"href":"https:\/\/diariodominicano.com\/index.php?rest_route=\/wp\/v2\/types\/post"}],"author":[{"embeddable":true,"href":"https:\/\/diariodominicano.com\/index.php?rest_route=\/wp\/v2\/users\/3"}],"replies":[{"embeddable":true,"href":"https:\/\/diariodominicano.com\/index.php?rest_route=%2Fwp%2Fv2%2Fcomments&post=122809"}],"version-history":[{"count":0,"href":"https:\/\/diariodominicano.com\/index.php?rest_route=\/wp\/v2\/posts\/122809\/revisions"}],"wp:attachment":[{"href":"https:\/\/diariodominicano.com\/index.php?rest_route=%2Fwp%2Fv2%2Fmedia&parent=122809"}],"wp:term":[{"taxonomy":"category","embeddable":true,"href":"https:\/\/diariodominicano.com\/index.php?rest_route=%2Fwp%2Fv2%2Fcategories&post=122809"},{"taxonomy":"post_tag","embeddable":true,"href":"https:\/\/diariodominicano.com\/index.php?rest_route=%2Fwp%2Fv2%2Ftags&post=122809"}],"curies":[{"name":"wp","href":"https:\/\/api.w.org\/{rel}","templated":true}]}}