{"id":122808,"date":"2007-09-07T20:47:32","date_gmt":"2007-09-07T20:47:32","guid":{"rendered":"http:\/\/diariodominicano.ddns.net\/?p=122808"},"modified":"2007-09-07T20:47:32","modified_gmt":"2007-09-07T20:47:32","slug":"destacan-la-importancia-de-propiedad-industrial-en-la-competitividad","status":"publish","type":"post","link":"https:\/\/diariodominicano.com\/?p=122808","title":{"rendered":"Destacan la importancia de propiedad industrial en la competitividad"},"content":{"rendered":"<p><body><\/p>\n<p class=\"titulogrande1\">Destacan la importancia de propiedad industrial en la competitividad<\/p>\n<p>&#13;<\/p>\n<p align=\"justify\" class=\"text1noticias\"><strong><img loading=\"lazy\" decoding=\"async\" src=\"http:\/\/localhost:8080\/economia\/pictures\/laura del castillo.jpg\" width=\"269\" height=\"222\" hspace=\"4\" align=\"left\" \/>SANTIAGO.- <\/strong>Laura del Castillo y Soraya Rib, especialistas de Clima de  Negocios y Agronegocios del Consejo Nacional de Competitividad estuvieron \u00a0en Santiago promoviendo la importancia de las  herramientas de la propiedad industrial en la competitividad de los empresarios  dominicanos.<\/p>\n<p>&#13;<\/p>\n<p align=\"justify\" class=\"text1noticias\">Del Castillo y Rib fueron panelistas del taller sobre gesti\u00f3n de activos  de propiedad intelectual en peque\u00f1as y medianas empresas del sector  agroindustrial y de las artesan\u00edas.\u00a0 Esta  iniciativa fue coordinada por la Oficina de Propiedad Industrial (ONAPI), la Organizaci\u00f3n Mundial  de la Propiedad   Intelectual y el CNC. Las profesionales intervinieron en el  panel \u201cnecesidades del sector agroindustrial nacional en el marco de los  procesos de identificaci\u00f3n y de constituci\u00f3n de signos distintivos\u201d.<\/p>\n<p>&#13;<\/p>\n<p align=\"justify\" class=\"text1noticias\">De su lado, del Castillo present\u00f3 el caso de la primera marca colectiva  que se entreg\u00f3 en el pa\u00eds, la cual fue otorgada a ADOPRON, ya que la misma fue  el resultado del proyecto promoci\u00f3n de la innovaci\u00f3n y la competitividad a  trav\u00e9s de la propiedad industrial que se realiz\u00f3 en coordinaci\u00f3n del CNC y la  Oficina de Propiedad Industrial.<\/p>\n<p>&#13;<\/p>\n<p align=\"justify\" class=\"text1noticias\">Laura del Castillo destac\u00f3 que las marcas colectivas representan una  estrategia conjunta que es efectiva para enfrentar la apertura de los mercados  internacionales. \u201cUna marca colectiva ayuda a distinguir los atributos de  origen, calidad y tradici\u00f3n de las distintas marcas que puede tener un  producto, con lo cual los due\u00f1os de la misma pueden ser m\u00e1s competitivos en la  cancha de la hipercompetencia\u201d<\/p>\n<p>&#13;<\/p>\n<p align=\"justify\" class=\"text1noticias\">Indic\u00f3 adem\u00e1s que seg\u00fan ese proyecto que llevaron a cabo con ONAPI se  determinaron los productos dominicanos que podr\u00edan ser susceptibles de tener  una \u201cdenominaci\u00f3n de origen\u201d, otra de las herramientas de la propiedad  industrial. Esos productos estar\u00edan ubicados en tres macro-regiones, a saber,  la norte, suroeste y sureste.\u00a0 En la  primera se podr\u00edan integrar al caf\u00e9, cacao, tabaco, \u00e1mbar azul, casabe y barro  de bonao, en la suroeste el mango banilejo, el larimar y la sal gema, mientras  que en el sureste el mab\u00ed seibano, guavaberry y la talabarter\u00eda. <\/p>\n<p>&#13;<\/p>\n<p align=\"justify\" class=\"text1noticias\">Mientras que Soraya Rib recalc\u00f3 que esos productos tienen posibilidades  de utilizar las denominaciones de origen por las cualidades edafoclim\u00e1ticas del pa\u00eds, es decir,\u00a0 suelo, clima y horas luz. Tambi\u00e9n agreg\u00f3 que  se podr\u00eda usar la   indicaci\u00f3n Geogr\u00e1fica como distintivo seg\u00fan el territorio.<\/p>\n<p>&#13;<\/p>\n<p align=\"justify\" class=\"text1noticias\">De  esta forma, entiende Rib utilizar\u00edamos los productos con mayor potencial  competitivo, con una s\u00f3lida ventaja comparativa y competitiva. Retomando el  Plan Nacional de Competitividad Sist\u00e9mica dijo que tenemos el reto de hacer de estas ventajas  \u201cnaturales\u201d una ventaja competitiva sustentable que posicione al pa\u00eds como un proveedor confiable, r\u00e1pido y eficaz de  productos agropecuarios saludables, frescos y de alto valor agregado.<\/p>\n<p>&#13;<\/p>\n<p align=\"justify\" class=\"text1noticias\">Propuso adem\u00e1s que al  aguacate y coco se les otorgue la indicaci\u00f3n geogr\u00e1fica.<\/p>\n<p>&#13;<\/p>\n<h6> 2007-09-07 20:47:32 <\/h6>\n<p><!--\n<link rel=\"stylesheet\" href=\"css\/bootstrap.min.css\">\n\n\n<ul class=\"pagination\">\n\t    \n\t\n\n<li >\n\t<a href='?page_no=28687'>Previous<\/a>\n\t<\/li>\n\n\n       \n    \n\n<li><a href='?page_no=1'>1<\/a><\/li>\n\n\n\n<li><a href='?page_no=2'>2<\/a><\/li>\n\n\n\n<li><a>...<\/a><\/li>\n\n\n\n<li><a href='?page_no=28686'>28686<\/a><\/li>\n\n\n\n<li><a href='?page_no=28687'>28687<\/a><\/li>\n\n\n\n<li class='active'><a>28688<\/a><\/li>\n\n\n\n<li><a href='?page_no=28689'>28689<\/a><\/li>\n\n\n\n<li><a href='?page_no=28690'>28690<\/a><\/li>\n\n\n\n<li><a>...<\/a><\/li>\n\n\n\n<li><a href='?page_no=30472'>30472<\/a><\/li>\n\n\n\n<li><a href='?page_no=30473'>30473<\/a><\/li>\n\n    \n\t\n\n<li >\n\t<a href='?page_no=28689'>Next<\/a>\n\t<\/li>\n\n\n    \n\n<li><a href='?page_no=30473'>Last &rsaquo;&rsaquo;<\/a><\/li>\n\n<\/ul>\n\n\n--><br \/>\n<\/body><\/p>\n","protected":false},"excerpt":{"rendered":"<p>Destacan la importancia de propiedad industrial en la competitividad &#13; SANTIAGO.- Laura del Castillo y Soraya Rib, especialistas de Clima de Negocios y Agronegocios del Consejo Nacional de Competitividad estuvieron \u00a0en Santiago promoviendo la importancia de las herramientas de la propiedad industrial en la competitividad de los empresarios dominicanos. &#13; Del Castillo y Rib fueron [&hellip;]<\/p>\n","protected":false},"author":3,"featured_media":0,"comment_status":"open","ping_status":"open","sticky":false,"template":"","format":"standard","meta":{"footnotes":""},"categories":[18],"tags":[],"class_list":["post-122808","post","type-post","status-publish","format-standard","hentry","category-economia"],"_links":{"self":[{"href":"https:\/\/diariodominicano.com\/index.php?rest_route=\/wp\/v2\/posts\/122808","targetHints":{"allow":["GET"]}}],"collection":[{"href":"https:\/\/diariodominicano.com\/index.php?rest_route=\/wp\/v2\/posts"}],"about":[{"href":"https:\/\/diariodominicano.com\/index.php?rest_route=\/wp\/v2\/types\/post"}],"author":[{"embeddable":true,"href":"https:\/\/diariodominicano.com\/index.php?rest_route=\/wp\/v2\/users\/3"}],"replies":[{"embeddable":true,"href":"https:\/\/diariodominicano.com\/index.php?rest_route=%2Fwp%2Fv2%2Fcomments&post=122808"}],"version-history":[{"count":0,"href":"https:\/\/diariodominicano.com\/index.php?rest_route=\/wp\/v2\/posts\/122808\/revisions"}],"wp:attachment":[{"href":"https:\/\/diariodominicano.com\/index.php?rest_route=%2Fwp%2Fv2%2Fmedia&parent=122808"}],"wp:term":[{"taxonomy":"category","embeddable":true,"href":"https:\/\/diariodominicano.com\/index.php?rest_route=%2Fwp%2Fv2%2Fcategories&post=122808"},{"taxonomy":"post_tag","embeddable":true,"href":"https:\/\/diariodominicano.com\/index.php?rest_route=%2Fwp%2Fv2%2Ftags&post=122808"}],"curies":[{"name":"wp","href":"https:\/\/api.w.org\/{rel}","templated":true}]}}