{"id":122807,"date":"2007-09-07T20:51:22","date_gmt":"2007-09-07T20:51:22","guid":{"rendered":"http:\/\/diariodominicano.ddns.net\/?p=122807"},"modified":"2007-09-07T20:51:22","modified_gmt":"2007-09-07T20:51:22","slug":"rechaza-entrada-dr-cafta-incremente-precios-de-medicamentos","status":"publish","type":"post","link":"https:\/\/diariodominicano.com\/?p=122807","title":{"rendered":"Rechaza entrada DR-CAFTA incremente precios de medicamentos"},"content":{"rendered":"<p><body><\/p>\n<p class=\"titulogrande1\">Rechaza entrada DR-CAFTA incremente precios de  medicamentos<\/p>\n<p>&#13;<\/p>\n<p align=\"justify\" class=\"text1noticias\"><strong>SANTO DOMINGO.-<\/strong> Una consultora legal rechaz\u00f3 que los  precios de los medicamentos se incrementar\u00e1n con la entrada en vigor del  Tratado de libre comercio entre Estados Unidos, Centroam\u00e9rica y Rep\u00fablica  Dominicana (DR-CAFTA), y se\u00f1alo, asimismo, que este es uno de los mitos puestos  a circular por los detractores de esta herramienta del comercio internacional. <br \/>&#13;<br \/>\n  <br \/>&#13;<br \/>\n  La doctora Mary Fern\u00e1ndez Rodr\u00edguez dijo que tampoco  desaparecer\u00e1n los medicamentos gen\u00e9ricos del mercado como han se\u00f1alan estos  sectores. <br \/>&#13;<br \/>\n  <br \/>&#13;<br \/>\n  En cuanto al r\u00e9gimen jur\u00eddico de protecci\u00f3n de datos  de prueba, la experta sostuvo que se hace necesaria la implementaci\u00f3n de  mecanismos concretos y pr\u00e1cticos para la aplicaci\u00f3n de la protecci\u00f3n de datos  de prueba en el pa\u00eds. <br \/>&#13;<br \/>\n  <br \/>&#13;<br \/>\n  Deplor\u00f3 que no existan o no hayan sido  publicados los procesos necesarios para la implementaci\u00f3n de esta protecci\u00f3n. <br \/>&#13;<br \/>\n  <br \/>&#13;<br \/>\n  \u00abLos medicamentos no subir\u00e1n de precio con  la entrada en vigor del DR-CAFTA ni la protecci\u00f3n de datos de prueba\u00bb, enfatiz\u00f3  la experta del grupo de abogados Headrick, Rizik, \u00c1lvarez &amp; Fern\u00e1ndez. <br \/>&#13;<br \/>\n  <br \/>&#13;<br \/>\n  Manifest\u00f3 que el mercado farmac\u00e9utico dominicano  es altamente competitivo, para tratar cada enfermedad existen m\u00faltiples  alternativas terap\u00e9uticas. \u00abLos precios de los medicamentos, como en  cualquier sector de nuestra econom\u00eda, se rigen por las fuerzas del  mercado\u00bb, precis\u00f3. <br \/>&#13;<br \/>\n  <br \/>&#13;<br \/>\n  Sostuvo tambi\u00e9n que los medicamentos gen\u00e9ricos  permanecer\u00e1n en el mercado y que ninguna norma puede tener car\u00e1cter  retroactivo, y que por tanto, \u00abla oferta de productos tanto gen\u00e9ricos como  originales se mantendr\u00e1\u00bb. \u00abEsta oferta \u2013subray\u00f3-hoy asciende a m\u00e1s de  9,000 productos en el mercado farmac\u00e9utico dominicano\u00bb. <br \/>&#13;<br \/>\n  <br \/>&#13;<br \/>\n  Fern\u00e1ndez hizo estos planteamientos en la conferencia  sobre \u00abProtecci\u00f3n de Datos de Prueba y Registro Sanitario de  Medicamentos\u00bb que dict\u00f3 en el IX Congreso Nacional de ARAFP sobre  Medicamentos: Innovaci\u00f3n, Log\u00edstica, Acreditaci\u00f3n\u00bb, que se celebr\u00f3 en el  Gran Hotel Lina de esta capital. <br \/>&#13;<br \/>\n  <br \/>&#13;<br \/>\n  Otro de los mitos que se\u00f1al\u00f3 la doctora Fern\u00e1ndez es  el que dice que se limitar\u00e1 el acceso a los medicamentos. Al respecto precis\u00f3  que en el pa\u00eds existe protecci\u00f3n por patente de invenci\u00f3n desde 1911 \u00a0 y  que, sin embargo, en 100 a\u00f1os de vigencia de esa medida, \u00abla presencia de  productos gen\u00e9ricos en el mercado dominicano no ha sido afectada\u00bb.  \u00abLa lista de medicamentos esenciales elaborada por el Gobierno dominicano  evidencia que menos del 1% de los medicamentos est\u00e1n protegidos por patente de  invenci\u00f3n\u00bb, subray\u00f3. <br \/>&#13;<br \/>\n  <br \/>&#13;<br \/>\n  Indic\u00f3 que tampoco es cierto que se extender\u00e1n los per\u00edodos  de protecci\u00f3n de las patentes de invenci\u00f3n y record\u00f3 que esta tiene una  duraci\u00f3n de 20 a\u00f1os, que se traducen en una protecci\u00f3n efectiva de 8 a\u00f1os. Los  datos de prueba, que constituyen la herramienta para garantizar la seguridad y  eficacia de un medicamento, sobre la base de pruebas cl\u00ednicas realizadas en  pacientes, tienen una duraci\u00f3n de\u00a08 &#8211; 10\u00a0a\u00f1os, que se superponen con  respecto al otorgado por patente, agreg\u00f3 la especialista. <br \/>&#13;<br \/>\n  <br \/>&#13;<br \/>\n  \u00abEn s\u00edntesis, los opositores a la propiedad  intelectual y al DR-CAFTA han difundido informaci\u00f3n equivocada sobre este tema,  argumentando que se est\u00e1n extendiendo los per\u00edodos de protecci\u00f3n y que los  precios de los medicamentos subir\u00e1n exageradamente. Estas afirmaciones son  infundadas y no demostrables\u00bb, enfatiz\u00f3. <br \/>&#13;<br \/>\n  <br \/>&#13;<br \/>\n  En sus conclusiones, la doctora Fern\u00e1ndez destac\u00f3 que  la raz\u00f3n de ser de la industria farmac\u00e9utica es la investigaci\u00f3n continua y  permanente y que las patentes y datos de prueba son derechos complementarios  que en el caso de las patentes, tienen vigencia por 20 a\u00f1os desde su solicitud,  mientras los datos de prueba solo se protegen s\u00f3lo por 5 a\u00f1os. <br \/>&#13;<br \/>\n  <br \/>&#13;<br \/>\n  Sostuvo que el DR-CAFTA solo incluye elementos que  garantizan la correcta y eficiente aplicaci\u00f3n de tratados internacionales  previamente ratificados por el pa\u00eds y leyes internas ya vigentes. <br \/>&#13;<br \/>\n  <br \/>&#13;<br \/>\n  La doctora Fern\u00e1ndez advirti\u00f3 finalmente que ninguna  norma puede tener efectos retroactivos y que, por tanto, \u00ablos medicamentos  originales y gen\u00e9ricos disponibles hoy en nuestro pa\u00eds, continuar\u00e1n en el  mercado <\/p>\n<p>&#13;<\/p>\n<h6> 2007-09-07 20:51:22 <\/h6>\n<p><!--\n<link rel=\"stylesheet\" href=\"css\/bootstrap.min.css\">\n\n\n<ul class=\"pagination\">\n\t    \n\t\n\n<li >\n\t<a href='?page_no=28686'>Previous<\/a>\n\t<\/li>\n\n\n       \n    \n\n<li><a href='?page_no=1'>1<\/a><\/li>\n\n\n\n<li><a href='?page_no=2'>2<\/a><\/li>\n\n\n\n<li><a>...<\/a><\/li>\n\n\n\n<li><a href='?page_no=28685'>28685<\/a><\/li>\n\n\n\n<li><a href='?page_no=28686'>28686<\/a><\/li>\n\n\n\n<li class='active'><a>28687<\/a><\/li>\n\n\n\n<li><a href='?page_no=28688'>28688<\/a><\/li>\n\n\n\n<li><a href='?page_no=28689'>28689<\/a><\/li>\n\n\n\n<li><a>...<\/a><\/li>\n\n\n\n<li><a href='?page_no=30472'>30472<\/a><\/li>\n\n\n\n<li><a href='?page_no=30473'>30473<\/a><\/li>\n\n    \n\t\n\n<li >\n\t<a href='?page_no=28688'>Next<\/a>\n\t<\/li>\n\n\n    \n\n<li><a href='?page_no=30473'>Last &rsaquo;&rsaquo;<\/a><\/li>\n\n<\/ul>\n\n\n--><br \/>\n<\/body><\/p>\n","protected":false},"excerpt":{"rendered":"<p>Rechaza entrada DR-CAFTA incremente precios de medicamentos &#13; SANTO DOMINGO.- Una consultora legal rechaz\u00f3 que los precios de los medicamentos se incrementar\u00e1n con la entrada en vigor del Tratado de libre comercio entre Estados Unidos, Centroam\u00e9rica y Rep\u00fablica Dominicana (DR-CAFTA), y se\u00f1alo, asimismo, que este es uno de los mitos puestos a circular por los [&hellip;]<\/p>\n","protected":false},"author":3,"featured_media":0,"comment_status":"open","ping_status":"open","sticky":false,"template":"","format":"standard","meta":{"footnotes":""},"categories":[18],"tags":[],"class_list":["post-122807","post","type-post","status-publish","format-standard","hentry","category-economia"],"_links":{"self":[{"href":"https:\/\/diariodominicano.com\/index.php?rest_route=\/wp\/v2\/posts\/122807","targetHints":{"allow":["GET"]}}],"collection":[{"href":"https:\/\/diariodominicano.com\/index.php?rest_route=\/wp\/v2\/posts"}],"about":[{"href":"https:\/\/diariodominicano.com\/index.php?rest_route=\/wp\/v2\/types\/post"}],"author":[{"embeddable":true,"href":"https:\/\/diariodominicano.com\/index.php?rest_route=\/wp\/v2\/users\/3"}],"replies":[{"embeddable":true,"href":"https:\/\/diariodominicano.com\/index.php?rest_route=%2Fwp%2Fv2%2Fcomments&post=122807"}],"version-history":[{"count":0,"href":"https:\/\/diariodominicano.com\/index.php?rest_route=\/wp\/v2\/posts\/122807\/revisions"}],"wp:attachment":[{"href":"https:\/\/diariodominicano.com\/index.php?rest_route=%2Fwp%2Fv2%2Fmedia&parent=122807"}],"wp:term":[{"taxonomy":"category","embeddable":true,"href":"https:\/\/diariodominicano.com\/index.php?rest_route=%2Fwp%2Fv2%2Fcategories&post=122807"},{"taxonomy":"post_tag","embeddable":true,"href":"https:\/\/diariodominicano.com\/index.php?rest_route=%2Fwp%2Fv2%2Ftags&post=122807"}],"curies":[{"name":"wp","href":"https:\/\/api.w.org\/{rel}","templated":true}]}}