{"id":122803,"date":"2007-09-09T05:23:41","date_gmt":"2007-09-09T05:23:41","guid":{"rendered":"http:\/\/diariodominicano.ddns.net\/?p=122803"},"modified":"2007-09-09T05:23:41","modified_gmt":"2007-09-09T05:23:41","slug":"montas-dice-gobierno-atiende-requerimientos-empresarios-de-zona-franca","status":"publish","type":"post","link":"https:\/\/diariodominicano.com\/?p=122803","title":{"rendered":"Mont\u00e1s dice Gobierno atiende requerimientos empresarios de zona franca"},"content":{"rendered":"<p><body><\/p>\n<p align=\"justify\" class=\"titulogrande1\">Mont\u00e1s dice Gobierno atiende requerimientos empresarios  de zona franca<\/p>\n<p>&#13;<\/p>\n<p align=\"justify\" class=\"text1noticias\"><strong>Santo Domingo.-<\/strong> El Secretario  de\u00a0 Estado de Econom\u00eda y Planificaci\u00f3n \u00a0\u00a0sostuvo que en la reciente reuni\u00f3n del presidente Leonel Fern\u00e1ndez  con representativos de zonas francas, ese sector testimoni\u00f3 su reconocimiento a  la buena disposici\u00f3n de las autoridades por atender sus requerimientos.<\/p>\n<p>&#13;<\/p>\n<p align=\"justify\" class=\"text1noticias\">Tem\u00edstocles Mont\u00e1s dijo que \u00abel \u00fanico  elemento nuevo que se planteo en ese reuni\u00f3n fue estudiar la posibilidad de dar  un tratamiento preferencial a la gente de zonas francas en lo que tiene que ver  con el manejo de divisas\u00bb.<\/p>\n<p>&#13;<\/p>\n<p align=\"justify\" class=\"text1noticias\">Adelant\u00f3 que por la  naturaleza de la solicitud de los empresarios de zonas francas, ese ser\u00e1 un  tema que se va a estudiar cuidadosamente y discutir en el equipo econ\u00f3mico del  gobierno.<\/p>\n<p>&#13;<\/p>\n<p align=\"justify\" class=\"text1noticias\">Insisti\u00f3 en explicar en que quienes atribuyen  incumplimientos oficiales con el sector de Zona Franca, faltan a la verdad, y  que los inversionistas de ese tipo de empresas reconocen los esfuerzos que  despliega el gobierno en su favor.<\/p>\n<p>&#13;<\/p>\n<p align=\"justify\" class=\"text1noticias\">Dijo que\u00a0\u00a0\u00abporque en la reuni\u00f3n de Santiago lo  que hicieron fue reconocerle al presidente Fern\u00e1ndez lo que \u00e9l ha hecho por  enfrentar los problemas de zonas francas\u00bb, concluy\u00f3  el dirigente pelede\u00edsta.<\/p>\n<p>&#13;<\/p>\n<p align=\"justify\" class=\"text1noticias\">En otro orden, el Secretario de\u00a0 Estado de Econom\u00eda y Planificaci\u00f3n\u00a0 estim\u00f3 como\u00a0  exageraci\u00f3n de sectores pol\u00edticos de oposici\u00f3n afirmar que durante el  actual gobierno se han perdido m\u00e1s de 200 mil empleos de zonas francas.<\/p>\n<p>&#13;<\/p>\n<p align=\"justify\" class=\"text1noticias\">\u00abCuando se habla que se  han perdido unos 200 mil empleos en zonas francas no se est\u00e1 diciendo la  verdad.\u00a0\u00a0 En zonas francas nunca se ha llegado  a m\u00e1s de 200 mil empleos\u00bb, enfatiz\u00f3.<\/p>\n<p>&#13;<\/p>\n<p align=\"justify\" class=\"text1noticias\">Mont\u00e1s explic\u00f3 que los  efectos adversos a la   Industria de Zona Franca ven\u00edan produci\u00e9ndose desde antes de  el PLD volver al poder, b\u00e1sicamente por la eliminaci\u00f3n del llamado Acuerdo  Multifibra y la entrada de China al mercado norteamericano sin restricciones.<\/p>\n<p>&#13;<\/p>\n<p align=\"justify\" class=\"text1noticias\">\u00abEso se estudio s con antelaci\u00f3n y se  sab\u00eda desde mucho antes del cambio de gobierno y que Leonel Fern\u00e1ndez asumiera  el gobierno, que la entrada de China al mercado norteamericano iba a  representar la salida de por lo menos 35 mil empleados de zonas francas\u00bb,  sostuvo.<\/p>\n<p>&#13;<\/p>\n<h6> 2007-09-09 05:23:41 <\/h6>\n<p><!--\n<link rel=\"stylesheet\" href=\"css\/bootstrap.min.css\">\n\n\n<ul class=\"pagination\">\n\t    \n\t\n\n<li >\n\t<a href='?page_no=28682'>Previous<\/a>\n\t<\/li>\n\n\n       \n    \n\n<li><a href='?page_no=1'>1<\/a><\/li>\n\n\n\n<li><a href='?page_no=2'>2<\/a><\/li>\n\n\n\n<li><a>...<\/a><\/li>\n\n\n\n<li><a href='?page_no=28681'>28681<\/a><\/li>\n\n\n\n<li><a href='?page_no=28682'>28682<\/a><\/li>\n\n\n\n<li class='active'><a>28683<\/a><\/li>\n\n\n\n<li><a href='?page_no=28684'>28684<\/a><\/li>\n\n\n\n<li><a href='?page_no=28685'>28685<\/a><\/li>\n\n\n\n<li><a>...<\/a><\/li>\n\n\n\n<li><a href='?page_no=30472'>30472<\/a><\/li>\n\n\n\n<li><a href='?page_no=30473'>30473<\/a><\/li>\n\n    \n\t\n\n<li >\n\t<a href='?page_no=28684'>Next<\/a>\n\t<\/li>\n\n\n    \n\n<li><a href='?page_no=30473'>Last &rsaquo;&rsaquo;<\/a><\/li>\n\n<\/ul>\n\n\n--><br \/>\n<\/body><\/p>\n","protected":false},"excerpt":{"rendered":"<p>Mont\u00e1s dice Gobierno atiende requerimientos empresarios de zona franca &#13; Santo Domingo.- El Secretario de\u00a0 Estado de Econom\u00eda y Planificaci\u00f3n \u00a0\u00a0sostuvo que en la reciente reuni\u00f3n del presidente Leonel Fern\u00e1ndez con representativos de zonas francas, ese sector testimoni\u00f3 su reconocimiento a la buena disposici\u00f3n de las autoridades por atender sus requerimientos. &#13; Tem\u00edstocles Mont\u00e1s dijo [&hellip;]<\/p>\n","protected":false},"author":3,"featured_media":0,"comment_status":"open","ping_status":"open","sticky":false,"template":"","format":"standard","meta":{"footnotes":""},"categories":[18],"tags":[],"class_list":["post-122803","post","type-post","status-publish","format-standard","hentry","category-economia"],"_links":{"self":[{"href":"https:\/\/diariodominicano.com\/index.php?rest_route=\/wp\/v2\/posts\/122803","targetHints":{"allow":["GET"]}}],"collection":[{"href":"https:\/\/diariodominicano.com\/index.php?rest_route=\/wp\/v2\/posts"}],"about":[{"href":"https:\/\/diariodominicano.com\/index.php?rest_route=\/wp\/v2\/types\/post"}],"author":[{"embeddable":true,"href":"https:\/\/diariodominicano.com\/index.php?rest_route=\/wp\/v2\/users\/3"}],"replies":[{"embeddable":true,"href":"https:\/\/diariodominicano.com\/index.php?rest_route=%2Fwp%2Fv2%2Fcomments&post=122803"}],"version-history":[{"count":0,"href":"https:\/\/diariodominicano.com\/index.php?rest_route=\/wp\/v2\/posts\/122803\/revisions"}],"wp:attachment":[{"href":"https:\/\/diariodominicano.com\/index.php?rest_route=%2Fwp%2Fv2%2Fmedia&parent=122803"}],"wp:term":[{"taxonomy":"category","embeddable":true,"href":"https:\/\/diariodominicano.com\/index.php?rest_route=%2Fwp%2Fv2%2Fcategories&post=122803"},{"taxonomy":"post_tag","embeddable":true,"href":"https:\/\/diariodominicano.com\/index.php?rest_route=%2Fwp%2Fv2%2Ftags&post=122803"}],"curies":[{"name":"wp","href":"https:\/\/api.w.org\/{rel}","templated":true}]}}