{"id":122802,"date":"2007-09-09T21:00:06","date_gmt":"2007-09-09T21:00:06","guid":{"rendered":"http:\/\/diariodominicano.ddns.net\/?p=122802"},"modified":"2007-09-09T21:00:06","modified_gmt":"2007-09-09T21:00:06","slug":"empresas-de-region-espanola-ponen-la-mira-en-rd","status":"publish","type":"post","link":"https:\/\/diariodominicano.com\/?p=122802","title":{"rendered":"Empresas de regi\u00f3n Espa\u00f1ola ponen la mira en RD"},"content":{"rendered":"<p><body><\/p>\n<p class=\"titulogrande1\">Empresas de regi\u00f3n Espa\u00f1ola ponen la mira en RD <\/p>\n<p>&#13;<\/p>\n<p align=\"justify\" class=\"text1noticias\"><strong>SANTO DOMINGO.-<\/strong> Representantes  de cinco importantes compa\u00f1\u00edas que integran la misi\u00f3n comercial de\u00a0 la   C\u00e1mara de Comercio de M\u00e1laga, Espa\u00f1a, llegar\u00e1n al pa\u00eds este  lunes para realizar una serie encuentros con empresarios criollos y agotar una  agenda de trabajo con la finalidad de hacer negocios en \u00a0Rep\u00fablica Dominicana.<\/p>\n<p>&#13;<\/p>\n<p align=\"justify\" class=\"text1noticias\">Esta misi\u00f3n  comercial ser\u00e1 presentada formalmente por la C\u00e1mara Oficial  Espa\u00f1ola de Comercio e Industrias de la Rep\u00fablica Dominicana  (CAMACOES), en un acto que tendr\u00e1 efecto el pr\u00f3ximo mi\u00e9rcoles 12, en el sal\u00f3n  Acuario del Hotel Lina, a partir de las 6 de la tarde.<\/p>\n<p>&#13;<\/p>\n<p align=\"justify\" class=\"text1noticias\">La actividad estar\u00e1 encabezada por Manuel  Garc\u00eda Ar\u00e9valo, presidente de CAMACOES, directivos y miembros de esta entidad  empresarial, autoridades de la embajada Espa\u00f1ola, prominentes empresarios  dominicanos e invitados especiales.<\/p>\n<p>&#13;<\/p>\n<p align=\"justify\" class=\"text1noticias\">Las empresas  visitantes son Coma Comunicaci\u00f3n y Marketing, dedicada a la intermediaci\u00f3n  inmobiliaria y financiera, que utiliza sistemas de franquicias para su  expansi\u00f3n; y Almendrera del Sur, que comercializa frutos secos y desecados,  especialmente almendras peladas, tostadas, fritas y ahumadas. <\/p>\n<p>&#13;<\/p>\n<p align=\"justify\" class=\"text1noticias\">Asimismo, la constructora Adelmar, gestora de grandes  promociones inmobiliarios; Boutique del Peluquero, \u00a0que oferta una amplia gama de marcas,  art\u00edculos y accesorios de peluquer\u00eda; y Pinturas 2000, que distribuye art\u00edculos  de decoraci\u00f3n y pintura. <\/p>\n<p>&#13;<\/p>\n<h6> 2007-09-09 21:00:06 <\/h6>\n<p><!--\n<link rel=\"stylesheet\" href=\"css\/bootstrap.min.css\">\n\n\n<ul class=\"pagination\">\n\t    \n\t\n\n<li >\n\t<a href='?page_no=28681'>Previous<\/a>\n\t<\/li>\n\n\n       \n    \n\n<li><a href='?page_no=1'>1<\/a><\/li>\n\n\n\n<li><a href='?page_no=2'>2<\/a><\/li>\n\n\n\n<li><a>...<\/a><\/li>\n\n\n\n<li><a href='?page_no=28680'>28680<\/a><\/li>\n\n\n\n<li><a href='?page_no=28681'>28681<\/a><\/li>\n\n\n\n<li class='active'><a>28682<\/a><\/li>\n\n\n\n<li><a href='?page_no=28683'>28683<\/a><\/li>\n\n\n\n<li><a href='?page_no=28684'>28684<\/a><\/li>\n\n\n\n<li><a>...<\/a><\/li>\n\n\n\n<li><a href='?page_no=30472'>30472<\/a><\/li>\n\n\n\n<li><a href='?page_no=30473'>30473<\/a><\/li>\n\n    \n\t\n\n<li >\n\t<a href='?page_no=28683'>Next<\/a>\n\t<\/li>\n\n\n    \n\n<li><a href='?page_no=30473'>Last &rsaquo;&rsaquo;<\/a><\/li>\n\n<\/ul>\n\n\n--><br \/>\n<\/body><\/p>\n","protected":false},"excerpt":{"rendered":"<p>Empresas de regi\u00f3n Espa\u00f1ola ponen la mira en RD &#13; SANTO DOMINGO.- Representantes de cinco importantes compa\u00f1\u00edas que integran la misi\u00f3n comercial de\u00a0 la C\u00e1mara de Comercio de M\u00e1laga, Espa\u00f1a, llegar\u00e1n al pa\u00eds este lunes para realizar una serie encuentros con empresarios criollos y agotar una agenda de trabajo con la finalidad de hacer negocios [&hellip;]<\/p>\n","protected":false},"author":3,"featured_media":0,"comment_status":"open","ping_status":"open","sticky":false,"template":"","format":"standard","meta":{"footnotes":""},"categories":[18],"tags":[],"class_list":["post-122802","post","type-post","status-publish","format-standard","hentry","category-economia"],"_links":{"self":[{"href":"https:\/\/diariodominicano.com\/index.php?rest_route=\/wp\/v2\/posts\/122802","targetHints":{"allow":["GET"]}}],"collection":[{"href":"https:\/\/diariodominicano.com\/index.php?rest_route=\/wp\/v2\/posts"}],"about":[{"href":"https:\/\/diariodominicano.com\/index.php?rest_route=\/wp\/v2\/types\/post"}],"author":[{"embeddable":true,"href":"https:\/\/diariodominicano.com\/index.php?rest_route=\/wp\/v2\/users\/3"}],"replies":[{"embeddable":true,"href":"https:\/\/diariodominicano.com\/index.php?rest_route=%2Fwp%2Fv2%2Fcomments&post=122802"}],"version-history":[{"count":0,"href":"https:\/\/diariodominicano.com\/index.php?rest_route=\/wp\/v2\/posts\/122802\/revisions"}],"wp:attachment":[{"href":"https:\/\/diariodominicano.com\/index.php?rest_route=%2Fwp%2Fv2%2Fmedia&parent=122802"}],"wp:term":[{"taxonomy":"category","embeddable":true,"href":"https:\/\/diariodominicano.com\/index.php?rest_route=%2Fwp%2Fv2%2Fcategories&post=122802"},{"taxonomy":"post_tag","embeddable":true,"href":"https:\/\/diariodominicano.com\/index.php?rest_route=%2Fwp%2Fv2%2Ftags&post=122802"}],"curies":[{"name":"wp","href":"https:\/\/api.w.org\/{rel}","templated":true}]}}