{"id":122799,"date":"2007-09-12T12:44:47","date_gmt":"2007-09-12T12:44:47","guid":{"rendered":"http:\/\/diariodominicano.ddns.net\/?p=122799"},"modified":"2007-09-12T12:44:47","modified_gmt":"2007-09-12T12:44:47","slug":"inician-en-rd-reunion-de-grupo-de-trabajo-de-politica-tributaria","status":"publish","type":"post","link":"https:\/\/diariodominicano.com\/?p=122799","title":{"rendered":"Inician en RD reuni\u00f3n de Grupo de Trabajo de Pol\u00edtica Tributaria"},"content":{"rendered":"<p><body><\/p>\n<p class=\"titulogrande1\">Inician en RD reuni\u00f3n de Grupo de  Trabajo de Pol\u00edtica Tributaria<\/p>\n<p>&#13;<\/p>\n<p align=\"justify\" class=\"text1noticias\"><strong><img loading=\"lazy\" decoding=\"async\" src=\"http:\/\/localhost:8080\/economia\/pictures\/vicente bengoa 2.jpg\" width=\"269\" height=\"190\" hspace=\"4\" align=\"left\" \/>Santo Domingo.-<\/strong> T\u00e9cnicos del m\u00e1s alto  nivel de los ministerios de Hacienda y secretar\u00edas de Finanzas de  Centroam\u00e9rica\u00a0y Rep\u00fablica Dominicana iniciaron este martes aqu\u00ed, en Santo  Domingo, la XIV  reuni\u00f3n del Grupo de Trabajo de Pol\u00edtica Tributaria (GTPT).<\/p>\n<p>&#13;<\/p>\n<p align=\"justify\" class=\"text1noticias\">El encuentro fue inaugurado  formalmente por\u00a0 Vicente Bengoa,  secretario de Hacienda, en su doble condici\u00f3n de presidente del Consejo de  Ministros de Hacienda y Secretarios de Finanzas de la regi\u00f3n y anfitri\u00f3n.<\/p>\n<p>&#13;<\/p>\n<p align=\"justify\" class=\"text1noticias\">Participan  delegaciones de Guatemala, Honduras, El Salvador, Costa Rica, Nicaragua, Panam\u00e1  y la Rep\u00fablica Dominicana,  que deliberar\u00e1n hasta ma\u00f1ana, mi\u00e9rcoles, en la tarde, tratando temas fiscales,  tributarios comunes a todos.<br \/>&#13;<br \/>\n  <br \/>&#13;<br \/>\n  Este  encuentro se realiza previo a la Octava   Reuni\u00f3n del Consejo que agrupa a los ministros y secretarios  de Hacienda y\/o Finanzas de la regi\u00f3n, que se efectuar\u00e1 del 20 al 22 del  presente mes en Casa de Campo, La   Romana.<\/p>\n<p>&#13;<\/p>\n<p align=\"justify\" class=\"text1noticias\">El GTPT lleva  dos a\u00f1os de constituido, explic\u00f3 el licenciado Bengoa al inaugurar la reuni\u00f3n,  \u201cy su trabajo ha sido muy intenso y productivo\u201d. El Grupo tiene el  asesoramiento del Fondo Monetario Internacional (FMI), el Banco Interamericano  de Desarrollo (BID) y el gobierno de Espa\u00f1a.<\/p>\n<p>&#13;<\/p>\n<p align=\"justify\" class=\"text1noticias\">El  funcionario explic\u00f3 que el objetivo del Grupo ha sido recomendar pol\u00edticas de  armonizaci\u00f3n y coordinaci\u00f3n tributaria a los gobiernos a trav\u00e9s de sus  instancias de Hacienda y\/o Finanzas.<\/p>\n<p>&#13;<\/p>\n<p align=\"justify\" class=\"text1noticias\">Cit\u00f3 entre  sus principales iniciativas el convenio de buenas pr\u00e1cticas a la inversi\u00f3n, el  convenio marco para evitar la doble tributaci\u00f3n, el modelo de legislaci\u00f3n de  precios de transferencias, la matriz de incentivos de la regi\u00f3n y la  subcapitalizaci\u00f3n o capitalizaci\u00f3n d\u00e9bil.<\/p>\n<p>&#13;<\/p>\n<p align=\"justify\" class=\"text1noticias\">En  la apertura de la reuni\u00f3n este martes, tambi\u00e9n intervino Ricardo Varsano, del  FMI; y Juan Carlos G\u00f3mez Sabaini, consultor del organismo multilateral<\/p>\n<p>&#13;<\/p>\n<h6> 2007-09-12 12:44:47 <\/h6>\n<p><!--\n<link rel=\"stylesheet\" href=\"css\/bootstrap.min.css\">\n\n\n<ul class=\"pagination\">\n\t    \n\t\n\n<li >\n\t<a href='?page_no=28678'>Previous<\/a>\n\t<\/li>\n\n\n       \n    \n\n<li><a href='?page_no=1'>1<\/a><\/li>\n\n\n\n<li><a href='?page_no=2'>2<\/a><\/li>\n\n\n\n<li><a>...<\/a><\/li>\n\n\n\n<li><a href='?page_no=28677'>28677<\/a><\/li>\n\n\n\n<li><a href='?page_no=28678'>28678<\/a><\/li>\n\n\n\n<li class='active'><a>28679<\/a><\/li>\n\n\n\n<li><a href='?page_no=28680'>28680<\/a><\/li>\n\n\n\n<li><a href='?page_no=28681'>28681<\/a><\/li>\n\n\n\n<li><a>...<\/a><\/li>\n\n\n\n<li><a href='?page_no=30472'>30472<\/a><\/li>\n\n\n\n<li><a href='?page_no=30473'>30473<\/a><\/li>\n\n    \n\t\n\n<li >\n\t<a href='?page_no=28680'>Next<\/a>\n\t<\/li>\n\n\n    \n\n<li><a href='?page_no=30473'>Last &rsaquo;&rsaquo;<\/a><\/li>\n\n<\/ul>\n\n\n--><br \/>\n<\/body><\/p>\n","protected":false},"excerpt":{"rendered":"<p>Inician en RD reuni\u00f3n de Grupo de Trabajo de Pol\u00edtica Tributaria &#13; Santo Domingo.- T\u00e9cnicos del m\u00e1s alto nivel de los ministerios de Hacienda y secretar\u00edas de Finanzas de Centroam\u00e9rica\u00a0y Rep\u00fablica Dominicana iniciaron este martes aqu\u00ed, en Santo Domingo, la XIV reuni\u00f3n del Grupo de Trabajo de Pol\u00edtica Tributaria (GTPT). &#13; El encuentro fue inaugurado [&hellip;]<\/p>\n","protected":false},"author":3,"featured_media":0,"comment_status":"open","ping_status":"open","sticky":false,"template":"","format":"standard","meta":{"footnotes":""},"categories":[18],"tags":[],"class_list":["post-122799","post","type-post","status-publish","format-standard","hentry","category-economia"],"_links":{"self":[{"href":"https:\/\/diariodominicano.com\/index.php?rest_route=\/wp\/v2\/posts\/122799","targetHints":{"allow":["GET"]}}],"collection":[{"href":"https:\/\/diariodominicano.com\/index.php?rest_route=\/wp\/v2\/posts"}],"about":[{"href":"https:\/\/diariodominicano.com\/index.php?rest_route=\/wp\/v2\/types\/post"}],"author":[{"embeddable":true,"href":"https:\/\/diariodominicano.com\/index.php?rest_route=\/wp\/v2\/users\/3"}],"replies":[{"embeddable":true,"href":"https:\/\/diariodominicano.com\/index.php?rest_route=%2Fwp%2Fv2%2Fcomments&post=122799"}],"version-history":[{"count":0,"href":"https:\/\/diariodominicano.com\/index.php?rest_route=\/wp\/v2\/posts\/122799\/revisions"}],"wp:attachment":[{"href":"https:\/\/diariodominicano.com\/index.php?rest_route=%2Fwp%2Fv2%2Fmedia&parent=122799"}],"wp:term":[{"taxonomy":"category","embeddable":true,"href":"https:\/\/diariodominicano.com\/index.php?rest_route=%2Fwp%2Fv2%2Fcategories&post=122799"},{"taxonomy":"post_tag","embeddable":true,"href":"https:\/\/diariodominicano.com\/index.php?rest_route=%2Fwp%2Fv2%2Ftags&post=122799"}],"curies":[{"name":"wp","href":"https:\/\/api.w.org\/{rel}","templated":true}]}}