{"id":122797,"date":"2007-09-13T03:11:19","date_gmt":"2007-09-13T03:11:19","guid":{"rendered":"http:\/\/diariodominicano.ddns.net\/?p=122797"},"modified":"2007-09-13T03:11:19","modified_gmt":"2007-09-13T03:11:19","slug":"alburquerque-inaugura-primer-generador-electrico-industrial-a-gas-natural","status":"publish","type":"post","link":"https:\/\/diariodominicano.com\/?p=122797","title":{"rendered":"Alburquerque inaugura primer generador el\u00e9ctrico industrial a gas natural"},"content":{"rendered":"<p><body><\/p>\n<p align=\"justify\" class=\"titulogrande1\">Alburquerque inaugura primer generador el\u00e9ctrico  industrial a gas natural<\/p>\n<p>&#13;<\/p>\n<p align=\"justify\" class=\"text1noticias\"><strong><img loading=\"lazy\" decoding=\"async\" src=\"http:\/\/localhost:8080\/economia\/pictures\/rafael alburquerque en moldosa.jpg\" width=\"269\" height=\"728\" hspace=\"4\" align=\"left\" \/>Santo  Domingo.-<\/strong> El Vicepresidente Rafael Alburquerque\u00a0  inaugur\u00f3 este mi\u00e9rcoles el Primer Generador El\u00e9ctrico Industrial a Gas  Natural utilizado en el pa\u00eds y las instalaciones adicionales para el uso  integral de este combustible en toda la Zona Franca de Moldeados Dominicanos, S.A.  \u201cMoldosa\u201d.<br \/>&#13;<br \/>\n  <br \/>&#13;<br \/>\n  El  presidente de Moldosa, Ad\u00e1n Celis, explic\u00f3 a los presentes la importancia que  tiene para la industria dominicana el uso del gas natural como combustible, por  ser limpio, no contaminante del ambiente y con significativas ventajas  econ\u00f3micas en comparaci\u00f3n con los derivados del petr\u00f3leo.<br \/>&#13;<br \/>\n  <br \/>&#13;<br \/>\n  Resalt\u00f3  que Moldosa viene cumpliendo una labor muy importante a favor de la protecci\u00f3n  y limpieza del ambiente, ya que recoge y recicla una apreciable cantidad de  desperdicios de papel y cart\u00f3n, con lo cual le ahorra a las municipalidades de  Santo Domingo valiosos recursos que habr\u00edan tenido que gastar para disponer de  ellos en costosos rellenos sanitarios y, m\u00e1s importante a\u00fan, contribuye  eficazmente, a trav\u00e9s de la limpieza de sus ciudades, a hacer realidad la  manifiesta vocaci\u00f3n tur\u00edstica del pa\u00eds.<br \/>&#13;<br \/>\n  <br \/>&#13;<br \/>\n  Alburquerque  recorri\u00f3 las instalaciones de Moldosa para apreciar el trabajo del generador  el\u00e9ctrico de gas, as\u00ed como el resto de las instalaciones donde se usa este  combustible. Estuvo acompa\u00f1ado\u00a0 del Cardenal Rosalio Jos\u00e9 Castillo Lara,  prelado venezolano que fue Gobernador del Estado del Vaticano y Administrador  de los bienes de la   Iglesia Cat\u00f3lica.<br \/>&#13;<br \/>\n  <br \/>&#13;<br \/>\n  Adem\u00e1s,  de Ad\u00e1n Celis,\u00a0 Marcelo Puello, quien es subsecretario de Industria y  Comercio; Luisa Fern\u00e1ndez Dur\u00e1n, directora ejecutiva del Consejo Nacional de  Zonas Francas; Belkis Luna, subdirectora de Aduanas para Zonas Francas, y Carlos  Celis, gerente general de Moldeados Dominicanos.<br \/>&#13;<br \/>\n  <br \/>&#13;<br \/>\n  Los  asistentes recibieron explicaciones del proceso y constataron la doble ventaja  que representa la producci\u00f3n en el pa\u00eds de estos empaques para alimentos, como  la exportaci\u00f3n que implica una generaci\u00f3n permanente de divisas, y el  suministro a las industrias locales que, adem\u00e1s de liberarlas de la dependencia  del exterior, conlleva ahorros sustanciales de moneda extranjera que  contribuyen a reforzar la balanza de pagos de la naci\u00f3n. <\/p>\n<p>&#13;<\/p>\n<h6> 2007-09-13 03:11:19 <\/h6>\n<p><!--\n<link rel=\"stylesheet\" href=\"css\/bootstrap.min.css\">\n\n\n<ul class=\"pagination\">\n\t    \n\t\n\n<li >\n\t<a href='?page_no=28676'>Previous<\/a>\n\t<\/li>\n\n\n       \n    \n\n<li><a href='?page_no=1'>1<\/a><\/li>\n\n\n\n<li><a href='?page_no=2'>2<\/a><\/li>\n\n\n\n<li><a>...<\/a><\/li>\n\n\n\n<li><a href='?page_no=28675'>28675<\/a><\/li>\n\n\n\n<li><a href='?page_no=28676'>28676<\/a><\/li>\n\n\n\n<li class='active'><a>28677<\/a><\/li>\n\n\n\n<li><a href='?page_no=28678'>28678<\/a><\/li>\n\n\n\n<li><a href='?page_no=28679'>28679<\/a><\/li>\n\n\n\n<li><a>...<\/a><\/li>\n\n\n\n<li><a href='?page_no=30472'>30472<\/a><\/li>\n\n\n\n<li><a href='?page_no=30473'>30473<\/a><\/li>\n\n    \n\t\n\n<li >\n\t<a href='?page_no=28678'>Next<\/a>\n\t<\/li>\n\n\n    \n\n<li><a href='?page_no=30473'>Last &rsaquo;&rsaquo;<\/a><\/li>\n\n<\/ul>\n\n\n--><br \/>\n<\/body><\/p>\n","protected":false},"excerpt":{"rendered":"<p>Alburquerque inaugura primer generador el\u00e9ctrico industrial a gas natural &#13; Santo Domingo.- El Vicepresidente Rafael Alburquerque\u00a0 inaugur\u00f3 este mi\u00e9rcoles el Primer Generador El\u00e9ctrico Industrial a Gas Natural utilizado en el pa\u00eds y las instalaciones adicionales para el uso integral de este combustible en toda la Zona Franca de Moldeados Dominicanos, S.A. \u201cMoldosa\u201d.&#13; &#13; El presidente [&hellip;]<\/p>\n","protected":false},"author":3,"featured_media":0,"comment_status":"open","ping_status":"open","sticky":false,"template":"","format":"standard","meta":{"footnotes":""},"categories":[18],"tags":[],"class_list":["post-122797","post","type-post","status-publish","format-standard","hentry","category-economia"],"_links":{"self":[{"href":"https:\/\/diariodominicano.com\/index.php?rest_route=\/wp\/v2\/posts\/122797","targetHints":{"allow":["GET"]}}],"collection":[{"href":"https:\/\/diariodominicano.com\/index.php?rest_route=\/wp\/v2\/posts"}],"about":[{"href":"https:\/\/diariodominicano.com\/index.php?rest_route=\/wp\/v2\/types\/post"}],"author":[{"embeddable":true,"href":"https:\/\/diariodominicano.com\/index.php?rest_route=\/wp\/v2\/users\/3"}],"replies":[{"embeddable":true,"href":"https:\/\/diariodominicano.com\/index.php?rest_route=%2Fwp%2Fv2%2Fcomments&post=122797"}],"version-history":[{"count":0,"href":"https:\/\/diariodominicano.com\/index.php?rest_route=\/wp\/v2\/posts\/122797\/revisions"}],"wp:attachment":[{"href":"https:\/\/diariodominicano.com\/index.php?rest_route=%2Fwp%2Fv2%2Fmedia&parent=122797"}],"wp:term":[{"taxonomy":"category","embeddable":true,"href":"https:\/\/diariodominicano.com\/index.php?rest_route=%2Fwp%2Fv2%2Fcategories&post=122797"},{"taxonomy":"post_tag","embeddable":true,"href":"https:\/\/diariodominicano.com\/index.php?rest_route=%2Fwp%2Fv2%2Ftags&post=122797"}],"curies":[{"name":"wp","href":"https:\/\/api.w.org\/{rel}","templated":true}]}}