{"id":122794,"date":"2007-09-13T15:17:01","date_gmt":"2007-09-13T15:17:01","guid":{"rendered":"http:\/\/diariodominicano.ddns.net\/?p=122794"},"modified":"2007-09-13T15:17:01","modified_gmt":"2007-09-13T15:17:01","slug":"inician-pavimentacion-de-la-pista-del-aerodromo-de-la-cueva-de-las-maravillas","status":"publish","type":"post","link":"https:\/\/diariodominicano.com\/?p=122794","title":{"rendered":"Inician pavimentaci\u00f3n de la pista del aer\u00f3dromo de La Cueva de las Maravillas"},"content":{"rendered":"<p><body><\/p>\n<p align=\"justify\" class=\"titulogrande1\"><strong>Inician\u00a0pavimentaci\u00f3n de la pista del aer\u00f3dromo de La Cueva de las Maravillas<\/strong><\/p>\n<p>&#13;<\/p>\n<p align=\"justify\" class=\"text1noticias\"><strong>La Romana.<\/strong> El Departamento  Aeroportuario inicio esta semana los trabajos de pavimentaci\u00f3n de la pista del  Aer\u00f3dromo de La Cueva  de las Maravillas, con la finalidad de atraer los turistas que llegan all\u00ed  desde\u00a0 diferentes puntos del pa\u00eds en  busca de turismo cultural.<\/p>\n<p>&#13;<\/p>\n<p align=\"justify\" class=\"text1noticias\">La  informaci\u00f3n la ofreci\u00f3, \u00a0Andr\u00e9s Van Der  Horst, Director Ejecutivo del Departamento Aeroportuario, quien dijo que la Secretaria de Estado de  Obras P\u00fablicas prepar\u00f3 la base de material granular de 15 Cms\u00a0 de la pista y se esta procediendo al  asfaltado de la misma.<\/p>\n<p>&#13;<\/p>\n<p align=\"justify\" class=\"text1noticias\">Afirm\u00f3  asimismo, que con esta iniciativa se persigue que los paquetes tur\u00edsticos\u00a0 de Saman\u00e1, Punta Cana, B\u00e1varo y Puerto  Plata\u00a0 puedan llegar en avi\u00f3n a  presenciar este gran atractivo cultural.<\/p>\n<p>&#13;<\/p>\n<p align=\"justify\" class=\"text1noticias\">Los  trabajos de asfaltado son realizados por una firma privada\u00a0 bajo la supervisi\u00f3n de la Secretaria\u00a0 de Estado de Obras P\u00fablicas.<\/p>\n<p>&#13;<\/p>\n<p align=\"justify\" class=\"text1noticias\">Van  Der Horst expres\u00f3 que la Cueva  de Las Maravillas representa un gran atractivo para los turistas europeos y  norteamericanos que visitan las bellas playas del pa\u00eds y que buscan otro tipo  de entretenimiento.<\/p>\n<p>&#13;<\/p>\n<p align=\"justify\" class=\"text1noticias\">Manifest\u00f3  que con la rehabilitaci\u00f3n del Aer\u00f3dromo de Las Cueva de Las Maravillas,  ascienden a cuatro los aer\u00f3dromos rehabilitados en la presente gesti\u00f3n de  Gobierno del Presidente doctor Leonel Fern\u00e1ndez Reyna.<\/p>\n<p>&#13;<\/p>\n<p align=\"justify\" class=\"text1noticias\">Aclar\u00f3  los trabajos se enmarcan dentro del programa de rehabilitaci\u00f3n de pistas,  aeropuertos y aer\u00f3dromos que viene ejecutando la instituci\u00f3n que dirige a nivel  nacional, con la finalidad de comunicar v\u00eda \u00e1rea toda la isla.<br \/>  &#13;<br \/>\n  <br \/>&#13;<br \/>\n<strong>Caracter\u00edsticas de la obra\u00a0 <\/strong><\/p>\n<p>&#13;<\/p>\n<p align=\"justify\" class=\"text1noticias\">La  pista tiene una longitud de mil 200 metros de largo por 20 metros de ancho, con  rampa de 4 mil metros cuadrados, para el estacionamiento de las aeronaves.<\/p>\n<p>&#13;<\/p>\n<p align=\"justify\" class=\"text1noticias\">La Cueva de las Maravillas, se encuentra situada a pocos  kil\u00f3metros de San Pedro de Macor\u00eds, cerca del r\u00edo Cumayasa.<\/p>\n<p>&#13;<\/p>\n<p align=\"justify\" class=\"text1noticias\">Por  otro lado, Van Der Horst se\u00f1al\u00f3 que a parte del atractivo cultural, la cueva,  ofrece una gran variedad de especie natural y animal; una muestra de ello, es  el hecho de que \u00e9sta sea un h\u00e1bitat de murci\u00e9lagos, elemento, determinante para  la fauna cavern\u00edcola.<\/p>\n<p>&#13;<\/p>\n<p align=\"justify\" class=\"text1noticias\">Dijo  que en el interior de la cueva se han encontrado m\u00e1s de 24 especies animales  invertebradas y 8 vertebradas.<\/p>\n<p>&#13;<\/p>\n<p align=\"justify\" class=\"text1noticias\">Adem\u00e1s  de los murci\u00e9lagos, la cueva ofrece una gran variedad de mariposas, viuda  negra, cerambycidae, chicharras, abejas, hueperito, hiedevivo, lib\u00e9lula verde,  esmeralda, caballito, anfibios, reptiles y aves.<\/p>\n<p>&#13;<\/p>\n<p align=\"justify\" class=\"text1noticias\">La  vegetaci\u00f3n alrededor de la cueva est\u00e1 formada por un relicto de bosque primario  sobre roca caliza, dominada por arbustos y \u00e1rboles de porte bajo.<\/p>\n<p>&#13;<\/p>\n<p align=\"justify\" class=\"text1noticias\">Aqu\u00ed  se destacan la presencia de 48 especies naturales de arraijanes, gu\u00e1yiga, caya  amarilla, guayac\u00e1n , pegapalo, jazm\u00edn, u\u00f1as de gato, dama Juana, palo de  gallina, cuba negra, yaya prieta, caf\u00e9 cimarr\u00f3n, guarapo, palo de burro,  pringamoza, palo amargo, entre otras.<\/p>\n<p>&#13;<\/p>\n<p align=\"justify\" class=\"text1noticias\">A  lo largo del territorio nacional existen otros puntos con cavernas, incluso con  una riqueza mayor en su interior, pero sobre la que se est\u00e1 trabajando tiene la  particularidad de su ubicaci\u00f3n geogr\u00e1fica, lo cual le confiere un alto \u00edndice  de rentabilidad, ya que se multiplican las facilidades de accesibilidad y de  visitas de turistas.<\/p>\n<p>&#13;<\/p>\n<p align=\"justify\" class=\"text1noticias\">La Cueva de las Maravillas se encuentra ubicada cerca de uno  de los principales polos de desarrollo tur\u00edstico del pa\u00eds, como lo es Casa  Campo en la Romana.<\/p>\n<p>&#13;<\/p>\n<h6> 2007-09-13 15:17:01 <\/h6>\n<p><!--\n<link rel=\"stylesheet\" href=\"css\/bootstrap.min.css\">\n\n\n<ul class=\"pagination\">\n\t    \n\t\n\n<li >\n\t<a href='?page_no=28673'>Previous<\/a>\n\t<\/li>\n\n\n       \n    \n\n<li><a href='?page_no=1'>1<\/a><\/li>\n\n\n\n<li><a href='?page_no=2'>2<\/a><\/li>\n\n\n\n<li><a>...<\/a><\/li>\n\n\n\n<li><a href='?page_no=28672'>28672<\/a><\/li>\n\n\n\n<li><a href='?page_no=28673'>28673<\/a><\/li>\n\n\n\n<li class='active'><a>28674<\/a><\/li>\n\n\n\n<li><a href='?page_no=28675'>28675<\/a><\/li>\n\n\n\n<li><a href='?page_no=28676'>28676<\/a><\/li>\n\n\n\n<li><a>...<\/a><\/li>\n\n\n\n<li><a href='?page_no=30472'>30472<\/a><\/li>\n\n\n\n<li><a href='?page_no=30473'>30473<\/a><\/li>\n\n    \n\t\n\n<li >\n\t<a href='?page_no=28675'>Next<\/a>\n\t<\/li>\n\n\n    \n\n<li><a href='?page_no=30473'>Last &rsaquo;&rsaquo;<\/a><\/li>\n\n<\/ul>\n\n\n--><br \/>\n<\/body><\/p>\n","protected":false},"excerpt":{"rendered":"<p>Inician\u00a0pavimentaci\u00f3n de la pista del aer\u00f3dromo de La Cueva de las Maravillas &#13; La Romana. El Departamento Aeroportuario inicio esta semana los trabajos de pavimentaci\u00f3n de la pista del Aer\u00f3dromo de La Cueva de las Maravillas, con la finalidad de atraer los turistas que llegan all\u00ed desde\u00a0 diferentes puntos del pa\u00eds en busca de turismo [&hellip;]<\/p>\n","protected":false},"author":3,"featured_media":0,"comment_status":"open","ping_status":"open","sticky":false,"template":"","format":"standard","meta":{"footnotes":""},"categories":[18],"tags":[],"class_list":["post-122794","post","type-post","status-publish","format-standard","hentry","category-economia"],"_links":{"self":[{"href":"https:\/\/diariodominicano.com\/index.php?rest_route=\/wp\/v2\/posts\/122794","targetHints":{"allow":["GET"]}}],"collection":[{"href":"https:\/\/diariodominicano.com\/index.php?rest_route=\/wp\/v2\/posts"}],"about":[{"href":"https:\/\/diariodominicano.com\/index.php?rest_route=\/wp\/v2\/types\/post"}],"author":[{"embeddable":true,"href":"https:\/\/diariodominicano.com\/index.php?rest_route=\/wp\/v2\/users\/3"}],"replies":[{"embeddable":true,"href":"https:\/\/diariodominicano.com\/index.php?rest_route=%2Fwp%2Fv2%2Fcomments&post=122794"}],"version-history":[{"count":0,"href":"https:\/\/diariodominicano.com\/index.php?rest_route=\/wp\/v2\/posts\/122794\/revisions"}],"wp:attachment":[{"href":"https:\/\/diariodominicano.com\/index.php?rest_route=%2Fwp%2Fv2%2Fmedia&parent=122794"}],"wp:term":[{"taxonomy":"category","embeddable":true,"href":"https:\/\/diariodominicano.com\/index.php?rest_route=%2Fwp%2Fv2%2Fcategories&post=122794"},{"taxonomy":"post_tag","embeddable":true,"href":"https:\/\/diariodominicano.com\/index.php?rest_route=%2Fwp%2Fv2%2Ftags&post=122794"}],"curies":[{"name":"wp","href":"https:\/\/api.w.org\/{rel}","templated":true}]}}