{"id":122793,"date":"2007-09-14T03:43:27","date_gmt":"2007-09-14T03:43:27","guid":{"rendered":"http:\/\/diariodominicano.ddns.net\/?p=122793"},"modified":"2007-09-14T03:43:27","modified_gmt":"2007-09-14T03:43:27","slug":"montas-plantea-nuevo-proceso-de-reformas-institucionales-y-economicas","status":"publish","type":"post","link":"https:\/\/diariodominicano.com\/?p=122793","title":{"rendered":"Mont\u00e1s plantea nuevo proceso de reformas institucionales y econ\u00f3micas"},"content":{"rendered":"<p><body><\/p>\n<p align=\"justify\" class=\"titulogrande1\">Mont\u00e1s  plantea nuevo proceso de reformas institucionales y econ\u00f3micas<\/p>\n<p>&#13;<\/p>\n<p align=\"justify\" class=\"text1noticias\"><strong>Santo Domingo.-<\/strong>. El Secretario  de Econom\u00eda, Planificaci\u00f3n y Desarrollo, Temistocles Montas, plante\u00f3 en un encuentro empresarial que el  pa\u00eds tendr\u00e1 que abocarse en el futuro a un nuevo proceso de reformas  institucionales y econ\u00f3micas para garantizar la continuidad del crecimiento y  hacer mas justa y equitativa la distribuci\u00f3n de la riqueza nacional.<\/p>\n<p>&#13;<\/p>\n<p align=\"justify\" class=\"text1noticias\">Dijo que entre las reformas  que deben ser visualizadas en el futuro inmediato figura una Ley de  Responsabilidad y Transparencia Fiscal que garantice una gesti\u00f3n macroecon\u00f3mica  s\u00f3lida, que reesfuerce y consolide la confianza empresarial<\/p>\n<p>&#13;<\/p>\n<p align=\"justify\" class=\"text1noticias\">Esta ley deber\u00e1 fomentar la  inversi\u00f3n privada, concentrar la incorporaci\u00f3n de mecanismos estabilizadores autom\u00e1ticos  para el fortalecimiento de las finanzas p\u00fablicas y la consolidaci\u00f3n del marco  macroecon\u00f3mico del pa\u00eds, agreg\u00f3 Montas<\/p>\n<p>&#13;<\/p>\n<p align=\"justify\" class=\"text1noticias\">Adelanto que el gobierno  tiene pr\u00e1cticamente listas las reformas a la ley Monetaria y Financiera que  ser\u00e1 sometida pr\u00f3ximamente al Congreso Nacional y que tendr\u00e1 por objetivo  fortalecer la autonom\u00eda de la autoridad monetaria y financiera, reforzar la  confiabilidad del sistema financiero, comenzar el desarrollo de los mercados de  capitales y garantizar la aplicaci\u00f3n plena de las mejores platicas  internacionales.<\/p>\n<p>&#13;<\/p>\n<p align=\"justify\" class=\"text1noticias\">Agreg\u00f3 \u00a0que esta estas reformas buscaran tambi\u00e9n  fortalecer las instituciones de apoyo a la competitividad e innovaci\u00f3n, mejorar  el capital humano creando fuerzas de trabajo mas eficientes, hacer mas  accesibles los mercados financieros, promover el desarrollo de infraestructura  p\u00fablica de calidad y fomentar la participaci\u00f3n del sector privado en la  creaci\u00f3n de infraestructura clave para mejorar la competitividad.<\/p>\n<p>&#13;<\/p>\n<p align=\"justify\" class=\"text1noticias\">Record\u00f3 que en torno a este  \u00faltimo aspecto esta siendo discutida en el Congreso una ley p\u00fablica de  concesiones que permita que en el pa\u00eds se puedan desarrollar acciones p\u00fablicas  y privadas fundamentalmente en el \u00e1rea de infraestructura.<\/p>\n<p>&#13;<\/p>\n<p align=\"justify\" class=\"text1noticias\">Montas pronuncio una  conferencia sobre \u201cEl Entorno Macroecon\u00f3mico y C\u00f3mo Hacer Negocios en la Rep\u00fablica Dominicana  en el marco de un evento auspiciado por el Greater Miami Chamber Of Comerse  (Camara de Comercio de Miami), en coordinaci\u00f3n\u00a0  con la C\u00e1mara   Americana de Comercio y la Asociaci\u00f3n Nacional  de J\u00f3venes Empresarios.<\/p>\n<p>&#13;<\/p>\n<p align=\"justify\" class=\"text1noticias\">En el evento, celebrado en el  hotel V Centenario, de esta capital, disertaron tambi\u00e9n Andr\u00e9s Van Der Horst  Hijo, Director Ejecutivo del Consejo Nacional de Competitividad y Angelis  \u00c1lvarez, Sub Directora del Centro de Exportaci\u00f3n e Inversi\u00f3n de Rep\u00fablica  Dominicana, as\u00ed como el Presidente del Consejo Nacional de la Empresa Privada.<\/p>\n<p>&#13;<\/p>\n<p align=\"justify\" class=\"text1noticias\">Durante la conferencia,  Montas resalto los logros obtenidos por el pa\u00eds en el campo econ\u00f3mico,  destacando que ha resistido siete revisiones consecutivas del acuerdo con el  Fondo Monetario Internacional (FMI), supuesto a concluir en enero del 2008.<\/p>\n<p>&#13;<\/p>\n<p align=\"justify\" class=\"text1noticias\">Dijo que a pesar que esta  administraci\u00f3n recibi\u00f3 una deuda p\u00fablica externa equivalente al 53.1% del  Producto Interno Bruto, a la fecha de hoy ha lograda reducirla a un 40.1%.<br \/>&#13;<br \/>\n  <br \/>&#13;<br \/>\n  Explico, sin embargo, que  como se esta proyectando para finales de este a\u00f1o un crecimiento del PIB del  orden del 6%, ese porcentaje se reducir\u00eda al 39%.<\/p>\n<p>&#13;<\/p>\n<p align=\"justify\" class=\"text1noticias\">Destaco que el pa\u00eds ha  mantenido la inflaci\u00f3n por debajo de un digito (4%), estabilidad en el tipo de  cambio y en el campo social ha logrado reducir los niveles de pobreza extrema  de un 13% a un 11%, as\u00ed como la pobreza en sentido general.<\/p>\n<p>&#13;<\/p>\n<p align=\"justify\" class=\"text1noticias\">Insisti\u00f3 en rechazar que el  pa\u00eds mantenga una elevada presi\u00f3n tributaria y dijo que en agosto del 2004 la  presi\u00f3n fiscal andaba por el orden del 15.1% del PIB y a finales de este a\u00f1o  llegara a 17.8%. Montas sostuvo que en la presente gesti\u00f3n el valor real del  salario se ha apreciado en un 27% y el pa\u00eds ha logrado recuperar su cr\u00e9dito  internacional acumulando las mejores calificaciones entre las agencias  calificadoras de riesgo del mundo.<\/p>\n<p>&#13;<\/p>\n<h6> 2007-09-14 03:43:27 <\/h6>\n<p><!--\n<link rel=\"stylesheet\" href=\"css\/bootstrap.min.css\">\n\n\n<ul class=\"pagination\">\n\t    \n\t\n\n<li >\n\t<a href='?page_no=28672'>Previous<\/a>\n\t<\/li>\n\n\n       \n    \n\n<li><a href='?page_no=1'>1<\/a><\/li>\n\n\n\n<li><a href='?page_no=2'>2<\/a><\/li>\n\n\n\n<li><a>...<\/a><\/li>\n\n\n\n<li><a href='?page_no=28671'>28671<\/a><\/li>\n\n\n\n<li><a href='?page_no=28672'>28672<\/a><\/li>\n\n\n\n<li class='active'><a>28673<\/a><\/li>\n\n\n\n<li><a href='?page_no=28674'>28674<\/a><\/li>\n\n\n\n<li><a href='?page_no=28675'>28675<\/a><\/li>\n\n\n\n<li><a>...<\/a><\/li>\n\n\n\n<li><a href='?page_no=30472'>30472<\/a><\/li>\n\n\n\n<li><a href='?page_no=30473'>30473<\/a><\/li>\n\n    \n\t\n\n<li >\n\t<a href='?page_no=28674'>Next<\/a>\n\t<\/li>\n\n\n    \n\n<li><a href='?page_no=30473'>Last &rsaquo;&rsaquo;<\/a><\/li>\n\n<\/ul>\n\n\n--><br \/>\n<\/body><\/p>\n","protected":false},"excerpt":{"rendered":"<p>Mont\u00e1s plantea nuevo proceso de reformas institucionales y econ\u00f3micas &#13; Santo Domingo.-. El Secretario de Econom\u00eda, Planificaci\u00f3n y Desarrollo, Temistocles Montas, plante\u00f3 en un encuentro empresarial que el pa\u00eds tendr\u00e1 que abocarse en el futuro a un nuevo proceso de reformas institucionales y econ\u00f3micas para garantizar la continuidad del crecimiento y hacer mas justa y [&hellip;]<\/p>\n","protected":false},"author":3,"featured_media":0,"comment_status":"open","ping_status":"open","sticky":false,"template":"","format":"standard","meta":{"footnotes":""},"categories":[18],"tags":[],"class_list":["post-122793","post","type-post","status-publish","format-standard","hentry","category-economia"],"_links":{"self":[{"href":"https:\/\/diariodominicano.com\/index.php?rest_route=\/wp\/v2\/posts\/122793","targetHints":{"allow":["GET"]}}],"collection":[{"href":"https:\/\/diariodominicano.com\/index.php?rest_route=\/wp\/v2\/posts"}],"about":[{"href":"https:\/\/diariodominicano.com\/index.php?rest_route=\/wp\/v2\/types\/post"}],"author":[{"embeddable":true,"href":"https:\/\/diariodominicano.com\/index.php?rest_route=\/wp\/v2\/users\/3"}],"replies":[{"embeddable":true,"href":"https:\/\/diariodominicano.com\/index.php?rest_route=%2Fwp%2Fv2%2Fcomments&post=122793"}],"version-history":[{"count":0,"href":"https:\/\/diariodominicano.com\/index.php?rest_route=\/wp\/v2\/posts\/122793\/revisions"}],"wp:attachment":[{"href":"https:\/\/diariodominicano.com\/index.php?rest_route=%2Fwp%2Fv2%2Fmedia&parent=122793"}],"wp:term":[{"taxonomy":"category","embeddable":true,"href":"https:\/\/diariodominicano.com\/index.php?rest_route=%2Fwp%2Fv2%2Fcategories&post=122793"},{"taxonomy":"post_tag","embeddable":true,"href":"https:\/\/diariodominicano.com\/index.php?rest_route=%2Fwp%2Fv2%2Ftags&post=122793"}],"curies":[{"name":"wp","href":"https:\/\/api.w.org\/{rel}","templated":true}]}}