{"id":122792,"date":"2007-09-14T03:57:50","date_gmt":"2007-09-14T03:57:50","guid":{"rendered":"http:\/\/diariodominicano.ddns.net\/?p=122792"},"modified":"2007-09-14T03:57:50","modified_gmt":"2007-09-14T03:57:50","slug":"zonas-francas-necesitan-una-real-diversificacion-fortalecimiento-y-convergencia-con-industria-local","status":"publish","type":"post","link":"https:\/\/diariodominicano.com\/?p=122792","title":{"rendered":"Zonas francas necesitan una real diversificaci\u00f3n, fortalecimiento y convergencia con industria local"},"content":{"rendered":"<p><body><\/p>\n<p align=\"justify\" class=\"titulogrande1\"><strong>Zonas francas necesitan una real diversificaci\u00f3n, fortalecimiento y  convergencia con industria local<\/strong><\/p>\n<p>&#13;<\/p>\n<p align=\"justify\" class=\"text1noticias\"><strong><img loading=\"lazy\" decoding=\"async\" src=\"http:\/\/localhost:8080\/economia\/pictures\/andres vanderhorst alvarez.jpg\" width=\"269\" height=\"247\" hspace=\"4\" align=\"left\" \/>Santo Domingo.-<\/strong> El director del Consejo Nacional  de la Competitividad  dijo que luego de la crisis que enfrentaron las zonas francas textiles se hacer  evidente la necesidad de una real diversificaci\u00f3n y fortalecimiento competitivo  de este sector, as\u00ed como una convergencia con la industria local, que \u201cpermita  vincular el exitoso modelo de zona francas\u201d con la industria nacional.<\/p>\n<p>&#13;<\/p>\n<p align=\"justify\" class=\"text1noticias\">Andr\u00e9s van  de Hosrt \u00c1lvarez al  pronunciar la charla competitividad: herramienta de desarrollo de cara a la  globalizaci\u00f3n, en el marco de la novena Convenci\u00f3n   Iberoamericana de Excelencia en la Gesti\u00f3n que organiz\u00f3 la Oficina de Administraci\u00f3n  de Personal.<br \/>&#13;<br \/>\n  \u00a0<br \/>&#13;<br \/>\n\u201cDebemos  ir migrando paulatinamente hacia segmentos de mayor tecnificaci\u00f3n, incluso  dentro de la misma producci\u00f3n textil, en respuesta a los nuevos requerimientos  de la demanda global\u201d, expres\u00f3 van der Horst \u00c1lvarez. <\/p>\n<p>&#13;<\/p>\n<p align=\"justify\" class=\"text1noticias\">Explic\u00f3  que se debe lograr \u201cuna integraci\u00f3n completa y \u201chacia atr\u00e1s\u201d de la cadena de  valor, que logre incorporar a las Pymes locales dentro de un verdadero esquema  de desarrollo de proveedores\u201d.<\/p>\n<p>&#13;<\/p>\n<p align=\"justify\" class=\"text1noticias\">En  ese sentido dijo que el Consejo Nacional de Competitividad apuesta \u201ca una  estrategia de convergencia industrial que permita vincular el exitoso modelo de  ZZFF amparado en reg\u00edmenes de incentivos con la industria local tradicional\u201d.<\/p>\n<p>&#13;<\/p>\n<p align=\"justify\" class=\"text1noticias\">Esta  propuesta tiene como objetivo lograr \u201cla integraci\u00f3n productiva a trav\u00e9s del  desarrollo de clusters y\/o grupos asociativos\u201d. Van der Horst \u00c1lvarez expres\u00f3  que de esta forma se logra un \u201cverdadero sistema exportador\u201d, ya que las  industrias y zonas francas no se ver\u00e1n como \u201ccompetidores aislados dentro del  contexto global\u201d, sino como integrantes de \u201cs\u00f3lidas cadenas de valor que  cooperan para exportar un bien de calidad y a precios competitivos\u201d, sentenci\u00f3  el funcionario.\u00a0\u00a0 <\/p>\n<p>&#13;<\/p>\n<p align=\"justify\" class=\"text1noticias\">El director del CNC sostuvo que dentro de las  zonas francas la electr\u00f3nica, instrumentos m\u00e9dicos, mecatr\u00f3nica, joyer\u00eda y  calzado, han demostrado su potencial y pueden \u201ccompletar y diversificar la  oferta exportable del sector\u201d.<\/p>\n<p>&#13;<\/p>\n<p align=\"justify\" class=\"text1noticias\">No  obstante, van der Horst \u00c1lvarez entiende que\u00a0  para que la industria y las zonas francas puedan hacerle frente a la  hipercompetencia global \u201cse hace necesario contar con una estrategia de  promoci\u00f3n a las exportaciones, que apoye a los sectores productivos nacionales  en la producci\u00f3n eficiente y la comercializaci\u00f3n efectiva de los productos con  potencial para la exportaci\u00f3n y en los cuales podamos ser competitivos a nivel  internacional\u201d.<\/p>\n<p>&#13;<\/p>\n<h6> 2007-09-14 03:57:50 <\/h6>\n<p><!--\n<link rel=\"stylesheet\" href=\"css\/bootstrap.min.css\">\n\n\n<ul class=\"pagination\">\n\t    \n\t\n\n<li >\n\t<a href='?page_no=28671'>Previous<\/a>\n\t<\/li>\n\n\n       \n    \n\n<li><a href='?page_no=1'>1<\/a><\/li>\n\n\n\n<li><a href='?page_no=2'>2<\/a><\/li>\n\n\n\n<li><a>...<\/a><\/li>\n\n\n\n<li><a href='?page_no=28670'>28670<\/a><\/li>\n\n\n\n<li><a href='?page_no=28671'>28671<\/a><\/li>\n\n\n\n<li class='active'><a>28672<\/a><\/li>\n\n\n\n<li><a href='?page_no=28673'>28673<\/a><\/li>\n\n\n\n<li><a href='?page_no=28674'>28674<\/a><\/li>\n\n\n\n<li><a>...<\/a><\/li>\n\n\n\n<li><a href='?page_no=30472'>30472<\/a><\/li>\n\n\n\n<li><a href='?page_no=30473'>30473<\/a><\/li>\n\n    \n\t\n\n<li >\n\t<a href='?page_no=28673'>Next<\/a>\n\t<\/li>\n\n\n    \n\n<li><a href='?page_no=30473'>Last &rsaquo;&rsaquo;<\/a><\/li>\n\n<\/ul>\n\n\n--><br \/>\n<\/body><\/p>\n","protected":false},"excerpt":{"rendered":"<p>Zonas francas necesitan una real diversificaci\u00f3n, fortalecimiento y convergencia con industria local &#13; Santo Domingo.- El director del Consejo Nacional de la Competitividad dijo que luego de la crisis que enfrentaron las zonas francas textiles se hacer evidente la necesidad de una real diversificaci\u00f3n y fortalecimiento competitivo de este sector, as\u00ed como una convergencia con [&hellip;]<\/p>\n","protected":false},"author":3,"featured_media":0,"comment_status":"open","ping_status":"open","sticky":false,"template":"","format":"standard","meta":{"footnotes":""},"categories":[18],"tags":[],"class_list":["post-122792","post","type-post","status-publish","format-standard","hentry","category-economia"],"_links":{"self":[{"href":"https:\/\/diariodominicano.com\/index.php?rest_route=\/wp\/v2\/posts\/122792","targetHints":{"allow":["GET"]}}],"collection":[{"href":"https:\/\/diariodominicano.com\/index.php?rest_route=\/wp\/v2\/posts"}],"about":[{"href":"https:\/\/diariodominicano.com\/index.php?rest_route=\/wp\/v2\/types\/post"}],"author":[{"embeddable":true,"href":"https:\/\/diariodominicano.com\/index.php?rest_route=\/wp\/v2\/users\/3"}],"replies":[{"embeddable":true,"href":"https:\/\/diariodominicano.com\/index.php?rest_route=%2Fwp%2Fv2%2Fcomments&post=122792"}],"version-history":[{"count":0,"href":"https:\/\/diariodominicano.com\/index.php?rest_route=\/wp\/v2\/posts\/122792\/revisions"}],"wp:attachment":[{"href":"https:\/\/diariodominicano.com\/index.php?rest_route=%2Fwp%2Fv2%2Fmedia&parent=122792"}],"wp:term":[{"taxonomy":"category","embeddable":true,"href":"https:\/\/diariodominicano.com\/index.php?rest_route=%2Fwp%2Fv2%2Fcategories&post=122792"},{"taxonomy":"post_tag","embeddable":true,"href":"https:\/\/diariodominicano.com\/index.php?rest_route=%2Fwp%2Fv2%2Ftags&post=122792"}],"curies":[{"name":"wp","href":"https:\/\/api.w.org\/{rel}","templated":true}]}}