{"id":122791,"date":"2007-09-14T23:25:54","date_gmt":"2007-09-14T23:25:54","guid":{"rendered":"http:\/\/diariodominicano.ddns.net\/?p=122791"},"modified":"2007-09-14T23:25:54","modified_gmt":"2007-09-14T23:25:54","slug":"afirma-el-salvador-ha-apostado-a-la-competitividad","status":"publish","type":"post","link":"https:\/\/diariodominicano.com\/?p=122791","title":{"rendered":"Afirma El Salvador ha apostado a la competitividad"},"content":{"rendered":"<p><body><\/p>\n<p class=\"titulogrande1\">Afirma El Salvador ha apostado a la competitividad<\/p>\n<p>&#13;<\/p>\n<p align=\"justify\" class=\"text1noticias\"><strong>SANTO DOMINGO.- <\/strong>La vicepresidenta de El  Salvador, se\u00f1ora Ana Vilma Albanez\u00a0 de Escobar, afirm\u00f3\u00a0 que\u00a0 El  Salvador ha apostado a la competitividad y utiliza sus buenos indicadores para  atraer inversiones y competir.<br \/>&#13;<br \/>\n  <br \/>&#13;<br \/>\n  Al participar el pasado mi\u00e9rcoles como  invitada de honor al Encuentro Econ\u00f3mico del peri\u00f3dico HOY, la se\u00f1ora Albanez  de Escobar dijo que actualmente son el quinto pa\u00eds en competitividad y el  cuarto\u00a0 en transparencia en Am\u00e9rica Latina,\u00a0\u00a0 de acuerdo al Foro  Econ\u00f3mico Mundial y\u00a0 a la Organizaci\u00f3n Transparencia Internacional,  situada en Berl\u00edn, Alemania.<br \/>&#13;<br \/>\n<br \/>&#13;<br \/>\n   Sostuvo que estos son indicadores  importantes y cartas de presentaci\u00f3n cuando compiten con el mundo.<br \/>&#13;<br \/>\n  <br \/>&#13;<br \/>\n  Sin embargo, consider\u00f3 que aunque estos  indicadores s\u00f3lo son n\u00fameros, para ellos es importante que estos se traduzcan  en beneficios para su poblaci\u00f3n, por tanto tienen que servir para crecer m\u00e1s.<br \/>&#13;<br \/>\n  <br \/>&#13;<br \/>\n  La vicepresidenta de El Salvador, resalt\u00f3 que  ese pa\u00eds\u00a0 logr\u00f3 duplicar su Producto Interno Bruto (PIB) y enfocarse en  reducir la pobreza en un 32 puntos, cuando hace 15 a\u00f1os era de 60.<br \/>&#13;<br \/>\n  <br \/>&#13;<br \/>\n  Dijo que eso se logr\u00f3 a trav\u00e9s de trabajos  focalizados,\u00a0 lo que era una situaci\u00f3n prioritaria para ese pa\u00eds.<br \/>&#13;<br \/>\n  <br \/>&#13;<br \/>\n  Explic\u00f3 que tambi\u00e9n se tomaron decisiones  importantes como fueron las privatizaciones, a partir del a\u00f1o 1998 de las  telecomunicaciones, la distribuci\u00f3n de energ\u00eda, de pensiones y la  reprivatizaci\u00f3n de la banca que hab\u00eda sido nacionalizada en los 80.<br \/>&#13;<br \/>\n  <br \/>&#13;<br \/>\n  Dijo que la econom\u00eda agr\u00edcola salvadore\u00f1a pas\u00f3  a ser una de servicio, pues el 60% del PIB se genera en el comercio y en la  banca, transporte, el 22% es manofactura y un 12,5% es agricultura.<br \/>&#13;<br \/>\n  <br \/>&#13;<br \/>\n  La vicepresidenta Albanez de Escobar, expres\u00f3,  adem\u00e1s que El Salvador le est\u00e1 apostando por primera vez al turismo,\u00a0 por  lo que luego de varias pol\u00edticas implementadas registr\u00f3 un crecimiento de  turistas de un 19% entre el a\u00f1o 2005-2006.<br \/>&#13;<br \/>\n  <br \/>&#13;<br \/>\n  Dijo que esa naci\u00f3n tiene las  condiciones necesarias para convertirse en un punto de encuentro para hacer  negocios.<br \/>&#13;<br \/>\n  <br \/>&#13;<br \/>\n  Adem\u00e1s est\u00e1n apostando, por su posici\u00f3n  estrat\u00e9gica, la log\u00edstica y distribuci\u00f3n, por lo que est\u00e1n construyendo un  puerto en el Pac\u00edfico. Se\u00f1al\u00f3 que adem\u00e1s cuentan con su l\u00ednea \u00e1rea, excelente  telecomunicaci\u00f3n, carreteras, por lo que consider\u00f3 podr\u00e1n desarrollar la log\u00edstica  y distribuci\u00f3n.<br \/>&#13;<br \/>\n<br \/>&#13;<br \/>\n   Se\u00f1al\u00f3 tambi\u00e9n que los \u201ccall center\u201d  est\u00e1n floreciendo en El Salvador. Est\u00e1n tambi\u00e9n impulsando los parques de  servicios. <br \/>&#13;<br \/>\n  <br \/>&#13;<br \/>\n  La vicepresidenta de El Salvador,  Albanez\u00a0 de Escobar destac\u00f3 la importancia que ese pa\u00eds le da a la pol\u00edtica  social para asegurar el bienestar de su poblaci\u00f3n.<br \/>&#13;<br \/>\n  <br \/>&#13;<br \/>\n  \u201cDebemos tener claro, por qu\u00e9 estamos  trabajando y que lo hacemos para mejorar las condiciones de vida de nuestra  gente\u201d, sostuvo.<br \/>&#13;<br \/>\n  <br \/>&#13;<br \/>\n  Consider\u00f3 la vicpresidenta salvadore\u00f1a que de  nada sirven los n\u00fameros, los avances, si la poblaci\u00f3n no tiene mejor salud,  educaci\u00f3n y mejores accesos\u00a0 a oportunidades.<br \/>&#13;<br \/>\n  <br \/>&#13;<br \/>\n  Hoy<\/p>\n<p>&#13;<\/p>\n<h6> 2007-09-14 23:25:54 <\/h6>\n<p><!--\n<link rel=\"stylesheet\" href=\"css\/bootstrap.min.css\">\n\n\n<ul class=\"pagination\">\n\t    \n\t\n\n<li >\n\t<a href='?page_no=28670'>Previous<\/a>\n\t<\/li>\n\n\n       \n    \n\n<li><a href='?page_no=1'>1<\/a><\/li>\n\n\n\n<li><a href='?page_no=2'>2<\/a><\/li>\n\n\n\n<li><a>...<\/a><\/li>\n\n\n\n<li><a href='?page_no=28669'>28669<\/a><\/li>\n\n\n\n<li><a href='?page_no=28670'>28670<\/a><\/li>\n\n\n\n<li class='active'><a>28671<\/a><\/li>\n\n\n\n<li><a href='?page_no=28672'>28672<\/a><\/li>\n\n\n\n<li><a href='?page_no=28673'>28673<\/a><\/li>\n\n\n\n<li><a>...<\/a><\/li>\n\n\n\n<li><a href='?page_no=30472'>30472<\/a><\/li>\n\n\n\n<li><a href='?page_no=30473'>30473<\/a><\/li>\n\n    \n\t\n\n<li >\n\t<a href='?page_no=28672'>Next<\/a>\n\t<\/li>\n\n\n    \n\n<li><a href='?page_no=30473'>Last &rsaquo;&rsaquo;<\/a><\/li>\n\n<\/ul>\n\n\n--><br \/>\n<\/body><\/p>\n","protected":false},"excerpt":{"rendered":"<p>Afirma El Salvador ha apostado a la competitividad &#13; SANTO DOMINGO.- La vicepresidenta de El Salvador, se\u00f1ora Ana Vilma Albanez\u00a0 de Escobar, afirm\u00f3\u00a0 que\u00a0 El Salvador ha apostado a la competitividad y utiliza sus buenos indicadores para atraer inversiones y competir.&#13; &#13; Al participar el pasado mi\u00e9rcoles como invitada de honor al Encuentro Econ\u00f3mico del [&hellip;]<\/p>\n","protected":false},"author":3,"featured_media":0,"comment_status":"open","ping_status":"open","sticky":false,"template":"","format":"standard","meta":{"footnotes":""},"categories":[18],"tags":[],"class_list":["post-122791","post","type-post","status-publish","format-standard","hentry","category-economia"],"_links":{"self":[{"href":"https:\/\/diariodominicano.com\/index.php?rest_route=\/wp\/v2\/posts\/122791","targetHints":{"allow":["GET"]}}],"collection":[{"href":"https:\/\/diariodominicano.com\/index.php?rest_route=\/wp\/v2\/posts"}],"about":[{"href":"https:\/\/diariodominicano.com\/index.php?rest_route=\/wp\/v2\/types\/post"}],"author":[{"embeddable":true,"href":"https:\/\/diariodominicano.com\/index.php?rest_route=\/wp\/v2\/users\/3"}],"replies":[{"embeddable":true,"href":"https:\/\/diariodominicano.com\/index.php?rest_route=%2Fwp%2Fv2%2Fcomments&post=122791"}],"version-history":[{"count":0,"href":"https:\/\/diariodominicano.com\/index.php?rest_route=\/wp\/v2\/posts\/122791\/revisions"}],"wp:attachment":[{"href":"https:\/\/diariodominicano.com\/index.php?rest_route=%2Fwp%2Fv2%2Fmedia&parent=122791"}],"wp:term":[{"taxonomy":"category","embeddable":true,"href":"https:\/\/diariodominicano.com\/index.php?rest_route=%2Fwp%2Fv2%2Fcategories&post=122791"},{"taxonomy":"post_tag","embeddable":true,"href":"https:\/\/diariodominicano.com\/index.php?rest_route=%2Fwp%2Fv2%2Ftags&post=122791"}],"curies":[{"name":"wp","href":"https:\/\/api.w.org\/{rel}","templated":true}]}}