{"id":122789,"date":"2007-09-14T23:30:03","date_gmt":"2007-09-14T23:30:03","guid":{"rendered":"http:\/\/diariodominicano.ddns.net\/?p=122789"},"modified":"2007-09-14T23:30:03","modified_gmt":"2007-09-14T23:30:03","slug":"vicepresidenta-de-el-salvador-destaca-valor-de-la-educacion","status":"publish","type":"post","link":"https:\/\/diariodominicano.com\/?p=122789","title":{"rendered":"Vicepresidenta de El Salvador destaca valor de la educaci\u00f3n"},"content":{"rendered":"<p><body><\/p>\n<p class=\"titulogrande1\"><strong>Vicepresidenta de El  Salvador destaca valor de la educaci\u00f3n<\/strong><\/p>\n<p>&#13;<\/p>\n<p align=\"justify\" class=\"text1noticias\"><strong>SANTIAGO.-<\/strong> La Vicepresidenta  de\u00a0 El Salvador, doctora Ana Vilma Albanez de Escobar, afirm\u00f3 ayer aqu\u00ed  que la mejor pol\u00edtica social que el Estado puede implementar en una naci\u00f3n para  reducir el \u00edndice de la pobreza, es fomentar la educaci\u00f3n y crear fuentes de  empleos.<br \/>&#13;<br \/>\n  <br \/>&#13;<br \/>\n  Dijo que el Presidente\u00a0debe proveer la  plataforma para que la ciudadan\u00eda aproveche sus propias iniciativas.<br \/>&#13;<br \/>\n  <br \/>&#13;<br \/>\n  En ese sentido, manifest\u00f3 que el gobierno de  El Salvador ha hecho esfuerzos para reducir la pobreza en los \u00faltimos tiempos  de 70 a 30 puntos, mientras que la pobreza extrema dijo que se ha disminuido de  24 a 13 puntos.<br \/>&#13;<br \/>\n  <br \/>&#13;<br \/>\n\u201cNuestro gobierno trabaja con aquellas  personas que no pueden salir hacia delante, y para ello contamos con la colaboraci\u00f3n  mutua de diferentes carteras de Estado, atendiendo a grupos vulnerables como  las mujeres y a los pobres darles oportunidades para que mejoren\u201d, afirm\u00f3  Albanez de Escobar.<br \/>&#13;<br \/>\n<br \/>&#13;<br \/>\nLa vicepresidenta de El Salvador particip\u00f3  ayer en el almuerzo-di\u00e1logo, \u201cImpacto de la inversi\u00f3n social en el desarrollo  econ\u00f3mico\u201d, en el Sal\u00f3n Magu\u00e1 del Hotel Gran Almirante, de esta ciudad.<br \/>&#13;<br \/>\n<br \/>&#13;<br \/>\nLa actividad fue organizada por la  Organizaci\u00f3n Callejera, entidad que trabaja para el rescate de la poblaci\u00f3n  infantil, y donde tambi\u00e9n asistieron\u00a0 empresarios, dirigentes, pol\u00edticos y  funcionarios del gobierno.<br \/>&#13;<br \/>\n<br \/>&#13;<br \/>\nLa Vicepresidenta Albanez de Escobar explic\u00f3  que adem\u00e1s de la creaci\u00f3n de empleos, la inversi\u00f3n del Estado en el sistema  educativo es fundamental para la transformaci\u00f3n de la sociedad y la reducci\u00f3n  de la pobreza en todos los sentidos.<br \/>&#13;<br \/>\n<br \/>&#13;<br \/>\n\u201cSer pol\u00edtico es servir al pa\u00eds\u201d, sentenci\u00f3.<br \/>&#13;<br \/>\n<br \/>&#13;<br \/>\nPor otra parte, Albanez de Escobar destac\u00f3 el  aire de paz y democracia que vive su naci\u00f3n, al tiempo de explicar que El  Salvador cuenta con m\u00e1s libertad de expresi\u00f3n y pensamiento que pa\u00edses como  Chile, Estados Unidos y Francia.<br \/>&#13;<br \/>\n<br \/>&#13;<br \/>\n\u201cLa libertad que tenemos en El Salvador es una  democracia que crece, pero una democracia no se sostiene sola, no es viable  sino tiene compromisos decididos con las necesidades de la poblaci\u00f3n, y creo  que el trabajo debe hacerse para mantener el sistema pol\u00edtico de libertades\u201d,  subray\u00f3.<br \/>&#13;<br \/>\n<br \/>&#13;<br \/>\nLa vicepresidenta de El Salvador inform\u00f3 que  es la segunda visita que realiza a la Rep\u00fablica Dominicana, pero es la primera  en asuntos de trabajo.<br \/>&#13;<br \/>\n<br \/>&#13;<br \/>\nAlbanez de Escobar calific\u00f3 este pa\u00eds  como\u00a0 \u201cbell\u00edsimo\u201d, y destac\u00f3 los encuentros con empresarios, entrevistas  en programas de televisi\u00f3n, con la Asociaci\u00f3n de Hoteleros.<br \/>&#13;<br \/>\n<br \/>&#13;<br \/>\n\u201cEsta es una experiencia importante: el poder  compartir con los dominicanos, crear objetivos con nuestras gestiones, porque  quiz\u00e1s no nos conocemos lo suficiente y entiendo que podemos tener grandes  oportunidades\u201d, se\u00f1al\u00f3.<br \/>&#13;<br \/>\n<br \/>&#13;<br \/>\n  Hoy<\/p>\n<p>&#13;<\/p>\n<h6> 2007-09-14 23:30:03 <\/h6>\n<p><!--\n<link rel=\"stylesheet\" href=\"css\/bootstrap.min.css\">\n\n\n<ul class=\"pagination\">\n\t    \n\t\n\n<li >\n\t<a href='?page_no=28668'>Previous<\/a>\n\t<\/li>\n\n\n       \n    \n\n<li><a href='?page_no=1'>1<\/a><\/li>\n\n\n\n<li><a href='?page_no=2'>2<\/a><\/li>\n\n\n\n<li><a>...<\/a><\/li>\n\n\n\n<li><a href='?page_no=28667'>28667<\/a><\/li>\n\n\n\n<li><a href='?page_no=28668'>28668<\/a><\/li>\n\n\n\n<li class='active'><a>28669<\/a><\/li>\n\n\n\n<li><a href='?page_no=28670'>28670<\/a><\/li>\n\n\n\n<li><a href='?page_no=28671'>28671<\/a><\/li>\n\n\n\n<li><a>...<\/a><\/li>\n\n\n\n<li><a href='?page_no=30472'>30472<\/a><\/li>\n\n\n\n<li><a href='?page_no=30473'>30473<\/a><\/li>\n\n    \n\t\n\n<li >\n\t<a href='?page_no=28670'>Next<\/a>\n\t<\/li>\n\n\n    \n\n<li><a href='?page_no=30473'>Last &rsaquo;&rsaquo;<\/a><\/li>\n\n<\/ul>\n\n\n--><br \/>\n<\/body><\/p>\n","protected":false},"excerpt":{"rendered":"<p>Vicepresidenta de El Salvador destaca valor de la educaci\u00f3n &#13; SANTIAGO.- La Vicepresidenta de\u00a0 El Salvador, doctora Ana Vilma Albanez de Escobar, afirm\u00f3 ayer aqu\u00ed que la mejor pol\u00edtica social que el Estado puede implementar en una naci\u00f3n para reducir el \u00edndice de la pobreza, es fomentar la educaci\u00f3n y crear fuentes de empleos.&#13; &#13; [&hellip;]<\/p>\n","protected":false},"author":3,"featured_media":0,"comment_status":"open","ping_status":"open","sticky":false,"template":"","format":"standard","meta":{"footnotes":""},"categories":[18],"tags":[],"class_list":["post-122789","post","type-post","status-publish","format-standard","hentry","category-economia"],"_links":{"self":[{"href":"https:\/\/diariodominicano.com\/index.php?rest_route=\/wp\/v2\/posts\/122789","targetHints":{"allow":["GET"]}}],"collection":[{"href":"https:\/\/diariodominicano.com\/index.php?rest_route=\/wp\/v2\/posts"}],"about":[{"href":"https:\/\/diariodominicano.com\/index.php?rest_route=\/wp\/v2\/types\/post"}],"author":[{"embeddable":true,"href":"https:\/\/diariodominicano.com\/index.php?rest_route=\/wp\/v2\/users\/3"}],"replies":[{"embeddable":true,"href":"https:\/\/diariodominicano.com\/index.php?rest_route=%2Fwp%2Fv2%2Fcomments&post=122789"}],"version-history":[{"count":0,"href":"https:\/\/diariodominicano.com\/index.php?rest_route=\/wp\/v2\/posts\/122789\/revisions"}],"wp:attachment":[{"href":"https:\/\/diariodominicano.com\/index.php?rest_route=%2Fwp%2Fv2%2Fmedia&parent=122789"}],"wp:term":[{"taxonomy":"category","embeddable":true,"href":"https:\/\/diariodominicano.com\/index.php?rest_route=%2Fwp%2Fv2%2Fcategories&post=122789"},{"taxonomy":"post_tag","embeddable":true,"href":"https:\/\/diariodominicano.com\/index.php?rest_route=%2Fwp%2Fv2%2Ftags&post=122789"}],"curies":[{"name":"wp","href":"https:\/\/api.w.org\/{rel}","templated":true}]}}