{"id":122788,"date":"2007-09-15T00:45:38","date_gmt":"2007-09-15T00:45:38","guid":{"rendered":"http:\/\/diariodominicano.ddns.net\/?p=122788"},"modified":"2007-09-15T00:45:38","modified_gmt":"2007-09-15T00:45:38","slug":"semana-dominicana-15-anos-de-resultados-positivos-para-rd","status":"publish","type":"post","link":"https:\/\/diariodominicano.com\/?p=122788","title":{"rendered":"SEMANA DOMINICANA: 15 a\u00f1os de resultados positivos para RD"},"content":{"rendered":"<p><body><\/p>\n<p class=\"titulogrande1\"><strong>SEMANA DOMINICANA: 15 a\u00f1os de  resultados positivos para RD<\/strong><\/p>\n<p>&#13;<\/p>\n<p align=\"justify\" class=\"text1noticias\"><strong>Santo Domingo.-<\/strong> La Semana Dominicana  llega a sus quince a\u00f1os contribuyendo con un objetivo b\u00e1sico, el mejoramiento de la imagen de la Rep\u00fablica Dominicana  y la elevaci\u00f3n de la influencia de la comunidad dominicana residente en los  Estados Unidos.<\/p>\n<p>&#13;<\/p>\n<p align=\"justify\" class=\"text1noticias\">El Comit\u00e9 Organizador de Semana Dominicana, encabezado  por \u00a0Luis Heredia Bonetti, e integrado  por Ellis P\u00e9rez, vicepresidente; Frank Moya Pons, Roberto Salad\u00edn, Frederic  Emam-Zade, Roberto Alvarez, Guillermo Rivera, Pedro D\u00edaz Ballester, Muriel  Alfonseca, entre otros, desde el a\u00f1o 1992 ha impulsado un programa sostenido todos  los a\u00f1os en los  Estados Unidos, convencidos de la necesidad de proyectar los valores de la  naci\u00f3n dominicana y concitar el di\u00e1logo en los escenarios m\u00e1s prestigiosos e  id\u00f3neos, para fortalecer los v\u00ednculos comerciales, acad\u00e9micos, art\u00edsticos y  pol\u00edticos entre dominicanos y estadounidenses, en el contexto de una creciente  interdependencia internacional.<\/p>\n<p>&#13;<\/p>\n<p align=\"justify\" class=\"text1noticias\">La XV Versi\u00f3n de la\u00a0 Semana Dominicana  se inicia el pr\u00f3ximo lunes 17 en Washington con un programa de actividades que  incluye la participaci\u00f3n del Presidente Leonel Fern\u00e1ndez. La jornada concluir\u00e1  el jueves 20 en Nueva York.<br \/>&#13;<br \/>\n  \u00a0<br \/>&#13;<br \/>\n  Heredia Bonetti dijo que Semana Dominicana funciona  como una correa de transmisi\u00f3n de las relaciones de Rep\u00fablica Dominicana con  sus connacionales residentes en Estados Unidos. <br \/>&#13;<br \/>\n  <br \/>&#13;<br \/>\n  \u201cSemana Dominicana ha  contribuido eficazmente con los programas tendentes a institucionalizar los nexos entre dominicanos de aqu\u00ed y de all\u00e1,  estadounidenses de origen dominicano y las esferas de decisiones en Estados  Unidos\u201d, manifest\u00f3.<\/p>\n<p>&#13;<\/p>\n<p align=\"justify\" class=\"text1noticias\">Resalt\u00f3 que la exaltaci\u00f3n de los valores, en lo  econ\u00f3mico, lo cultural, art\u00edstico, musical y profesional ha impulsado la  integraci\u00f3n de los dominicanos en Estados Unidos y su empoderamiento para  participar en los procesos c\u00edvicos y pol\u00edticos.<\/p>\n<p>&#13;<\/p>\n<p align=\"justify\" class=\"text1noticias\">\u201cLa   Semana Dominicana ha sido un valioso instrumento de promoci\u00f3n  de mejores relaciones entre la Rep\u00fablica Dominicana y los Estados Unidos de  Am\u00e9rica, en un esfuerzo conjunto para presentar los aspectos m\u00e1s positivos de  dichas relaciones e identificar oportunidades de colaboraci\u00f3n mutua. Nuevas  puertas se han\u00a0 abierto al facilitar  niveles m\u00e1s elevados de conocimiento rec\u00edproco, en un clima de confianza,  respetabilidad y credibilidad, por la calidad de las personas e instituciones  involucradas\u201d, afirm\u00f3.<\/p>\n<p>&#13;<\/p>\n<p align=\"justify\" class=\"text1noticias\">Agreg\u00f3 que todas las personas que han colaborado al \u00e9xito  de la Semana\u00a0 Dominicana en los Estados  Unidos tienen legitimo motivo para regocijarse por la celebraci\u00f3n de esta decimoquinta  edici\u00f3n y pueden con satisfacci\u00f3n proclamar que han sido participes de la  iniciativa m\u00e1s fecunda tendente a mejorar la imagen y elevar la valoraci\u00f3n  externa de la   Rep\u00fablica Dominicana y sus naciones.<\/p>\n<p>&#13;<\/p>\n<p align=\"justify\" class=\"text1noticias\"><strong>Importantes  contribuciones.-<\/strong>\u00a0 Uno de los aportes m\u00e1s importantes  de Semana Dominicana en estos 15 a\u00f1os, ha sido despertar\u00a0 el inter\u00e9s y fomentar la  atenci\u00f3n a los asuntos dominicanos con una comunicaci\u00f3n efectiva de alto rango.<\/p>\n<p>&#13;<\/p>\n<p align=\"justify\" class=\"text1noticias\">Cabe citar entre los aportes, el hecho de que la  di\u00e1spora\u00a0 dominicana ha utilizado este  foro para plantear la discusi\u00f3n de temas relevantes para el mejoramiento de su  participaci\u00f3n en la cultura, la econom\u00eda y la pol\u00edtica, tanto de su naci\u00f3n de  origen como en el pa\u00eds que les ha acogido (Estados Unidos). Uno de estos hitos  importantes es la discusi\u00f3n del tema del voto de los dominicanos residentes en  el exterior y de propuestas legislativas para proteger sus intereses  econ\u00f3micos, canalizada en una reuni\u00f3n de la Comisi\u00f3n de la C\u00e1mara de Diputados que se traslad\u00f3 a Estados  Unidos\u00a0 expresamente para recibir debates  de estas iniciativas, en el marco de la Semana\u00a0 Dominicana.<\/p>\n<p>&#13;<\/p>\n<p align=\"justify\" class=\"text1noticias\">El haber contribuido a mantener los intereses dominicanos  en la agenda de los c\u00edrculos m\u00e1s elevados de decisi\u00f3n de los Estados Unidos y  de los organismos internacionales que tienen sede en ese pa\u00eds, al conseguir que  a\u00f1o tras a\u00f1o ese evento tuviera por anfitriones las instituciones del m\u00e1s alto  rango y prestigio en el \u00e1mbito gubernamental, empresarial, acad\u00e9mico y  art\u00edstico, promoviendo as\u00ed una percepci\u00f3n positiva de la dominicanidad y  corrigiendo impresiones denigrantes y preenjuiciadas del pa\u00eds y de su di\u00e1spora.<\/p>\n<p>&#13;<\/p>\n<p align=\"justify\" class=\"text1noticias\">Esto se ha logrado a trav\u00e9s de un empoderamiento de la  comunidad dominicana, el acceso reiterado a escenarios de primer rango como el  Departamento de Estado, el\u00a0 Departamento  de Agricultura, el Banco de Exportaci\u00f3n e Importaci\u00f3n (Eximbank), la Gobernaci\u00f3n de Nueva  York, la\u00a0 Oficina del Representante  Comercial de Estados Unidos, la   Secretaria de Estado\u00a0  para Asuntos Interamericanos, el Ayuntamiento de Nueva York, la alta  dirigencia del Banco Mundial, el BID, de la Organizaci\u00f3n de  Estados Americanos (OEA), la   Oficina para la   Promoci\u00f3n de l Inversi\u00f3n Privada en el extranjero (OPIC),  entre otros.<\/p>\n<p>&#13;<\/p>\n<p align=\"justify\" class=\"text1noticias\">La Semana Dominicana ha sido un foro privilegiado y  eficaz para canalizar aspiraciones vitales, como la preservaci\u00f3n y mejoramiento  del acceso preferencial al mercado estadounidense, enfocadas, por ejemplo, en  la legislaci\u00f3n de Paridad Textil y en las implicaciones del Tratado de\u00a0 Libre Comercio.<\/p>\n<p>&#13;<\/p>\n<p align=\"justify\" class=\"text1noticias\">Otro gran aporte de Semana Dominicana ha sido la calidad  de los intercambios acad\u00e9micos y la ampliaci\u00f3n de la atenci\u00f3n a los estudios  sobre asuntos dominicanos, auspiciados por notables intelectuales de aqu\u00ed y de  all\u00e1, reunidos en los recintos universitarios m\u00e1s prestigiosos, entre los  cuales es oportuno mencionar: Harvard University (John F. Kennedy School of  Government), Georgetown University (Strategic Center for International  Studies), George Washington University, Seaton Hall University, Jersey City  State College, Johns Hopkin University (Center for Strategic and International  Studies), Institute of Caribbean Studies, City University of New York,  (Dominican Studies Institute), Columbia University, Universidad de Puerto  Rico\u00a0 (Recinto R\u00edo Piedra), David  Rockefeller Center for Latin American Studies, Florida International  University. <\/p>\n<p>&#13;<\/p>\n<p align=\"justify\" class=\"text1noticias\">En ese contexto hay que valorar acontecimientos como la  primera conferencia nacional de profesores de Estudios Dominicanos en Estados  Unidos, as\u00ed como las reuniones de seis rectores de universidades dominicanas  para discutir aspectos acad\u00e9micos con sus colegas de dieciocho universidades de  la costa Este de los Estados Unidos, de donde han surgido acuerdos de  colaboraci\u00f3n y de acreditaci\u00f3n, as\u00ed como programas conjuntos de entrenamientos  e investigaciones.<\/p>\n<p>&#13;<\/p>\n<p align=\"justify\" class=\"text1noticias\">La Semana Dominicana ha sido pues veh\u00edculo para  estimular los intercambios acad\u00e9micos entre Estados Unidos y la Rep\u00fablica Dominicana,  impulsando al propio tiempo la inserci\u00f3n de los dominicanos residentes en ese  pa\u00eds en los c\u00edrculos intelectuales, como son los casos ejemplares de Rosario  Espinal, Silvio Torres Saillant, Julia \u00c1lvarez y Ramona Hern\u00e1ndez, entre  otros.\u00a0\u00a0\u00a0 <\/p>\n<p>&#13;<\/p>\n<p align=\"justify\" class=\"text1noticias\"><strong>Eventos culturales  de gran valor.-<\/strong> La revalorizaci\u00f3n de los dominicanos tambi\u00e9n ha sido estimulada por numerosos  eventos culturales y art\u00edsticos que han servido para exponer aspectos de  nuestra identidad cultural que merecen el aprecio internacional. Es as\u00ed que la Semana Dominicana  ha proyectado muestras excelentes de nuestro acervo musical, pict\u00f3rico y  gr\u00e1fico, junto a la danza cl\u00e1sica y la folkl\u00f3rica. Los m\u00e1s prestigiosos  escenarios han dado albergue a glorias nacionales como el maestro Carlos  Piantini, el pianista Michael Camilo, la violinista Aisha Syed, la fot\u00f3grafa  Miriam Calzada y el maestro Jos\u00e9 A. Molina. Dominicanos y estadounidenses han  prodigado sus aplausos al Ballet Cl\u00e1sico Nacional, al Cuarteto de Jazz y a la Orquesta Sinf\u00f3nica  Nacional. Pintores dominicanos de renombre como Guillo P\u00e9rez han expuesto sus  obras, as\u00ed como talentos j\u00f3venes dominicanos que triunfan en el mundo del  dise\u00f1o en New York han exhibido con orgullo sus trabajos. La Creatividad y la  excelencia de los artistas dominicanos han brillado en el Kennedy Center, en  United Nations Theatre, Hollywood Beach Culture and Community Center, en el  Centro de Bellas Artes de Puerto\u00a0 Rico,  El\u00a0 Museo del Barrio, en el Auditorio de  Parsons, en Carib Art Gallery, en Bass Museum of Art, en el Kauffaman Concert  Hall, el Alice Tully Hall del Lincoln Center, en Universidades y en institutos  p\u00fablicos de prestigio.<\/p>\n<p>&#13;<\/p>\n<p align=\"justify\" class=\"text1noticias\"><strong>Participaciones  trascendentales.-<\/strong> La\u00a0 autoestima y la confianza en si  misma de la comunidad dominicana residente en los Estados Unidos se ha visto  reforzada por tantas muestras de excelencia con que la Semana Dominicana  ha suscitado el respeto a la identidad nacional, pero adem\u00e1s ha propiciado el  debate de temas importantes y la participaci\u00f3n de figuras nacionales e  internacionales. L\u00edderes de la   Di\u00e1spora como Guillermo Linares han expuesto en este foro,  junto a l\u00edderes nacionales de la estatura de los presidentes Hip\u00f3lito Mej\u00eda  y\u00a0 Leonel Fern\u00e1ndez; los vicepresidentes  Milagros Ortiz Bosch, Rafael Alburquerque, Jacinto Peynado y\u00a0 Jaime David Fern\u00e1ndez Mirabal. L\u00edderes  c\u00edvicos, empresariales y acad\u00e9micos de alto prestigio como C\u00e9sar Estrella  Sadhal\u00e1, Eduardo Latorre, Bernardo Vega, Frank Moya Pons, Frederic Emman \u2013  Zade, Jack Rannik, Ellis P\u00e9rez, Ram\u00f3n Mart\u00ednez Aponte, Rub\u00e9n Sili\u00e9, Rafael  Minicucci, Jos\u00e9 del Castillo, Roberto Salad\u00edn, Jos\u00e9 del Carmen Ariza, Jacquelin  Malag\u00f3n, Roberto \u00c1lvarez, Victor Thom\u00e9n, Flavio Dario Espinal, entre otros  prestigiosos expositores que tambi\u00e9n incluyen legisladores estadounidenses como  Bob M\u00e9ndez, Bob Serrano y Ben Gilman.<\/p>\n<p>&#13;<\/p>\n<h6> 2007-09-15 00:45:38 <\/h6>\n<p><!--\n<link rel=\"stylesheet\" href=\"css\/bootstrap.min.css\">\n\n\n<ul class=\"pagination\">\n\t    \n\t\n\n<li >\n\t<a href='?page_no=28667'>Previous<\/a>\n\t<\/li>\n\n\n       \n    \n\n<li><a href='?page_no=1'>1<\/a><\/li>\n\n\n\n<li><a href='?page_no=2'>2<\/a><\/li>\n\n\n\n<li><a>...<\/a><\/li>\n\n\n\n<li><a href='?page_no=28666'>28666<\/a><\/li>\n\n\n\n<li><a href='?page_no=28667'>28667<\/a><\/li>\n\n\n\n<li class='active'><a>28668<\/a><\/li>\n\n\n\n<li><a href='?page_no=28669'>28669<\/a><\/li>\n\n\n\n<li><a href='?page_no=28670'>28670<\/a><\/li>\n\n\n\n<li><a>...<\/a><\/li>\n\n\n\n<li><a href='?page_no=30472'>30472<\/a><\/li>\n\n\n\n<li><a href='?page_no=30473'>30473<\/a><\/li>\n\n    \n\t\n\n<li >\n\t<a href='?page_no=28669'>Next<\/a>\n\t<\/li>\n\n\n    \n\n<li><a href='?page_no=30473'>Last &rsaquo;&rsaquo;<\/a><\/li>\n\n<\/ul>\n\n\n--><br \/>\n<\/body><\/p>\n","protected":false},"excerpt":{"rendered":"<p>SEMANA DOMINICANA: 15 a\u00f1os de resultados positivos para RD &#13; Santo Domingo.- La Semana Dominicana llega a sus quince a\u00f1os contribuyendo con un objetivo b\u00e1sico, el mejoramiento de la imagen de la Rep\u00fablica Dominicana y la elevaci\u00f3n de la influencia de la comunidad dominicana residente en los Estados Unidos. &#13; El Comit\u00e9 Organizador de Semana [&hellip;]<\/p>\n","protected":false},"author":3,"featured_media":0,"comment_status":"open","ping_status":"open","sticky":false,"template":"","format":"standard","meta":{"footnotes":""},"categories":[18],"tags":[],"class_list":["post-122788","post","type-post","status-publish","format-standard","hentry","category-economia"],"_links":{"self":[{"href":"https:\/\/diariodominicano.com\/index.php?rest_route=\/wp\/v2\/posts\/122788","targetHints":{"allow":["GET"]}}],"collection":[{"href":"https:\/\/diariodominicano.com\/index.php?rest_route=\/wp\/v2\/posts"}],"about":[{"href":"https:\/\/diariodominicano.com\/index.php?rest_route=\/wp\/v2\/types\/post"}],"author":[{"embeddable":true,"href":"https:\/\/diariodominicano.com\/index.php?rest_route=\/wp\/v2\/users\/3"}],"replies":[{"embeddable":true,"href":"https:\/\/diariodominicano.com\/index.php?rest_route=%2Fwp%2Fv2%2Fcomments&post=122788"}],"version-history":[{"count":0,"href":"https:\/\/diariodominicano.com\/index.php?rest_route=\/wp\/v2\/posts\/122788\/revisions"}],"wp:attachment":[{"href":"https:\/\/diariodominicano.com\/index.php?rest_route=%2Fwp%2Fv2%2Fmedia&parent=122788"}],"wp:term":[{"taxonomy":"category","embeddable":true,"href":"https:\/\/diariodominicano.com\/index.php?rest_route=%2Fwp%2Fv2%2Fcategories&post=122788"},{"taxonomy":"post_tag","embeddable":true,"href":"https:\/\/diariodominicano.com\/index.php?rest_route=%2Fwp%2Fv2%2Ftags&post=122788"}],"curies":[{"name":"wp","href":"https:\/\/api.w.org\/{rel}","templated":true}]}}