{"id":122787,"date":"2007-09-15T00:47:52","date_gmt":"2007-09-15T00:47:52","guid":{"rendered":"http:\/\/diariodominicano.ddns.net\/?p=122787"},"modified":"2007-09-15T00:47:52","modified_gmt":"2007-09-15T00:47:52","slug":"faprouasd-realiza-conferencia-sobre-tratado-de-libre-comercio","status":"publish","type":"post","link":"https:\/\/diariodominicano.com\/?p=122787","title":{"rendered":"FAPROUASD realiza conferencia sobre Tratado de Libre Comercio"},"content":{"rendered":"<p><body><\/p>\n<p class=\"titulogrande1\">FAPROUASD  realiza conferencia sobre Tratado de Libre Comercio<\/p>\n<p>&#13;<\/p>\n<p align=\"justify\" class=\"text1noticias\"><strong>Santo Domingo.-<\/strong> La Federaci\u00f3n de  Asociaciones de Profesores de la Universidad Aut\u00f3noma  de Santo Domingo, FAPROUASD, realiz\u00f3 la conferencia \u201cImpacto del Tratado de  Libre Comercio (TLC) en M\u00e9xico, Espejo para la Rep\u00fablica Dominicana\u201d,  dictada por el experto mexicano Cauauht\u00e9moc Ruiz.<\/p>\n<p>&#13;<\/p>\n<p align=\"justify\" class=\"text1noticias\">El evento fue realizado con el  objetivo de hacer una valoraci\u00f3n de los resultados y de la experiencia de ese  pa\u00eds centroamericano, el cual fue uno de los primeros pa\u00edses en firmar el TLC  con los Estados Unidos, desde el a\u00f1o 1994.<\/p>\n<p>&#13;<\/p>\n<p align=\"justify\" class=\"text1noticias\">El conferencista dijo que  M\u00e9xico perdi\u00f3 soberan\u00eda alimentaria desde la aplicaci\u00f3n de dicho tratado, ya  que antes de 1993 pod\u00eda crear la mayor\u00eda de sus alimentos y ahora tiene que  importar y algunos productos de los principales como es el caso del ma\u00edz, se  dispararon sus precios.<\/p>\n<p>&#13;<\/p>\n<p align=\"justify\" class=\"text1noticias\">Agreg\u00f3 que en el 2004 M\u00e9xico  hab\u00eda perdido 300 mil empleos de Zona Franca, y ahora ha perdido cerca de 700  mil, ya que la mayor\u00eda de estas empresas se fueron del pa\u00eds, algunas a China,  que ofrec\u00eda mano de obra mucho m\u00e1s barata.<\/p>\n<p>&#13;<\/p>\n<p align=\"justify\" class=\"text1noticias\">Dijo que el TLC no ha servido  para mejorar las condiciones de vida de la poblaci\u00f3n mexicana, ya que cerca del  20 por ciento est\u00e1 en extrema pobreza. \u201cEste tratado se firm\u00f3 con la promesa de  que \u00edbamos a tener una econom\u00eda poderosa y el pa\u00eds iba a progresar, y M\u00e9xico es  un pa\u00eds m\u00e1s pobre, seg\u00fan lo reconoce incluso el Banco Mundial\u201d.<\/p>\n<p>&#13;<\/p>\n<p align=\"justify\" class=\"text1noticias\">El acto, realizado en el  Paraninfo de Medicina \u201cDoctor Defill\u00f3\u201d de la UASD, estuvo encabezado por el presidente de  FAPROUASD, Hugo Cede\u00f1o, y al mismo asistieron profesores y estudiantes  interesados en estos temas, as\u00ed como ex presidentes de esta federaci\u00f3n de  profesores universitarios.<\/p>\n<p>&#13;<\/p>\n<h6> 2007-09-15 00:47:52 <\/h6>\n<p><!--\n<link rel=\"stylesheet\" href=\"css\/bootstrap.min.css\">\n\n\n<ul class=\"pagination\">\n\t    \n\t\n\n<li >\n\t<a href='?page_no=28666'>Previous<\/a>\n\t<\/li>\n\n\n       \n    \n\n<li><a href='?page_no=1'>1<\/a><\/li>\n\n\n\n<li><a href='?page_no=2'>2<\/a><\/li>\n\n\n\n<li><a>...<\/a><\/li>\n\n\n\n<li><a href='?page_no=28665'>28665<\/a><\/li>\n\n\n\n<li><a href='?page_no=28666'>28666<\/a><\/li>\n\n\n\n<li class='active'><a>28667<\/a><\/li>\n\n\n\n<li><a href='?page_no=28668'>28668<\/a><\/li>\n\n\n\n<li><a href='?page_no=28669'>28669<\/a><\/li>\n\n\n\n<li><a>...<\/a><\/li>\n\n\n\n<li><a href='?page_no=30472'>30472<\/a><\/li>\n\n\n\n<li><a href='?page_no=30473'>30473<\/a><\/li>\n\n    \n\t\n\n<li >\n\t<a href='?page_no=28668'>Next<\/a>\n\t<\/li>\n\n\n    \n\n<li><a href='?page_no=30473'>Last &rsaquo;&rsaquo;<\/a><\/li>\n\n<\/ul>\n\n\n--><br \/>\n<\/body><\/p>\n","protected":false},"excerpt":{"rendered":"<p>FAPROUASD realiza conferencia sobre Tratado de Libre Comercio &#13; Santo Domingo.- La Federaci\u00f3n de Asociaciones de Profesores de la Universidad Aut\u00f3noma de Santo Domingo, FAPROUASD, realiz\u00f3 la conferencia \u201cImpacto del Tratado de Libre Comercio (TLC) en M\u00e9xico, Espejo para la Rep\u00fablica Dominicana\u201d, dictada por el experto mexicano Cauauht\u00e9moc Ruiz. &#13; El evento fue realizado con [&hellip;]<\/p>\n","protected":false},"author":3,"featured_media":0,"comment_status":"open","ping_status":"open","sticky":false,"template":"","format":"standard","meta":{"footnotes":""},"categories":[18],"tags":[],"class_list":["post-122787","post","type-post","status-publish","format-standard","hentry","category-economia"],"_links":{"self":[{"href":"https:\/\/diariodominicano.com\/index.php?rest_route=\/wp\/v2\/posts\/122787","targetHints":{"allow":["GET"]}}],"collection":[{"href":"https:\/\/diariodominicano.com\/index.php?rest_route=\/wp\/v2\/posts"}],"about":[{"href":"https:\/\/diariodominicano.com\/index.php?rest_route=\/wp\/v2\/types\/post"}],"author":[{"embeddable":true,"href":"https:\/\/diariodominicano.com\/index.php?rest_route=\/wp\/v2\/users\/3"}],"replies":[{"embeddable":true,"href":"https:\/\/diariodominicano.com\/index.php?rest_route=%2Fwp%2Fv2%2Fcomments&post=122787"}],"version-history":[{"count":0,"href":"https:\/\/diariodominicano.com\/index.php?rest_route=\/wp\/v2\/posts\/122787\/revisions"}],"wp:attachment":[{"href":"https:\/\/diariodominicano.com\/index.php?rest_route=%2Fwp%2Fv2%2Fmedia&parent=122787"}],"wp:term":[{"taxonomy":"category","embeddable":true,"href":"https:\/\/diariodominicano.com\/index.php?rest_route=%2Fwp%2Fv2%2Fcategories&post=122787"},{"taxonomy":"post_tag","embeddable":true,"href":"https:\/\/diariodominicano.com\/index.php?rest_route=%2Fwp%2Fv2%2Ftags&post=122787"}],"curies":[{"name":"wp","href":"https:\/\/api.w.org\/{rel}","templated":true}]}}