{"id":122786,"date":"2007-09-15T00:50:29","date_gmt":"2007-09-15T00:50:29","guid":{"rendered":"http:\/\/diariodominicano.ddns.net\/?p=122786"},"modified":"2007-09-15T00:50:29","modified_gmt":"2007-09-15T00:50:29","slug":"camara-espanola-ofrece-coctel-a-empresarios-de-malaga","status":"publish","type":"post","link":"https:\/\/diariodominicano.com\/?p=122786","title":{"rendered":"C\u00e1mara Espa\u00f1ola ofrece C\u00f3ctel a empresarios de M\u00e1laga"},"content":{"rendered":"<p><body><\/p>\n<p align=\"justify\"><span class=\"titulogrande1\">C\u00e1mara Espa\u00f1ola ofrece C\u00f3ctel a empresarios de M\u00e1laga<\/span><br \/>&#13;<br \/>\n  \u00a0<br \/>&#13;<br \/>\n  <strong>Santo  Domingo.-<\/strong><span class=\"text1noticias\"> La C\u00e1mara   Oficial Espa\u00f1ola de Comercio e Industria de la Rep\u00fablica Dominicana  ofreci\u00f3 un c\u00f3ctel para presentar a representantes de cinco importantes compa\u00f1\u00edas que integran la misi\u00f3n comercial  de\u00a0 la C\u00e1mara de Comercio de M\u00e1laga, Espa\u00f1a.<br \/>&#13;<br \/>\n  \u00a0<br \/>&#13;<br \/>\n La  actividad tuvo efecto en el sal\u00f3n Acuario del Hotel Lina, encabezada por la  embajadora de esa naci\u00f3n, Mar\u00eda de la Almudena Mazarrasa  Alvear; el vicepresidente de C\u00e1mara de Comercio de M\u00e1laga, Rafael Garc\u00eda  Padilla y\u00a0 el presidente de la C\u00e1mara Oficial  Espa\u00f1ola de la   Rep\u00fablica Dominicana, Manuel Garc\u00eda Ar\u00e9valo.<br \/>&#13;<br \/>\n  \u00a0<br \/>&#13;<br \/>\n Se dieron  cita, adem\u00e1s, directivos y miembros de esa organizaci\u00f3n, empresarios de ambos  pa\u00edses, representantes de medios de comunicaci\u00f3n e invitados especiales.<br \/>&#13;<br \/>\n  \u00a0<br \/>&#13;<br \/>\n La misi\u00f3n  comercial de\u00a0 la C\u00e1mara de Comercio de  M\u00e1laga llegaron el pasado lunes al pa\u00eds para realizar una serie encuentros con  empresarios criollos y agotar una agenda de trabajo con la finalidad de hacer negocios en la Rep\u00fablica Dominicana.<br \/>&#13;<br \/>\n  \u00a0<br \/>&#13;<br \/>\n Las  empresas que visitan el pa\u00eds son Coma Comunicaci\u00f3n y Marketing, dedicada a la  intermediaci\u00f3n inmobiliaria y financiera, que utiliza sistemas de franquicias  para su expansi\u00f3n; y Almendrera del Sur, que comercializa frutos secos y desecados, especialmente  almendras peladas, tostadas, fritas y ahumadas.<br \/>&#13;<br \/>\n  \u00a0<br \/>&#13;<br \/>\n Asimismo, la Constructora Adelfamar,  gestora de grandes promociones inmobiliarias; Boutique del Peluquero,\u00a0 que oferta una amplia gama de marcas, art\u00edculos y accesorios de peluquer\u00eda; y Pinturas  2000, que distribuye art\u00edculos de decoraci\u00f3n y pintura.<\/span><\/p>\n<p>&#13;<\/p>\n<h6> 2007-09-15 00:50:29 <\/h6>\n<p><!--\n<link rel=\"stylesheet\" href=\"css\/bootstrap.min.css\">\n\n\n<ul class=\"pagination\">\n\t    \n\t\n\n<li >\n\t<a href='?page_no=28665'>Previous<\/a>\n\t<\/li>\n\n\n       \n    \n\n<li><a href='?page_no=1'>1<\/a><\/li>\n\n\n\n<li><a href='?page_no=2'>2<\/a><\/li>\n\n\n\n<li><a>...<\/a><\/li>\n\n\n\n<li><a href='?page_no=28664'>28664<\/a><\/li>\n\n\n\n<li><a href='?page_no=28665'>28665<\/a><\/li>\n\n\n\n<li class='active'><a>28666<\/a><\/li>\n\n\n\n<li><a href='?page_no=28667'>28667<\/a><\/li>\n\n\n\n<li><a href='?page_no=28668'>28668<\/a><\/li>\n\n\n\n<li><a>...<\/a><\/li>\n\n\n\n<li><a href='?page_no=30472'>30472<\/a><\/li>\n\n\n\n<li><a href='?page_no=30473'>30473<\/a><\/li>\n\n    \n\t\n\n<li >\n\t<a href='?page_no=28667'>Next<\/a>\n\t<\/li>\n\n\n    \n\n<li><a href='?page_no=30473'>Last &rsaquo;&rsaquo;<\/a><\/li>\n\n<\/ul>\n\n\n--><br \/>\n<\/body><\/p>\n","protected":false},"excerpt":{"rendered":"<p>C\u00e1mara Espa\u00f1ola ofrece C\u00f3ctel a empresarios de M\u00e1laga&#13; \u00a0&#13; Santo Domingo.- La C\u00e1mara Oficial Espa\u00f1ola de Comercio e Industria de la Rep\u00fablica Dominicana ofreci\u00f3 un c\u00f3ctel para presentar a representantes de cinco importantes compa\u00f1\u00edas que integran la misi\u00f3n comercial de\u00a0 la C\u00e1mara de Comercio de M\u00e1laga, Espa\u00f1a.&#13; \u00a0&#13; La actividad tuvo efecto en el sal\u00f3n [&hellip;]<\/p>\n","protected":false},"author":3,"featured_media":0,"comment_status":"open","ping_status":"open","sticky":false,"template":"","format":"standard","meta":{"footnotes":""},"categories":[18],"tags":[],"class_list":["post-122786","post","type-post","status-publish","format-standard","hentry","category-economia"],"_links":{"self":[{"href":"https:\/\/diariodominicano.com\/index.php?rest_route=\/wp\/v2\/posts\/122786","targetHints":{"allow":["GET"]}}],"collection":[{"href":"https:\/\/diariodominicano.com\/index.php?rest_route=\/wp\/v2\/posts"}],"about":[{"href":"https:\/\/diariodominicano.com\/index.php?rest_route=\/wp\/v2\/types\/post"}],"author":[{"embeddable":true,"href":"https:\/\/diariodominicano.com\/index.php?rest_route=\/wp\/v2\/users\/3"}],"replies":[{"embeddable":true,"href":"https:\/\/diariodominicano.com\/index.php?rest_route=%2Fwp%2Fv2%2Fcomments&post=122786"}],"version-history":[{"count":0,"href":"https:\/\/diariodominicano.com\/index.php?rest_route=\/wp\/v2\/posts\/122786\/revisions"}],"wp:attachment":[{"href":"https:\/\/diariodominicano.com\/index.php?rest_route=%2Fwp%2Fv2%2Fmedia&parent=122786"}],"wp:term":[{"taxonomy":"category","embeddable":true,"href":"https:\/\/diariodominicano.com\/index.php?rest_route=%2Fwp%2Fv2%2Fcategories&post=122786"},{"taxonomy":"post_tag","embeddable":true,"href":"https:\/\/diariodominicano.com\/index.php?rest_route=%2Fwp%2Fv2%2Ftags&post=122786"}],"curies":[{"name":"wp","href":"https:\/\/api.w.org\/{rel}","templated":true}]}}