{"id":122781,"date":"2007-09-15T19:19:40","date_gmt":"2007-09-15T19:19:40","guid":{"rendered":"http:\/\/diariodominicano.ddns.net\/?p=122781"},"modified":"2007-09-15T19:19:40","modified_gmt":"2007-09-15T19:19:40","slug":"las-importaciones-de-vehiculos-se-incrementan-en-un-30","status":"publish","type":"post","link":"https:\/\/diariodominicano.com\/?p=122781","title":{"rendered":"Las importaciones de veh\u00edculos se incrementan en un 30%"},"content":{"rendered":"<p><body><\/p>\n<p align=\"justify\"><span class=\"titulogrande1\">Las  importaciones de veh\u00edculos se incrementan en un 30%<\/span><br \/>&#13;<br \/>\n  <br \/>&#13;<br \/>\n    <span class=\"text1noticias\"><strong>SANTO DOMINGO.- <\/strong>En lo que va de  a\u00f1o\u00a0 las\u00a0 importaciones de veh\u00edculos\u00a0 aumentaron en 30%,  seg\u00fan\u00a0 la   Asociaci\u00f3n Nacional de Agencias Distribuidoras de Veh\u00edculos  (ANADIVE), cuyos miembros comercializan unidades nuevas y usadas.<br \/>&#13;<br \/>\n    <br \/>&#13;<br \/>\n    Los datos ofrecidos por ANADIVE indican  que a agosto de este a\u00f1o se ha importado y comercializado\u00a0 9,046 mil  unidades, mientras que\u00a0\u00a0\u00a0 en todo el 2006\u00a0 los miembros de  Anadive importaron\u00a0 s\u00f3lo 9, 346 para una diferencia\u00a0 de\u00a0 apenas  300 veh\u00edculos, y a\u00fan\u00a0 les restan tres meses\u00a0 al 2007.<br \/>&#13;<br \/>\n    <br \/>&#13;<br \/>\n    Las mayores importaciones se realizaron  en julio y agosto con mil 83 y mil 165 unidades respectivamente, seg\u00fan informes  de Anadive,\u00a0 que cita s\u00f3lo\u00a0 importaciones hechas por los miembros de  esa entidad.<br \/>&#13;<br \/>\n    <br \/>&#13;<br \/>\n    Esas importaciones coinciden con la  reposici\u00f3n de inventario necesaria luego de la\u00a0 feria de ANADIVE en la que  se vendieron m\u00e1s de mil 200 unidades.<br \/>&#13;<br \/>\n    <br \/>&#13;<br \/>\n    La organizaci\u00f3n que preside C\u00e9sar  de\u00a0 los Santos, especific\u00f3 que esas importaciones fueron hechas por\u00a0  los cerca de 400 \u201cdealers\u201d que integran esa entidad, porque si se toma en  cuenta a otros importadores la cantidad ser\u00eda mayor.<br \/>&#13;<br \/>\n    <br \/>&#13;<br \/>\n    \u201cEl aumento en la  importaci\u00f3n de veh\u00edculos nuevos y usados es atribuido\u00a0 a la mejor\u00eda en la  condici\u00f3n de la econom\u00eda nacional que se ha traducido en mejores condiciones de  cr\u00e9dito y facilidades de negocios por la estabilidad del d\u00f3lar\u201d, dijo de\u00a0  los Santos en un documento enviado ayer a los medios de comunicaci\u00f3n.<br \/>&#13;<br \/>\n    <br \/>&#13;<br \/>\nSeg\u00fan la ANADIVE, en diciembre del  2006 fue cuando mayor aumento se registr\u00f3 en las importaciones de veh\u00edculos con  unas\u00a0 mil 190 unidades, lo que\u00a0 signific\u00f3 el 12 por ciento del total  anual.<br \/>&#13;<br \/>\n<br \/>&#13;<br \/>\nEn enero de este a\u00f1o se importa ron 993  unidades,\u00a0 10.98 m\u00e1s que en el mismo mes del 2006, mientras que en febrero  fueron 1,233, para un incremento de 13,63% en relaci\u00f3n al a\u00f1o anterior.<br \/>&#13;<br \/>\n<br \/>&#13;<br \/>\n En\u00a0 marzo aumentaron en  13.12%, con unas 1,187 veh\u00edculos importados, en abril subieron en 12,93%,  en mayo en 12,71%,\u00a0 en junio en 11,77%, en julio en 11,97 por ciento y en  agosto en 12,88%.<br \/>&#13;<br \/>\n <br \/>&#13;<br \/>\nSeg\u00fan de los Santos se  espera\u00a0 que\u00a0 en lo resta del a\u00f1o\u00a0 aumenten significativamente  las importaciones y ventas de\u00a0 veh\u00edculos, tanto nuevos como usados.<br \/>&#13;<br \/>\n<br \/>&#13;<br \/>\nRefiri\u00f3\u00a0 que es en diciembre de  cada a\u00f1o cuando regularmente se registra una mayor venta de veh\u00edculos, porque muchos  aprovechan los bonos y regal\u00eda\u00a0\u00a0 incurrir en ese tipo de inversi\u00f3n.<br \/>&#13;<br \/>\n<br \/>&#13;<br \/>\n Uno de los factores que los  importadores de veh\u00edculos creen que b\u00e1sicamente favorece al sector son los  bajos intereses que\u00a0 ofrecen los bancos.<\/span><\/p>\n<p>&#13;<\/p>\n<h6> 2007-09-15 19:19:40 <\/h6>\n<p><!--\n<link rel=\"stylesheet\" href=\"css\/bootstrap.min.css\">\n\n\n<ul class=\"pagination\">\n\t    \n\t\n\n<li >\n\t<a href='?page_no=28660'>Previous<\/a>\n\t<\/li>\n\n\n       \n    \n\n<li><a href='?page_no=1'>1<\/a><\/li>\n\n\n\n<li><a href='?page_no=2'>2<\/a><\/li>\n\n\n\n<li><a>...<\/a><\/li>\n\n\n\n<li><a href='?page_no=28659'>28659<\/a><\/li>\n\n\n\n<li><a href='?page_no=28660'>28660<\/a><\/li>\n\n\n\n<li class='active'><a>28661<\/a><\/li>\n\n\n\n<li><a href='?page_no=28662'>28662<\/a><\/li>\n\n\n\n<li><a href='?page_no=28663'>28663<\/a><\/li>\n\n\n\n<li><a>...<\/a><\/li>\n\n\n\n<li><a href='?page_no=30472'>30472<\/a><\/li>\n\n\n\n<li><a href='?page_no=30473'>30473<\/a><\/li>\n\n    \n\t\n\n<li >\n\t<a href='?page_no=28662'>Next<\/a>\n\t<\/li>\n\n\n    \n\n<li><a href='?page_no=30473'>Last &rsaquo;&rsaquo;<\/a><\/li>\n\n<\/ul>\n\n\n--><br \/>\n<\/body><\/p>\n","protected":false},"excerpt":{"rendered":"<p>Las importaciones de veh\u00edculos se incrementan en un 30%&#13; &#13; SANTO DOMINGO.- En lo que va de a\u00f1o\u00a0 las\u00a0 importaciones de veh\u00edculos\u00a0 aumentaron en 30%, seg\u00fan\u00a0 la Asociaci\u00f3n Nacional de Agencias Distribuidoras de Veh\u00edculos (ANADIVE), cuyos miembros comercializan unidades nuevas y usadas.&#13; &#13; Los datos ofrecidos por ANADIVE indican que a agosto de este a\u00f1o [&hellip;]<\/p>\n","protected":false},"author":3,"featured_media":0,"comment_status":"open","ping_status":"open","sticky":false,"template":"","format":"standard","meta":{"footnotes":""},"categories":[18],"tags":[],"class_list":["post-122781","post","type-post","status-publish","format-standard","hentry","category-economia"],"_links":{"self":[{"href":"https:\/\/diariodominicano.com\/index.php?rest_route=\/wp\/v2\/posts\/122781","targetHints":{"allow":["GET"]}}],"collection":[{"href":"https:\/\/diariodominicano.com\/index.php?rest_route=\/wp\/v2\/posts"}],"about":[{"href":"https:\/\/diariodominicano.com\/index.php?rest_route=\/wp\/v2\/types\/post"}],"author":[{"embeddable":true,"href":"https:\/\/diariodominicano.com\/index.php?rest_route=\/wp\/v2\/users\/3"}],"replies":[{"embeddable":true,"href":"https:\/\/diariodominicano.com\/index.php?rest_route=%2Fwp%2Fv2%2Fcomments&post=122781"}],"version-history":[{"count":0,"href":"https:\/\/diariodominicano.com\/index.php?rest_route=\/wp\/v2\/posts\/122781\/revisions"}],"wp:attachment":[{"href":"https:\/\/diariodominicano.com\/index.php?rest_route=%2Fwp%2Fv2%2Fmedia&parent=122781"}],"wp:term":[{"taxonomy":"category","embeddable":true,"href":"https:\/\/diariodominicano.com\/index.php?rest_route=%2Fwp%2Fv2%2Fcategories&post=122781"},{"taxonomy":"post_tag","embeddable":true,"href":"https:\/\/diariodominicano.com\/index.php?rest_route=%2Fwp%2Fv2%2Ftags&post=122781"}],"curies":[{"name":"wp","href":"https:\/\/api.w.org\/{rel}","templated":true}]}}