{"id":122779,"date":"2007-09-15T19:24:23","date_gmt":"2007-09-15T19:24:23","guid":{"rendered":"http:\/\/diariodominicano.ddns.net\/?p=122779"},"modified":"2007-09-15T19:24:23","modified_gmt":"2007-09-15T19:24:23","slug":"indotel-financiara-con-rd231-millones-sistema-nacional-de-comunicacion-rural","status":"publish","type":"post","link":"https:\/\/diariodominicano.com\/?p=122779","title":{"rendered":"Indotel financiar\u00e1 con RD$231 millones sistema nacional de comunicaci\u00f3n rural"},"content":{"rendered":"<p><body><\/p>\n<p align=\"justify\" class=\"titulogrande1\">Indotel  financiar\u00e1 con RD$231 millones sistema nacional de comunicaci\u00f3n rural<\/p>\n<p>&#13;<\/p>\n<p align=\"justify\" class=\"text1noticias\"><strong>VILLA TRINA, Moca.-<\/strong>El Instituto Dominicano de las Telecomunicaciones  (Indotel), anunci\u00f3 que financiar\u00e1 con  231 millones de pesos (US$7 millones de d\u00f3lares) la instalaci\u00f3n de un sistema  nacional de telecomunicaciones que beneficiar\u00e1 a 500 comunidades de 16  provincias que est\u00e1n pr\u00e1cticamente incomunicadas y que a partir de la  realizaci\u00f3n de este proyecto, se beneficiar\u00e1n con servicios de tel\u00e9fonos en los  hogares, Internet de banda ancha y acceso a bibliotecas virtuales.<\/p>\n<p>&#13;<\/p>\n<p align=\"justify\" class=\"text1noticias\">El  \u00a0secretario de Estado y presidente del  Indotel, \u00a0Jos\u00e9 Rafael Vargas,\u00a0 encabez\u00f3 el acto de inauguraci\u00f3n de una  moderna sala digital en Villa Trina, la cual est\u00e1 equipada con diez  computadoras, impresora l\u00e1ser, inversor con sus bater\u00edas, abanicos y otras  facilidades.<\/p>\n<p>&#13;<\/p>\n<p align=\"justify\" class=\"text1noticias\">Inform\u00f3  tambi\u00e9n que\u00a0 dentro de 15 d\u00edas la sala  digital inaugurada aqu\u00ed en Villa Trina ser\u00e1 dotada de Internet satelital, que  permitir\u00e1 a los usuarios de este centro acceder a esta herramienta y poder comunicarse  con el resto del mundo.<\/p>\n<p>&#13;<\/p>\n<p align=\"justify\" class=\"text1noticias\">En  cuanto al proyecto de Conectividad Rural de Banda Ancha que financiar\u00e1 el  Indotel, dijo que \u00e9ste se est\u00e1 licitando a nivel internacional y que ya algunas  compa\u00f1\u00edas se han interesado en participar en el concurso que asignar\u00e1 la  realizaci\u00f3n de esta iniciativa.<\/p>\n<p>&#13;<\/p>\n<p align=\"justify\" class=\"text1noticias\">Destac\u00f3  que el proyecto beneficiar\u00e1 las zonas m\u00e1s pobres y donde no hay ning\u00fan tipo de  comunicaci\u00f3n o de conectividad. \u201cNosotros lo que queremos es lograr que el  mismo privilegio que tienen los mocanos, que tienen telefon\u00eda de todo tipo, que  tienen Internet, o los mismos beneficios que tienen los santiaguenses, o los  francomacorisanos o monteplate\u00f1os, que tienen los que viven en Santo Domingo o  en el Distrito Nacional, que tienen en La Romana o en Hig\u00fcey, los mismos privilegios los  tengan los que viven en El\u00edas Pi\u00f1a y en Independencia, en Dajab\u00f3n y en Santiago  Rodr\u00edguez, ese es el sue\u00f1o que nosotros queremos lograr\u201d.<\/p>\n<p>&#13;<\/p>\n<p align=\"justify\" class=\"text1noticias\">Agreg\u00f3  que \u201cel Indotel va a financiar ese proyecto, va a subsidiar ese proyecto con  una inversi\u00f3n que sobrepasa los US$7 millones de d\u00f3lares (231 millones de pesos  a la tasa actual), y entonces la comunidad tendr\u00e1 la oportunidad de inscribirse  en ese servicio de la empresa que gane la licitaci\u00f3n\u201d.<\/p>\n<p>&#13;<\/p>\n<p align=\"justify\" class=\"text1noticias\">Refiri\u00f3  que a principio de su gesti\u00f3n hizo licitaciones para la instalaci\u00f3n de  tel\u00e9fonos rurales en comunidades apartadas, muchos de los cuales est\u00e1n  funcionando en las carreteras de poblaciones como Villa Trina que instal\u00f3 el  Indotel a trav\u00e9s de la empresa Bec-Tel. \u201cAhora, ya los tel\u00e9fonos no van a ser  comunes, no van a ser de calles o de comunidad, van a ser tel\u00e9fonos en los  hogares, de manera\u00a0 que ese es un gran  logro del pa\u00eds en un momento en que la Rep\u00fablica Dominicana  se erige como uno de los pa\u00eds mejor comunicado de Am\u00e9rica Latina\u201d.<\/p>\n<p>&#13;<\/p>\n<p align=\"justify\" class=\"text1noticias\">Destac\u00f3  que el pr\u00f3ximo 24 de este mes surgir\u00e1 en Rep\u00fablica Dominicana la primera  empresa mundial que va a ofrecer tecnolog\u00eda Wi-Max, la m\u00e1s avanzada tecnolog\u00eda  de telecomunicaciones ser\u00e1 iniciada en el pa\u00eds. <\/p>\n<p>&#13;<\/p>\n<p align=\"justify\" class=\"text1noticias\">Inform\u00f3  que en noviembre pr\u00f3ximo surge tambi\u00e9n otra importante empresa para explotar la  misma tecnolog\u00eda Wi-Max, la cual es propiedad de un grupo de empresarios del  Cibao encabezado por Jos\u00e9 Clase, el cual iniciar\u00e1 un ambicioso proyecto de  telecomunicaciones con inversiones superiores a 50 millones de d\u00f3lares.<\/p>\n<p>&#13;<\/p>\n<p align=\"justify\" class=\"text1noticias\">Explic\u00f3  que se trata de proyectos que van a garantizar conectividad y telecomunicaci\u00f3n  plana para todos los dominicanos, y resalt\u00f3, asimismo, que comunidades  progresistas y de amplio desarrollo en la producci\u00f3n como Villa Trina no pueden  quedarse al margen, aislada del proceso de la comunicaci\u00f3n y del desarrollo  tecnol\u00f3gico, raz\u00f3n por la cual el Indotel, atendiendo un mandato del Presidente  Leonel Fern\u00e1ndez, instal\u00f3 aqu\u00ed esta moderna sala digital con su biblioteca  virtual que permitir\u00e1 acceder a miles de libros y valiosos documentos.<\/p>\n<p>&#13;<\/p>\n<p align=\"justify\" class=\"text1noticias\">En  el acto inaugural de la sala digital de Villa Trina estuvieron presentes el  gobernador la provincia Espaillat, \u00a0An\u00edbal  Camacho, el sindico, \u00a0Guarocuya Cabral,  el presidente de la Sala Capitular  del Ayuntamiento de Moca, la s\u00edndica de Jos\u00e9 Contreras, Villa Trina, licenciada  Yolanda Germ\u00e1n, el diputado No\u00e9 Camacho y el presidente de la Sala Capitular del Ayuntamiento  de Jos\u00e9 Contreras, licenciado Fausto Antonio Mart\u00ednez, entre otras  personalidades.<\/p>\n<p>&#13;<\/p>\n<p align=\"justify\" class=\"text1noticias\">Las  palabras de bienvenida fueron pronunciadas por la s\u00edndica Yolanda Germ\u00e1n, luego  de lo cual intervino \u00a0Vargas y el  gobernador provincial, licenciado An\u00edbal Camacho. Asimismo, las palabras de  agradecimiento estuvieron a cargo de la estudiante Mar\u00eda Esther S\u00e1nchez, del  liceo Juan Miguel Mart\u00ed y la bendici\u00f3n por el Padre Marino Camacho.\u00a0\u00a0\u00a0\u00a0\u00a0 <\/p>\n<p>&#13;<\/p>\n<p align=\"justify\" class=\"text1noticias\">En  tanto, la estudiante Berenice del Rosario G\u00f3mez interpret\u00f3 una canci\u00f3n  acompa\u00f1ada de piano, seguida de una presentaci\u00f3n del Bat\u00f3n Ballet del Distrito  Municipal Jos\u00e9 Contreras. <br \/>&#13;<br \/>\n  <br \/>&#13;<br \/>\nIgualmente, se jurament\u00f3 el comit\u00e9 gestor del nuevo  centro de inform\u00e1tica y se procedi\u00f3 a la firma de convenio y al corte de cinta  que dej\u00f3 en operaci\u00f3n la sala digital de Jos\u00e9 Contreras, Villa Trina.<\/p>\n<p>&#13;<\/p>\n<h6> 2007-09-15 19:24:23 <\/h6>\n<p><!--\n<link rel=\"stylesheet\" href=\"css\/bootstrap.min.css\">\n\n\n<ul class=\"pagination\">\n\t    \n\t\n\n<li >\n\t<a href='?page_no=28658'>Previous<\/a>\n\t<\/li>\n\n\n       \n    \n\n<li><a href='?page_no=1'>1<\/a><\/li>\n\n\n\n<li><a href='?page_no=2'>2<\/a><\/li>\n\n\n\n<li><a>...<\/a><\/li>\n\n\n\n<li><a href='?page_no=28657'>28657<\/a><\/li>\n\n\n\n<li><a href='?page_no=28658'>28658<\/a><\/li>\n\n\n\n<li class='active'><a>28659<\/a><\/li>\n\n\n\n<li><a href='?page_no=28660'>28660<\/a><\/li>\n\n\n\n<li><a href='?page_no=28661'>28661<\/a><\/li>\n\n\n\n<li><a>...<\/a><\/li>\n\n\n\n<li><a href='?page_no=30472'>30472<\/a><\/li>\n\n\n\n<li><a href='?page_no=30473'>30473<\/a><\/li>\n\n    \n\t\n\n<li >\n\t<a href='?page_no=28660'>Next<\/a>\n\t<\/li>\n\n\n    \n\n<li><a href='?page_no=30473'>Last &rsaquo;&rsaquo;<\/a><\/li>\n\n<\/ul>\n\n\n--><br \/>\n<\/body><\/p>\n","protected":false},"excerpt":{"rendered":"<p>Indotel financiar\u00e1 con RD$231 millones sistema nacional de comunicaci\u00f3n rural &#13; VILLA TRINA, Moca.-El Instituto Dominicano de las Telecomunicaciones (Indotel), anunci\u00f3 que financiar\u00e1 con 231 millones de pesos (US$7 millones de d\u00f3lares) la instalaci\u00f3n de un sistema nacional de telecomunicaciones que beneficiar\u00e1 a 500 comunidades de 16 provincias que est\u00e1n pr\u00e1cticamente incomunicadas y que a [&hellip;]<\/p>\n","protected":false},"author":3,"featured_media":0,"comment_status":"open","ping_status":"open","sticky":false,"template":"","format":"standard","meta":{"footnotes":""},"categories":[18],"tags":[],"class_list":["post-122779","post","type-post","status-publish","format-standard","hentry","category-economia"],"_links":{"self":[{"href":"https:\/\/diariodominicano.com\/index.php?rest_route=\/wp\/v2\/posts\/122779","targetHints":{"allow":["GET"]}}],"collection":[{"href":"https:\/\/diariodominicano.com\/index.php?rest_route=\/wp\/v2\/posts"}],"about":[{"href":"https:\/\/diariodominicano.com\/index.php?rest_route=\/wp\/v2\/types\/post"}],"author":[{"embeddable":true,"href":"https:\/\/diariodominicano.com\/index.php?rest_route=\/wp\/v2\/users\/3"}],"replies":[{"embeddable":true,"href":"https:\/\/diariodominicano.com\/index.php?rest_route=%2Fwp%2Fv2%2Fcomments&post=122779"}],"version-history":[{"count":0,"href":"https:\/\/diariodominicano.com\/index.php?rest_route=\/wp\/v2\/posts\/122779\/revisions"}],"wp:attachment":[{"href":"https:\/\/diariodominicano.com\/index.php?rest_route=%2Fwp%2Fv2%2Fmedia&parent=122779"}],"wp:term":[{"taxonomy":"category","embeddable":true,"href":"https:\/\/diariodominicano.com\/index.php?rest_route=%2Fwp%2Fv2%2Fcategories&post=122779"},{"taxonomy":"post_tag","embeddable":true,"href":"https:\/\/diariodominicano.com\/index.php?rest_route=%2Fwp%2Fv2%2Ftags&post=122779"}],"curies":[{"name":"wp","href":"https:\/\/api.w.org\/{rel}","templated":true}]}}