{"id":122778,"date":"2007-09-16T23:47:27","date_gmt":"2007-09-16T23:47:27","guid":{"rendered":"http:\/\/diariodominicano.ddns.net\/?p=122778"},"modified":"2007-09-16T23:47:27","modified_gmt":"2007-09-16T23:47:27","slug":"elimina-impuestos-a-productores-agropecuarios","status":"publish","type":"post","link":"https:\/\/diariodominicano.com\/?p=122778","title":{"rendered":"Elimina impuestos a productores agropecuarios"},"content":{"rendered":"<p><body><\/p>\n<p align=\"justify\" class=\"titulogrande1\">El presidente Leonel Fern\u00e1ndez  elimina impuestos a productores  agropecuarios<\/p>\n<p>&#13;<\/p>\n<p align=\"justify\" class=\"text1noticias\">Dispone devolver el ITBIS y orden\u00f3  que no se cobre el 5 por ciento a los insumos, servicios \u00a0y maquinarias agr\u00edcolas. El secretario de Agricultura  asegura que las medidas beneficiar\u00e1n significativamente a todos los os  productores del pa\u00eds.<\/p>\n<p>&#13;<\/p>\n<p align=\"justify\" class=\"text1noticias\"><strong><img loading=\"lazy\" decoding=\"async\" src=\"http:\/\/localhost:8080\/economia\/pictures\/chio jimenez 2.jpg\" width=\"269\" height=\"225\" hspace=\"4\" align=\"left\" \/>SANTO  DOMINGO.-<\/strong> El presidente Leonel Fern\u00e1ndez dispuso que la Direcci\u00f3n General  de Impuestos Internos (DGII) devuelva a todos los productores el ITBIS pagado por  la compra de insumos y maquinarias para el sector agropecuario.<\/p>\n<p>&#13;<\/p>\n<p align=\"justify\" class=\"text1noticias\">Igualmente,  el Jefe del Estado \u00a0dio instrucciones al  director de la DGII,  Juan Hern\u00e1ndez, para que en lo adelante se deje sin efecto el cobro del 5 por  ciento a los insumos y productos agr\u00edcolas adquiridos por el Estado.<\/p>\n<p>&#13;<\/p>\n<p align=\"justify\" class=\"text1noticias\">La  informaci\u00f3n fue dada por el secretario de Agricultura, Salvador (Ch\u00edo) Jim\u00e9nez,  durante la clausura del X Encuentro de L\u00edderes Agropecuarios celebrado el  pasado fin de semana por la Junta   Agroempresarial \u00a0Dominicana  (JAD), en B\u00e1varo, Hig\u00fbey.<\/p>\n<p>&#13;<\/p>\n<p align=\"justify\" class=\"text1noticias\">\u201cDe  manera inmediata, el Presidente dispuso que se deje sin efecto el cobro del 5  por ciento a las compras agropecuarias y que se proceda tambi\u00e9n a la devoluci\u00f3n  del ITBIS cobrado por la compra de equipos y maquinarias agr\u00edcolas, por los que  los productores solo tendr\u00e1n que presentar sus documentos ante la DGII para que le devuelvan el  impuesto\u201d.<\/p>\n<p>&#13;<\/p>\n<p align=\"justify\" class=\"text1noticias\">Dijo  que las medidas anunciadas por el presidente Fern\u00e1ndez durante la primera mesa  presidencial de trabajo, representar\u00e1n un ahorro significativo en beneficios de  todos los productores.<\/p>\n<p>&#13;<\/p>\n<p align=\"justify\" class=\"text1noticias\">\u201cEs  una demostraci\u00f3n fehaciente de que para este Gobierno el sector agropecuario no  representa ning\u00fan inter\u00e9s fiscal y que por el contrario, el gobernante siempre  se ha preocupado por el desarrollo de todos los productores\u201d.<\/p>\n<p>&#13;<\/p>\n<p align=\"justify\" class=\"text1noticias\">Las  disposiciones anunciadas por el secretario de Agricultura fueron recibidas con  benepl\u00e1cito por decenas de dirigentes agropecuarios, quienes aplaudieron las  disposiciones establecidas a favor del campo.<\/p>\n<p>&#13;<\/p>\n<p align=\"justify\" class=\"text1noticias\">\u201cEl  presidente Leonel Fern\u00e1ndez ha instituido las mesas presidenciales  agropecuarias como un m\u00e9todo de consultas directas y reuniones de trabajo con  cada uno de los sectores productivos nacionales, con los cuales se reunir\u00e1  peri\u00f3dicamente\u201d, expres\u00f3 Jim\u00e9nez.<\/p>\n<p>&#13;<\/p>\n<p align=\"justify\" class=\"text1noticias\">Al  resumir las disposiciones del presidente Fern\u00e1ndez en las primeras mesas de  trabajo realizadas el pasado viernes con los productores de arroz y de leche,  el secretario dijo que el gobernante despach\u00f3 por espacio de seis horas desde  la sede de Agricultura y que tom\u00f3 medidas trascendentales para favorecer ambos  sectores.<\/p>\n<p>&#13;<\/p>\n<p align=\"justify\" class=\"text1noticias\">Destac\u00f3  que es la primera vez en la historia republicana que un Presidente de la naci\u00f3n  despacha desde la sede de una Secretar\u00eda de Estado, y que el hecho de haber  escogido Agricultura, es la mejor demostraci\u00f3n del compromiso de su gobierno  con el sector agropecuario.<\/p>\n<p>&#13;<\/p>\n<p align=\"justify\" class=\"text1noticias\">Indic\u00f3  que varios productores que estuvieron en el encuentro con el jefe de Estado le  confesaron que en su vida como productores de m\u00e1s de 40 a\u00f1os, \u201cnunca hab\u00edan  participado en una reuni\u00f3n tan fruct\u00edfera y productiva como la que sostuvieron  con Fern\u00e1ndez. \u00a0\u00a0<\/p>\n<p>&#13;<\/p>\n<p align=\"justify\" class=\"text1noticias\">Dijo  que en el marco de las reuniones, por separado, con los productores de arroz y  de leche, el presidente Fern\u00e1ndez decidi\u00f3, entre otras medidas, que el sector  agropecuario \u00a0\u00a0no es un objetivo  tributario para el Gobierno, por lo que el esfuerzo de las autoridades es de  que el mismo contin\u00fae su desarrollo y alcance los niveles adecuados para  enfrentar la competitividad de los mercados.<\/p>\n<p>&#13;<\/p>\n<p align=\"justify\" class=\"text1noticias\">Tras el anuncio, los l\u00edderes agropecuarios reunidos en  B\u00e1varo, tributaron un fuerte aplauso en se\u00f1al de apoyo a la iniciativa  presidencial.<br \/>&#13;<br \/>\n  <br \/>&#13;<br \/>\n  El secretario enfatiz\u00f3 que la medida significa de que  los productores no ser\u00e1n objetos de ninguna presi\u00f3n tributaria, lo que tambi\u00e9n  motiv\u00f3 a otro aplauso de los productores presentes en la reuni\u00f3n organizada por  la JAD.<br \/>&#13;<br \/>\n\u00a0\u00a0\u00a0\u00a0\u00a0\u00a0\u00a0 <br \/>&#13;<br \/>\nEn el encuentro particip\u00f3, adem\u00e1s del  secretario de Agricultura, una amplia delegaci\u00f3n del sector agropecuario  oficial integrada por los subsecretarios de la cartera del agro, Marino Hern\u00e1ndez,  Leandro Mercedes y Pedro Pablo Pe\u00f1a, as\u00ed como por el administrador del Banco  Agr\u00edcola, Pa\u00edno Abreu; Rafael P\u00e9rez Duverg\u00e9, director del Instituto Dominicano  de Investigaciones Agropecuarias y Forestales (IDIAF); la coordinadora general  del PATCA, Argentina Betances; el director de la Unidad Ejecutora del Programa  de Pignoraciones (UEPI), H\u00e9ctor Acosta y el asesor hort\u00edcola del Poder  Ejecutivo, Eugenio N\u00fa\u00f1ez.<\/p>\n<p>&#13;<\/p>\n<p align=\"justify\" class=\"text1noticias\">EXPORTACION  DE ARROZ<\/p>\n<p>&#13;<\/p>\n<p align=\"justify\" class=\"text1noticias\">Dijo que otra medida tomada por el gobernante, fue la  de disponer la exportaci\u00f3n de m\u00e1s de 40 mil toneladas de arroz, para enfrentar el  excedente del cereal que se ha producido en el pa\u00eds como resultado de la  pol\u00edtica econ\u00f3mica, la estabilidad y la confianza que han tenido los  productores en la presente administraci\u00f3n.<br \/>&#13;<br \/>\n  <br \/>&#13;<br \/>\n  Sostuvo que la disposici\u00f3n que garantiza el  crecimiento que ha experimentado el sector arrocero, se aplicar\u00e1 de manera  gradual para mantener la estabilidad de la oferta y precios justos para los  consumidores.<br \/>&#13;<br \/>\n  <br \/>&#13;<br \/>\n  Inform\u00f3 que la disposici\u00f3n equivale a la exportaci\u00f3n de  unos 800 mil quintales de arroz y que se har\u00e1 de manera gradual a raz\u00f3n de unas  10 mil toneladas m\u00e9tricas cada 45 d\u00edas.<br \/>&#13;<br \/>\n  <br \/>&#13;<br \/>\n Sobre el contrabando del cereal, el  secretario de Agricultura dijo que el Presidente tom\u00f3 las medidas de lugar y dispuso  que la Direcci\u00f3n General  de Aduanas y la Secretar\u00eda  de las Fuerzas Armadas erradiquen el mal. Dicho anunci\u00f3 tambi\u00e9n fue aplaudido por la asamblea de  dirigentes agropecuarios.<\/p>\n<p>&#13;<\/p>\n<p align=\"justify\" class=\"text1noticias\">Jim\u00e9nez se\u00f1al\u00f3, adem\u00e1s, que en la reuni\u00f3n que sostuvo  el presidente Fern\u00e1ndez el vienes pasado con los productores de arroz, el  mandatario entreg\u00f3 un cheque por m\u00e1s de 47 millones de pesos para el pago del  Programa Nacional de Pignoraciones, el cual ha propiciado que el pa\u00eds alcanzara  la autosuficiencia arrocera.<\/p>\n<p>&#13;<\/p>\n<p align=\"justify\">\u00a0<\/p>\n<p>&#13;<\/p>\n<p>\u00a0<\/p>\n<p>&#13;<\/p>\n<h6> 2007-09-16 23:47:27 <\/h6>\n<p><!--\n<link rel=\"stylesheet\" href=\"css\/bootstrap.min.css\">\n\n\n<ul class=\"pagination\">\n\t    \n\t\n\n<li >\n\t<a href='?page_no=28657'>Previous<\/a>\n\t<\/li>\n\n\n       \n    \n\n<li><a href='?page_no=1'>1<\/a><\/li>\n\n\n\n<li><a href='?page_no=2'>2<\/a><\/li>\n\n\n\n<li><a>...<\/a><\/li>\n\n\n\n<li><a href='?page_no=28656'>28656<\/a><\/li>\n\n\n\n<li><a href='?page_no=28657'>28657<\/a><\/li>\n\n\n\n<li class='active'><a>28658<\/a><\/li>\n\n\n\n<li><a href='?page_no=28659'>28659<\/a><\/li>\n\n\n\n<li><a href='?page_no=28660'>28660<\/a><\/li>\n\n\n\n<li><a>...<\/a><\/li>\n\n\n\n<li><a href='?page_no=30472'>30472<\/a><\/li>\n\n\n\n<li><a href='?page_no=30473'>30473<\/a><\/li>\n\n    \n\t\n\n<li >\n\t<a href='?page_no=28659'>Next<\/a>\n\t<\/li>\n\n\n    \n\n<li><a href='?page_no=30473'>Last &rsaquo;&rsaquo;<\/a><\/li>\n\n<\/ul>\n\n\n--><br \/>\n<\/body><\/p>\n","protected":false},"excerpt":{"rendered":"<p>El presidente Leonel Fern\u00e1ndez elimina impuestos a productores agropecuarios &#13; Dispone devolver el ITBIS y orden\u00f3 que no se cobre el 5 por ciento a los insumos, servicios \u00a0y maquinarias agr\u00edcolas. El secretario de Agricultura asegura que las medidas beneficiar\u00e1n significativamente a todos los os productores del pa\u00eds. &#13; SANTO DOMINGO.- El presidente Leonel Fern\u00e1ndez [&hellip;]<\/p>\n","protected":false},"author":3,"featured_media":0,"comment_status":"open","ping_status":"open","sticky":false,"template":"","format":"standard","meta":{"footnotes":""},"categories":[18],"tags":[],"class_list":["post-122778","post","type-post","status-publish","format-standard","hentry","category-economia"],"_links":{"self":[{"href":"https:\/\/diariodominicano.com\/index.php?rest_route=\/wp\/v2\/posts\/122778","targetHints":{"allow":["GET"]}}],"collection":[{"href":"https:\/\/diariodominicano.com\/index.php?rest_route=\/wp\/v2\/posts"}],"about":[{"href":"https:\/\/diariodominicano.com\/index.php?rest_route=\/wp\/v2\/types\/post"}],"author":[{"embeddable":true,"href":"https:\/\/diariodominicano.com\/index.php?rest_route=\/wp\/v2\/users\/3"}],"replies":[{"embeddable":true,"href":"https:\/\/diariodominicano.com\/index.php?rest_route=%2Fwp%2Fv2%2Fcomments&post=122778"}],"version-history":[{"count":0,"href":"https:\/\/diariodominicano.com\/index.php?rest_route=\/wp\/v2\/posts\/122778\/revisions"}],"wp:attachment":[{"href":"https:\/\/diariodominicano.com\/index.php?rest_route=%2Fwp%2Fv2%2Fmedia&parent=122778"}],"wp:term":[{"taxonomy":"category","embeddable":true,"href":"https:\/\/diariodominicano.com\/index.php?rest_route=%2Fwp%2Fv2%2Fcategories&post=122778"},{"taxonomy":"post_tag","embeddable":true,"href":"https:\/\/diariodominicano.com\/index.php?rest_route=%2Fwp%2Fv2%2Ftags&post=122778"}],"curies":[{"name":"wp","href":"https:\/\/api.w.org\/{rel}","templated":true}]}}