{"id":122777,"date":"2007-09-16T23:51:47","date_gmt":"2007-09-16T23:51:47","guid":{"rendered":"http:\/\/diariodominicano.ddns.net\/?p=122777"},"modified":"2007-09-16T23:51:47","modified_gmt":"2007-09-16T23:51:47","slug":"ministro-de-economia-destaca-como-uno-de-los-grandes-logros-del-gobierno-mantener-la-inflacion-en-un-digito-a-pesar-las-alzas-del-petroleo","status":"publish","type":"post","link":"https:\/\/diariodominicano.com\/?p=122777","title":{"rendered":"Ministro de Econom\u00eda destaca como uno de los grandes logros del Gobierno mantener la inflaci\u00f3n en un digito a pesar las alzas del petr\u00f3leo"},"content":{"rendered":"<p><body><\/p>\n<p align=\"justify\" class=\"titulogrande1\">Ministro de  Econom\u00eda destaca como uno de los grandes logros del Gobierno mantener la  inflaci\u00f3n en un digito a pesar las alzas del petr\u00f3leo<\/p>\n<p>&#13;<\/p>\n<p align=\"justify\" class=\"text1noticias\"><strong>SANTO DOMINGO.-<\/strong> Contener la inflaci\u00f3n en cifras inferiores a los  dos d\u00edgitos, \u00a0pese a la enorme carest\u00eda de los precios  internacionales del petr\u00f3leo y sus derivados, es uno de los grandes logros de  la gesti\u00f3n del Partido de la Liberaci\u00f3n Dominicana que la poblaci\u00f3n valorar\u00e1  en los venideros comicios, ha estimado el secretario de Econom\u00eda, Planificaci\u00f3n  y Desarrollo, Juan Temistocles Mont\u00e1s. <\/p>\n<p>&#13;<\/p>\n<p align=\"justify\" class=\"text1noticias\">\u00abLa poblaci\u00f3n tiene claro que el impuesto que mas les afecta  de manera directa es la inflaci\u00f3n. <br \/>&#13;<br \/>\n  <br \/>&#13;<br \/>\nLo es, porque es un impuesto regresivo,  afecta a los mas pobres y a los que menos reciben\u00bb . <\/p>\n<p>&#13;<\/p>\n<p align=\"justify\" class=\"text1noticias\">Mont\u00e1s record\u00f3 \u00a0que la  administraci\u00f3n desde el principio se propuso y consigui\u00f3,\u00a0 evitar\u00a0  que se dispararan los niveles inflacionarios. <\/p>\n<p>&#13;<\/p>\n<p align=\"justify\" class=\"text1noticias\">\u00abLo que se ha hecho es tratar de evitar que la inflaci\u00f3n se  dispare con todo y que los precios del petr\u00f3leo ha llegado a niveles que nadie  esper\u00f3\u00bb argumento el tambi\u00e9n \u00a0miembro del Comit\u00e9 Pol\u00edtico del PLD y Director  de la Unidad  de Estrat\u00e9gica de la Campa\u00f1a. <br \/>&#13;\n<\/p>\n<p>&#13;<\/p>\n<p align=\"justify\" class=\"text1noticias\">Mont\u00e1s en un bolet\u00edn entregado por la Secretar\u00eda de  Comunicaciones del PLD destaca que fruto  de la estabilidad en la econom\u00eda se ha producido una recuperaci\u00f3n del valor  real del salario. <\/p>\n<p>&#13;<\/p>\n<p align=\"justify\" class=\"text1noticias\">\u00abCuando llegamos al gobierno, el salario percibido por los  empleados del sector publico y privado,\u00a0\u00a0  se hab\u00eda devaluado en el alrededor de un 35 por ciento, con relaci\u00f3n al  a\u00f1o anterior. <br \/>&#13;<br \/>\n  <br \/>&#13;<br \/>\nEn lo que va de gesti\u00f3n el valor del salario se ha incrementado  en el alrededor de un 27 por ciento con relaci\u00f3n a lo encontrado\u00bb coment\u00f3. <\/p>\n<p>&#13;<\/p>\n<p align=\"justify\" class=\"text1noticias\">Explic\u00f3 que ese incremento en el valor salarial es producto de la  estabilidad de la econom\u00eda y de los incrementos salariales producido. <\/p>\n<p>&#13;<\/p>\n<p align=\"justify\" class=\"text1noticias\">Record\u00f3 que el primer a\u00f1o de la gesti\u00f3n del Presidente Leonel  Fern\u00e1ndez se increment\u00f3 el salario en alrededor de un 30 por ciento y con  efectividad el a\u00f1o en curso,\u00a0 se mejor\u00f3  sustancialmente el salario de m\u00e9dicos, maestros, entre otros sectores. <\/p>\n<p>&#13;<\/p>\n<p align=\"justify\" class=\"text1noticias\">\u00abEso se ha\u00a0 reflejado  en una mejor\u00eda de la capacidad adquisitiva de los diferentes sectores de la  vida nacional\u00bb dijo.\u00a0\u00a0\u00a0\u00a0\u00a0\u00a0\u00a0\u00a0 <\/p>\n<p>&#13;<\/p>\n<p align=\"justify\" class=\"text1noticias\">Como responsable de la Secretar\u00eda de Econom\u00eda y encargado del equipo  estrat\u00e9gico de la campa\u00f1a electoral del PLD, Mont\u00e1s\u00a0 observa que desde el gobierno se debe  persistir en asegurar que no se deteriore las condiciones macroecon\u00f3micas del  pa\u00eds. <\/p>\n<p>&#13;<\/p>\n<p align=\"justify\" class=\"text1noticias\">\u00abSe debe persistir en\u00a0mantener estabilidad\u00bb dijo Temistocles\u00a0 Mont\u00e1s siendo categ\u00f3rico en afirmar que\u00a0 \u00abCon todo y los altos\u00a0 precios del petr\u00f3leo, la inflaci\u00f3n no ha  llegado al nivel de dos d\u00edgitos\u00bb.\u00a0 <\/p>\n<p>&#13;<\/p>\n<p align=\"justify\" class=\"text1noticias\">Refiri\u00f3 que el pa\u00eds compra petr\u00f3leo a precios\u00a0 casi tres veces superiores a como lo compr\u00f3 la administraci\u00f3n pasada. <br \/>&#13;<br \/>\n  <br \/>&#13;<br \/>\n  En el\u00a0 Informe del Banco Central del mes de agosto  pasado, el\u00a0 \u00cdndice de Precios al Consumidor (IPC) reflej\u00f3 una disminuci\u00f3n  de\u00a0\u20130.64% respecto al mes de julio, lo que ubic\u00f3 la inflaci\u00f3n acumulada en  los primeros ocho meses del a\u00f1o en 3.98%. La inflaci\u00f3n anualizada, medida de  agosto 2006 a  julio 2007, se redujo al colocarse en 4.36%, mientras que la inflaci\u00f3n promedio  doce meses descendi\u00f3 a 5.08 por ciento. \u00a0 <\/p>\n<p>&#13;<\/p>\n<h6> 2007-09-16 23:51:47 <\/h6>\n<p><!--\n<link rel=\"stylesheet\" href=\"css\/bootstrap.min.css\">\n\n\n<ul class=\"pagination\">\n\t    \n\t\n\n<li >\n\t<a href='?page_no=28656'>Previous<\/a>\n\t<\/li>\n\n\n       \n    \n\n<li><a href='?page_no=1'>1<\/a><\/li>\n\n\n\n<li><a href='?page_no=2'>2<\/a><\/li>\n\n\n\n<li><a>...<\/a><\/li>\n\n\n\n<li><a href='?page_no=28655'>28655<\/a><\/li>\n\n\n\n<li><a href='?page_no=28656'>28656<\/a><\/li>\n\n\n\n<li class='active'><a>28657<\/a><\/li>\n\n\n\n<li><a href='?page_no=28658'>28658<\/a><\/li>\n\n\n\n<li><a href='?page_no=28659'>28659<\/a><\/li>\n\n\n\n<li><a>...<\/a><\/li>\n\n\n\n<li><a href='?page_no=30472'>30472<\/a><\/li>\n\n\n\n<li><a href='?page_no=30473'>30473<\/a><\/li>\n\n    \n\t\n\n<li >\n\t<a href='?page_no=28658'>Next<\/a>\n\t<\/li>\n\n\n    \n\n<li><a href='?page_no=30473'>Last &rsaquo;&rsaquo;<\/a><\/li>\n\n<\/ul>\n\n\n--><br \/>\n<\/body><\/p>\n","protected":false},"excerpt":{"rendered":"<p>Ministro de Econom\u00eda destaca como uno de los grandes logros del Gobierno mantener la inflaci\u00f3n en un digito a pesar las alzas del petr\u00f3leo &#13; SANTO DOMINGO.- Contener la inflaci\u00f3n en cifras inferiores a los dos d\u00edgitos, \u00a0pese a la enorme carest\u00eda de los precios internacionales del petr\u00f3leo y sus derivados, es uno de los [&hellip;]<\/p>\n","protected":false},"author":3,"featured_media":0,"comment_status":"open","ping_status":"open","sticky":false,"template":"","format":"standard","meta":{"footnotes":""},"categories":[18],"tags":[],"class_list":["post-122777","post","type-post","status-publish","format-standard","hentry","category-economia"],"_links":{"self":[{"href":"https:\/\/diariodominicano.com\/index.php?rest_route=\/wp\/v2\/posts\/122777","targetHints":{"allow":["GET"]}}],"collection":[{"href":"https:\/\/diariodominicano.com\/index.php?rest_route=\/wp\/v2\/posts"}],"about":[{"href":"https:\/\/diariodominicano.com\/index.php?rest_route=\/wp\/v2\/types\/post"}],"author":[{"embeddable":true,"href":"https:\/\/diariodominicano.com\/index.php?rest_route=\/wp\/v2\/users\/3"}],"replies":[{"embeddable":true,"href":"https:\/\/diariodominicano.com\/index.php?rest_route=%2Fwp%2Fv2%2Fcomments&post=122777"}],"version-history":[{"count":0,"href":"https:\/\/diariodominicano.com\/index.php?rest_route=\/wp\/v2\/posts\/122777\/revisions"}],"wp:attachment":[{"href":"https:\/\/diariodominicano.com\/index.php?rest_route=%2Fwp%2Fv2%2Fmedia&parent=122777"}],"wp:term":[{"taxonomy":"category","embeddable":true,"href":"https:\/\/diariodominicano.com\/index.php?rest_route=%2Fwp%2Fv2%2Fcategories&post=122777"},{"taxonomy":"post_tag","embeddable":true,"href":"https:\/\/diariodominicano.com\/index.php?rest_route=%2Fwp%2Fv2%2Ftags&post=122777"}],"curies":[{"name":"wp","href":"https:\/\/api.w.org\/{rel}","templated":true}]}}