{"id":122776,"date":"2007-09-17T00:25:12","date_gmt":"2007-09-17T00:25:12","guid":{"rendered":"http:\/\/diariodominicano.ddns.net\/?p=122776"},"modified":"2007-09-17T00:25:12","modified_gmt":"2007-09-17T00:25:12","slug":"asonaimco-presenta-grupos-de-eficiencia-colectiva-por-tlc","status":"publish","type":"post","link":"https:\/\/diariodominicano.com\/?p=122776","title":{"rendered":"ASONAIMCO presenta grupos de eficiencia colectiva por TLC"},"content":{"rendered":"<p><body><\/p>\n<p align=\"justify\"><span class=\"titulogrande1\">ASONAIMCO presenta grupos de eficiencia colectiva por TLC<\/span><br \/>&#13;<br \/>\n  \u00a0<br \/>&#13;<br \/>\n  <span class=\"text1noticias\"><strong><img loading=\"lazy\" decoding=\"async\" src=\"http:\/\/localhost:8080\/economia\/pictures\/yuri chez.jpg\" width=\"269\" height=\"179\" hspace=\"4\" align=\"left\" \/>SANTO DOMINGO.-\u00a0<\/strong>El  presidente de la Asociaci\u00f3n  de Industriales de Muebles, Colchones y Afines, Inc. (ASONAIMCO) anunci\u00f3 la  formaci\u00f3n de los denominados Grupos de Eficiencia Colectiva (GEC), que son  unidades productivas que aglutinan a peque\u00f1os fabricantes del sector para  hacerlos m\u00e1s competitivos.<br \/>&#13;<br \/>\n  \u00a0<br \/>&#13;<br \/>\nYury Chez expres\u00f3 que  la iniciativa forma parte de las medidas para enfrentar los retos que aguardan a los  productores de muebles criollos ante la reci\u00e9n entrada del Tratado de Libre  Comercio (TLC).<br \/>&#13;<br \/>\n  \u00a0<br \/>&#13;<br \/>\n  El dirigente empresarial habl\u00f3 en el acto de juramentaci\u00f3n  de los Grupos de Eficiencia Colectiva de las comunidades de Santo Tom\u00e1s de  Aquino y de Los Tres Brazos, conformados por peque\u00f1os productores de muebles y colchones de estos populosos sectores de Santo Domingo.<br \/>&#13;<br \/>\n  \u00a0<br \/>&#13;<br \/>\n  La actividad se llev\u00f3 a cabo en la sede de la Confederaci\u00f3n Dominicana  de la Peque\u00f1a  y Mediana Empresa (CODOPYME), ubicada en Plaza Central, e incluy\u00f3  intervenciones de Nicol\u00e1s Castillo, director t\u00e9cnico del programa Proempresa;  el empresario Manuel Roa y los consultores Juan del Orbe y Angel Matos Auden.<br \/>&#13;<br \/>\n  \u00a0<br \/>&#13;<br \/>\n  Consider\u00f3 que para hacer m\u00e1s competitivo a los productores  criollos es fundamental fortalecer a las entidades p\u00fablicas y privadas, que  requieren avanzar a una nueva etapa de modernizaci\u00f3n institucional.<br \/>&#13;<br \/>\n  \u00a0<br \/>&#13;<br \/>\nChez dijo \u00a0que es necesaria una estrategia pol\u00edtica  industrial para elevar la eficiencia de \u00e9stas y de sus sectores, y que ello  demanda un trabajo coordinado entre el gobierno y las organizaciones  empresariales.<br \/>&#13;<br \/>\n  \u00a0<br \/>&#13;<br \/>\n  Se\u00f1al\u00f3 que los grupos \u201cGrupos de Eficiencia Colectiva  (GEC)\u201d, que promueve ASONAIMCO, cuentan con el apoyo y la asesor\u00eda t\u00e9cnica del  programa Proempresa, de la   Uni\u00f3n Europea.<br \/>&#13;<br \/>\n  \u00a0<br \/>&#13;<br \/>\n  Dijo \u00a0que este proceso  de asociatividad conlleva dos elementos esenciales para presentar visos de  \u00e9xito y durabilidad, que es la cooperaci\u00f3n y la definici\u00f3n de objetivos claros,  acompa\u00f1ado de la mayor dosis de sentido com\u00fan.<br \/>&#13;<br \/>\n  \u00a0<br \/>&#13;<br \/>\n  Indic\u00f3\u00a0 que todo esto  tiene como soporte a un grupo de individuos o empresas que han tomado la  decisi\u00f3n de entrar en un proceso de asociatividad y cooperaci\u00f3n, en el denominado  GEC.<br \/>&#13;<br \/>\n  \u00a0<br \/>&#13;<br \/>\n  Explic\u00f3 que los procesos de asociatividad tienen varios  tipos de motivaciones, entre las que mencion\u00f3 la necesidad de aprovechar elementos  y procesos comunes en los sistemas de operaci\u00f3n de un grupo de empresas, las  econom\u00edas de escala y reducir costos en los procesos para lograr productividad.<br \/>&#13;<br \/>\n  \u00a0<br \/>&#13;<br \/>\n  Asimismo, crear la capacidad de servir a un determinado  mercado de alto nivel de consumo, convertir los costos individuales en procesos  como compras, mercadeo o partes espec\u00edficas del proceso fabril en costos  reducidos a trav\u00e9s de la unificaci\u00f3n de partes de estos procesos.<br \/>&#13;<br \/>\n  \u00a0<br \/>&#13;<br \/>\nDestac\u00f3 que todos estos procesos pueden darse sin que  ninguna empresa involucrada pierda su autonom\u00eda ni su identidad, ni mucho menos  su capacidad operativa individual.<\/span><\/p>\n<p>&#13;<\/p>\n<h6> 2007-09-17 00:25:12 <\/h6>\n<p><!--\n<link rel=\"stylesheet\" href=\"css\/bootstrap.min.css\">\n\n\n<ul class=\"pagination\">\n\t    \n\t\n\n<li >\n\t<a href='?page_no=28655'>Previous<\/a>\n\t<\/li>\n\n\n       \n    \n\n<li><a href='?page_no=1'>1<\/a><\/li>\n\n\n\n<li><a href='?page_no=2'>2<\/a><\/li>\n\n\n\n<li><a>...<\/a><\/li>\n\n\n\n<li><a href='?page_no=28654'>28654<\/a><\/li>\n\n\n\n<li><a href='?page_no=28655'>28655<\/a><\/li>\n\n\n\n<li class='active'><a>28656<\/a><\/li>\n\n\n\n<li><a href='?page_no=28657'>28657<\/a><\/li>\n\n\n\n<li><a href='?page_no=28658'>28658<\/a><\/li>\n\n\n\n<li><a>...<\/a><\/li>\n\n\n\n<li><a href='?page_no=30472'>30472<\/a><\/li>\n\n\n\n<li><a href='?page_no=30473'>30473<\/a><\/li>\n\n    \n\t\n\n<li >\n\t<a href='?page_no=28657'>Next<\/a>\n\t<\/li>\n\n\n    \n\n<li><a href='?page_no=30473'>Last &rsaquo;&rsaquo;<\/a><\/li>\n\n<\/ul>\n\n\n--><br \/>\n<\/body><\/p>\n","protected":false},"excerpt":{"rendered":"<p>ASONAIMCO presenta grupos de eficiencia colectiva por TLC&#13; \u00a0&#13; SANTO DOMINGO.-\u00a0El presidente de la Asociaci\u00f3n de Industriales de Muebles, Colchones y Afines, Inc. (ASONAIMCO) anunci\u00f3 la formaci\u00f3n de los denominados Grupos de Eficiencia Colectiva (GEC), que son unidades productivas que aglutinan a peque\u00f1os fabricantes del sector para hacerlos m\u00e1s competitivos.&#13; \u00a0&#13; Yury Chez expres\u00f3 que [&hellip;]<\/p>\n","protected":false},"author":3,"featured_media":0,"comment_status":"open","ping_status":"open","sticky":false,"template":"","format":"standard","meta":{"footnotes":""},"categories":[18],"tags":[],"class_list":["post-122776","post","type-post","status-publish","format-standard","hentry","category-economia"],"_links":{"self":[{"href":"https:\/\/diariodominicano.com\/index.php?rest_route=\/wp\/v2\/posts\/122776","targetHints":{"allow":["GET"]}}],"collection":[{"href":"https:\/\/diariodominicano.com\/index.php?rest_route=\/wp\/v2\/posts"}],"about":[{"href":"https:\/\/diariodominicano.com\/index.php?rest_route=\/wp\/v2\/types\/post"}],"author":[{"embeddable":true,"href":"https:\/\/diariodominicano.com\/index.php?rest_route=\/wp\/v2\/users\/3"}],"replies":[{"embeddable":true,"href":"https:\/\/diariodominicano.com\/index.php?rest_route=%2Fwp%2Fv2%2Fcomments&post=122776"}],"version-history":[{"count":0,"href":"https:\/\/diariodominicano.com\/index.php?rest_route=\/wp\/v2\/posts\/122776\/revisions"}],"wp:attachment":[{"href":"https:\/\/diariodominicano.com\/index.php?rest_route=%2Fwp%2Fv2%2Fmedia&parent=122776"}],"wp:term":[{"taxonomy":"category","embeddable":true,"href":"https:\/\/diariodominicano.com\/index.php?rest_route=%2Fwp%2Fv2%2Fcategories&post=122776"},{"taxonomy":"post_tag","embeddable":true,"href":"https:\/\/diariodominicano.com\/index.php?rest_route=%2Fwp%2Fv2%2Ftags&post=122776"}],"curies":[{"name":"wp","href":"https:\/\/api.w.org\/{rel}","templated":true}]}}