{"id":122775,"date":"2007-09-17T00:41:42","date_gmt":"2007-09-17T00:41:42","guid":{"rendered":"http:\/\/diariodominicano.ddns.net\/?p=122775"},"modified":"2007-09-17T00:41:42","modified_gmt":"2007-09-17T00:41:42","slug":"semana-dominicana-inicia-este-lunes-con-importantes-actividades-en-washington","status":"publish","type":"post","link":"https:\/\/diariodominicano.com\/?p=122775","title":{"rendered":"Semana Dominicana inicia este lunes con importantes actividades en Washington"},"content":{"rendered":"<p><body><\/p>\n<p align=\"justify\"><strong class=\"titulogrande1\">Semana Dominicana inicia este lunes con  importantes actividades en Washington<\/strong><br \/>&#13;<br \/>\n  <br \/>&#13;<br \/>\n    <span class=\"text1noticias\"><img loading=\"lazy\" decoding=\"async\" src=\"http:\/\/localhost:8080\/economia\/pictures\/bandera dominicana y estadounidense.jpg\" width=\"269\" height=\"365\" hspace=\"4\" align=\"left\" \/>La XV versi\u00f3n de la Semana Dominicana  en Estados Unidos, comienza este lunes \u00a0en Washington con un programa de actividades  que abarca importantes de reuniones en el Banco Mundial, BID, EximBank y la comparecencia  como orador principal del Presidente Leonel Fern\u00e1ndez ante la reuni\u00f3n de las  c\u00e1maras de comercio.\u00a0<br \/>&#13;<br \/>\n    <br \/>&#13;<br \/>\n    La   Semana Dominicana llega a sus quince a\u00f1os contribuyendo con un  objetivo b\u00e1sico, el mejoramiento de la imagen de la Rep\u00fablica Dominicana y la  elevaci\u00f3n de la influencia de la comunidad dominicana residente en los Estados  Unidos. Semana Dominicana ha integrado importantes instituciones y  organizaciones de la sociedad dominicana a participar y apoyar el programa de  actividades, como la   C\u00e1mara Americana de Comercio que es la responsable de varios  encuentros, la   Fundaci\u00f3n Global, Democracia y Desarrollo, Grupo de  Profesionales Dominicanos de Washington y Dominicanos en Wall Street, entre  otras instituciones. <br \/>&#13;<br \/>\n    <br \/>&#13;<br \/>\n    <br \/>&#13;<br \/>\n    <\/span><span class=\"text1noticias\"> Semana Dominicana tiene como objetivo fortalecer los  v\u00ednculos entre dominicanos y estadounidenses, as\u00ed como potenciar el comercio  bilateral y promover los mejores valores de la dominicanidad. \u00a0<br \/>&#13;<br \/>\n  <br \/>&#13;<br \/>\n    <strong>Programa de actividades<\/strong> <br \/>&#13;<br \/>\n  <br \/>&#13;<br \/>\n  Las actividades de Semana Dominicana inician este  lunes 17 en Washington con el acto de Izamiento de la Bandera Nacional  en la Embajada   Dominicana en Washington; luego dos importantes reuniones del  Comit\u00e9 Organizador y la   C\u00e1mara Americana de Comercio en la Corporaci\u00f3n Financiera  Internacional (organismo del Banco Mundial) y en el Banco de Importaci\u00f3n y Exportaci\u00f3n  de Estados Unidos (Eximbank). Tambi\u00e9n se realizar\u00e1 un importante panel,  organizado por el Grupo de Profesionales Dominicanos en Washington, sobre la  agenda dominico-estadounidense de los \u00faltimos anos. Al final de la jornada de  este lunes ser\u00e1 la   Exhibici\u00f3n Retrospectiva de Jaime Colson.<br \/>&#13;<br \/>\n  <br \/>&#13;<br \/>\n  Este martes\u00a0  18,\u00a0 el presidente Fern\u00e1ndez  disertar\u00e1 como orador invitado en la Conferencia Anual\u00a0 de la Asociaci\u00f3n  de C\u00e1maras de Comercio de Am\u00e9rica Latina, encuentro organizado por la C\u00e1mara Americana  de Comercio. Ese mismo d\u00eda se producir\u00e1n dos encuentros importantes en el BID y  el Departamento de Estado. Al final del d\u00eda se realizar\u00e1 el panel, organizado  por Fundaci\u00f3n Global y Democracia, \u201cLa Reforma a la Constituci\u00f3n Dominicana\u201d.<br \/>&#13;<br \/>\n  <br \/>&#13;<br \/>\n    <strong>Actividades Nueva York<\/strong> <br \/>&#13;<br \/>\n  <br \/>&#13;<br \/>\n  En esta ciudad se realizar\u00e1 el pr\u00f3ximo mi\u00e9rcoles 19, por segundo  a\u00f1o consecutivo, el reconocimiento-homenaje a los profesores dominicanos  meritorios por sus aportes a la educaci\u00f3n en Estados Unidos, actividad  organizada por la Universidad APEC  y el Comit\u00e9 Organizador de Semana Dominicana.<br \/>&#13;<br \/>\n  <br \/>&#13;<br \/>\n  Posteriormente tendr\u00e1 lugar el panel sobre el Mercado  Dominicano de Hipotecas, con los auspicios de Dominicanos en Wall Street.<br \/>&#13;<br \/>\n  <br \/>&#13;<br \/>\n  Finalmente, el jueves (\u00faltima jornada de la Semana Dominicana)  se realizar\u00e1 el panel sobre comercio e inversi\u00f3n entre Nueva York y Republica  Dominicana y luego concluir\u00e1 con la conferencia del presidente Fern\u00e1ndez sobre  oportunidades de inversi\u00f3n en la Republica Dominicana.<br \/>&#13;<br \/>\n  <br \/>&#13;<br \/>\n    <strong>Las trascendencia de la Semana Dominicana<\/strong> <br \/>&#13;<br \/>\n  <br \/>&#13;<br \/>\n  El Comit\u00e9 Organizador de  Semana Dominicana, encabezado por el doctor Luis Heredia Bonetti, e integrado  por Ellis P\u00e9rez, vicepresidente; Frank Moya Pons, Roberto Salad\u00edn, Frederic  Emam-Zade, Roberto Alvarez, Guillermo Rivera, Pedro D\u00edaz Ballester, Muriel  Alfonseca, entre otros, desde el a\u00f1o 1992 ha impulsado un programa sostenido todos  los a\u00f1os en los Estados Unidos, convencidos de la necesidad de proyectar los  valores de la naci\u00f3n dominicana y concitar el di\u00e1logo en los escenarios m\u00e1s  prestigiosos e id\u00f3neos, para fortalecer los v\u00ednculos comerciales, acad\u00e9micos,  art\u00edsticos y pol\u00edticos entre dominicanos y estadounidenses, en el contexto de  una creciente interdependencia internacional. <br \/>&#13;<br \/>\n  <br \/>&#13;<br \/>\n  El doctor Heredia Bonetti  dijo que Semana Dominicana funciona como una correa de transmisi\u00f3n de las  relaciones de Rep\u00fablica Dominicana con sus connacionales residentes en Estados  Unidos. \u201cSemana Dominicana ha contribuido eficazmente con los programas  tendentes a institucionalizar\u00a0 los nexos entre dominicanos de aqu\u00ed y de  all\u00e1, estadounidenses de origen dominicano y las esferas de decisiones en  Estados Unidos\u201d, manifest\u00f3. <br \/>&#13;<br \/>\n  <br \/>&#13;<br \/>\n  Resalt\u00f3 que la exaltaci\u00f3n  de los valores, en lo econ\u00f3mico, lo cultural, art\u00edstico, musical y profesional  ha impulsado la integraci\u00f3n de los dominicanos en Estados Unidos y su  empoderamiento para participar en los procesos c\u00edvicos y pol\u00edticos. <br \/>&#13;<br \/>\n  <br \/>&#13;<br \/>\n\u201cLa Semana Dominicana  ha sido un valioso instrumento de promoci\u00f3n de mejores relaciones entre la  Rep\u00fablica Dominicana y los Estados Unidos de Am\u00e9rica, en un esfuerzo conjunto  para presentar los aspectos m\u00e1s positivos de dichas relaciones e identificar  oportunidades de colaboraci\u00f3n mutua. Nuevas puertas se han\u00a0 abierto al  facilitar niveles m\u00e1s elevados de conocimiento rec\u00edproco, en un clima de  confianza, respetabilidad y credibilidad, por la calidad de las personas e  instituciones involucradas\u201d, afirm\u00f3 el Doctor Heredia Bonetti. <br \/>&#13;<br \/>\n  <br \/>&#13;<br \/>\n  Agreg\u00f3 que todas las  personas que han colaborado al \u00e9xito de la Semana\u00a0 Dominicana en los Estados Unidos  tienen legitimo motivo para regocijarse por la celebraci\u00f3n de esta decimoquinta  edici\u00f3n y pueden con satisfacci\u00f3n proclamar que han sido participes de la  iniciativa m\u00e1s fecunda tendente a mejorar la imagen y elevar la valoraci\u00f3n externa  de la Rep\u00fablica Dominicana y sus naciones. <br \/>&#13;<br \/>\n  <br \/>&#13;<br \/>\n  <strong>Importantes contribuciones<br \/>&#13;<br \/>\n  <\/strong><\/span><span class=\"text1noticias\"><br \/>&#13;<br \/>\n  Uno de los aportes m\u00e1s  importantes de Semana Dominicana en estos 15 a\u00f1os, ha sido despertar el  inter\u00e9s y fomentar la atenci\u00f3n a los asuntos dominicanos con una comunicaci\u00f3n  efectiva de alto rango. <br \/>&#13;<br \/>\n  <br \/>&#13;<br \/>\n  Cabe citar entre los  aportes, el hecho de que la di\u00e1spora\u00a0 dominicana ha utilizado este foro  para plantear la discusi\u00f3n de temas relevantes para el mejoramiento de su  participaci\u00f3n en la cultura, la econom\u00eda y la pol\u00edtica, tanto de su naci\u00f3n de  origen como en el pa\u00eds que les ha acogido (Estados Unidos). Uno de estos hitos  importantes es la discusi\u00f3n del tema del voto de los dominicanos residentes en  el exterior y de propuestas legislativas para proteger sus intereses  econ\u00f3micos, canalizada en una reuni\u00f3n de la Comisi\u00f3n de la C\u00e1mara de Diputados que se traslad\u00f3 a Estados  Unidos\u00a0 expresamente para recibir debates de estas iniciativas, en el  marco de la Semana\u00a0  Dominicana. <br \/>&#13;<br \/>\n  <br \/>&#13;<br \/>\n  La Semana Dominicana ha  sido un foro privilegiado y eficaz para canalizar aspiraciones vitales, como la  preservaci\u00f3n y mejoramiento del acceso preferencial al mercado estadounidense,  enfocadas, por ejemplo, en la legislaci\u00f3n de Paridad Textil y en las  implicaciones del Tratado de\u00a0 Libre Comercio. <br \/>&#13;<br \/>\n  <br \/>&#13;<br \/>\nOtro gran aporte de Semana  Dominicana ha sido la calidad de los intercambios acad\u00e9micos y la ampliaci\u00f3n de  la atenci\u00f3n a los estudios sobre asuntos dominicanos, auspiciados por notables  intelectuales de aqu\u00ed y de all\u00e1, reunidos en los recintos universitarios m\u00e1s  prestigiosos, entre los cuales es oportuno mencionar: Harvard University (John  F. Kennedy School of Government), Georgetown University (Strategic Center for  International Studies), George Washington University, Seaton Hall University,  Jersey City State College, Johns Hopkin University (Center for Strategic and  International Studies), Institute of Caribbean Studies, City University of New  York, (Dominican Studies Institute), Columbia University, Universidad de Puerto  Rico\u00a0 (Recinto R\u00edo Piedra), David Rockefeller Center for Latin American  Studies, Florida International University.\u00a0 <\/span><\/p>\n<p>&#13;<\/p>\n<h6> 2007-09-17 00:41:42 <\/h6>\n<p><!--\n<link rel=\"stylesheet\" href=\"css\/bootstrap.min.css\">\n\n\n<ul class=\"pagination\">\n\t    \n\t\n\n<li >\n\t<a href='?page_no=28654'>Previous<\/a>\n\t<\/li>\n\n\n       \n    \n\n<li><a href='?page_no=1'>1<\/a><\/li>\n\n\n\n<li><a href='?page_no=2'>2<\/a><\/li>\n\n\n\n<li><a>...<\/a><\/li>\n\n\n\n<li><a href='?page_no=28653'>28653<\/a><\/li>\n\n\n\n<li><a href='?page_no=28654'>28654<\/a><\/li>\n\n\n\n<li class='active'><a>28655<\/a><\/li>\n\n\n\n<li><a href='?page_no=28656'>28656<\/a><\/li>\n\n\n\n<li><a href='?page_no=28657'>28657<\/a><\/li>\n\n\n\n<li><a>...<\/a><\/li>\n\n\n\n<li><a href='?page_no=30472'>30472<\/a><\/li>\n\n\n\n<li><a href='?page_no=30473'>30473<\/a><\/li>\n\n    \n\t\n\n<li >\n\t<a href='?page_no=28656'>Next<\/a>\n\t<\/li>\n\n\n    \n\n<li><a href='?page_no=30473'>Last &rsaquo;&rsaquo;<\/a><\/li>\n\n<\/ul>\n\n\n--><br \/>\n<\/body><\/p>\n","protected":false},"excerpt":{"rendered":"<p>Semana Dominicana inicia este lunes con importantes actividades en Washington&#13; &#13; La XV versi\u00f3n de la Semana Dominicana en Estados Unidos, comienza este lunes \u00a0en Washington con un programa de actividades que abarca importantes de reuniones en el Banco Mundial, BID, EximBank y la comparecencia como orador principal del Presidente Leonel Fern\u00e1ndez ante la reuni\u00f3n [&hellip;]<\/p>\n","protected":false},"author":3,"featured_media":0,"comment_status":"open","ping_status":"open","sticky":false,"template":"","format":"standard","meta":{"footnotes":""},"categories":[18],"tags":[],"class_list":["post-122775","post","type-post","status-publish","format-standard","hentry","category-economia"],"_links":{"self":[{"href":"https:\/\/diariodominicano.com\/index.php?rest_route=\/wp\/v2\/posts\/122775","targetHints":{"allow":["GET"]}}],"collection":[{"href":"https:\/\/diariodominicano.com\/index.php?rest_route=\/wp\/v2\/posts"}],"about":[{"href":"https:\/\/diariodominicano.com\/index.php?rest_route=\/wp\/v2\/types\/post"}],"author":[{"embeddable":true,"href":"https:\/\/diariodominicano.com\/index.php?rest_route=\/wp\/v2\/users\/3"}],"replies":[{"embeddable":true,"href":"https:\/\/diariodominicano.com\/index.php?rest_route=%2Fwp%2Fv2%2Fcomments&post=122775"}],"version-history":[{"count":0,"href":"https:\/\/diariodominicano.com\/index.php?rest_route=\/wp\/v2\/posts\/122775\/revisions"}],"wp:attachment":[{"href":"https:\/\/diariodominicano.com\/index.php?rest_route=%2Fwp%2Fv2%2Fmedia&parent=122775"}],"wp:term":[{"taxonomy":"category","embeddable":true,"href":"https:\/\/diariodominicano.com\/index.php?rest_route=%2Fwp%2Fv2%2Fcategories&post=122775"},{"taxonomy":"post_tag","embeddable":true,"href":"https:\/\/diariodominicano.com\/index.php?rest_route=%2Fwp%2Fv2%2Ftags&post=122775"}],"curies":[{"name":"wp","href":"https:\/\/api.w.org\/{rel}","templated":true}]}}