{"id":122774,"date":"2007-09-18T13:24:00","date_gmt":"2007-09-18T13:24:00","guid":{"rendered":"http:\/\/diariodominicano.ddns.net\/?p=122774"},"modified":"2007-09-18T13:24:00","modified_gmt":"2007-09-18T13:24:00","slug":"realizan-concurso-pintando-bayahibe","status":"publish","type":"post","link":"https:\/\/diariodominicano.com\/?p=122774","title":{"rendered":"Realizan concurso \u201cPintando Bayah\u00edbe\u201d"},"content":{"rendered":"<p><body><\/p>\n<p class=\"titulogrande1\"><strong>Realizan concurso \u201cPintando Bayah\u00edbe\u201d<\/strong><\/p>\n<p>&#13;<\/p>\n<p align=\"justify\" class=\"text1noticias\"><strong>BAYAHIBE.-<\/strong> Con el prop\u00f3sito de promover la  vocaci\u00f3n art\u00edstica, la cultura y lo aut\u00f3ctono, y a su vez descubrir nuevos  j\u00f3venes talento, el comit\u00e9 Vive Bayah\u00edbe organiz\u00f3 el primer concurso de pintura  realizado en la zona, bajo el t\u00edtulo \u201cPintando Bayah\u00edbe\u201d.<\/p>\n<p>&#13;<\/p>\n<p align=\"justify\" class=\"text1noticias\">El concurso se realiz\u00f3 en el marco del  Festival Vive Bayah\u00edbe, dirigido a personas de la comunidad con vocaci\u00f3n al  arte, quienes pintaron paisajes propios del entorno y retratos de personajes de  la comunidad a trav\u00e9s de t\u00e9cnicas como \u00f3leo, acr\u00edlica o t\u00e9cnicas mixtas, entre  otras.<\/p>\n<p>&#13;<\/p>\n<p align=\"justify\" class=\"text1noticias\">Entre los ganadores figuran Adri\u00e1n  Rodr\u00edguez, Francisco Alberto Guerrero, Alexander Rodr\u00edguez y Freddy Antonio  Beroa, j\u00f3venes de la comunidad que recibieron premios en met\u00e1lico adem\u00e1s de barcas  y flores de Bayah\u00edbe talladas en madera, s\u00edmbolos propios de la comunidad  confeccionadas por el artesano Guaba.\u00a0 <\/p>\n<p>&#13;<\/p>\n<p align=\"justify\" class=\"text1noticias\">La actividad cont\u00f3 con el apoyo de  tropical Tours, Central Romana, Banco Interamericano de Desarrollo (BID) y la Asociaci\u00f3n de Hoteles  Romana Bayah\u00edbe (AHRB). <\/p>\n<p>&#13;<\/p>\n<p align=\"justify\" class=\"text1noticias\">En el acto de premiaci\u00f3n participaron  integrantes y autoridades de la comunidad adem\u00e1s de representantes de las  instituciones patrocinadoras, del comit\u00e9 Vive Bayah\u00edbe y de la AHRB, entre los que figura  Lissette Gil, Directora ejecutiva de la Asociaci\u00f3n. <\/p>\n<p>&#13;<\/p>\n<h6> 2007-09-18 13:24:00 <\/h6>\n<p><!--\n<link rel=\"stylesheet\" href=\"css\/bootstrap.min.css\">\n\n\n<ul class=\"pagination\">\n\t    \n\t\n\n<li >\n\t<a href='?page_no=28653'>Previous<\/a>\n\t<\/li>\n\n\n       \n    \n\n<li><a href='?page_no=1'>1<\/a><\/li>\n\n\n\n<li><a href='?page_no=2'>2<\/a><\/li>\n\n\n\n<li><a>...<\/a><\/li>\n\n\n\n<li><a href='?page_no=28652'>28652<\/a><\/li>\n\n\n\n<li><a href='?page_no=28653'>28653<\/a><\/li>\n\n\n\n<li class='active'><a>28654<\/a><\/li>\n\n\n\n<li><a href='?page_no=28655'>28655<\/a><\/li>\n\n\n\n<li><a href='?page_no=28656'>28656<\/a><\/li>\n\n\n\n<li><a>...<\/a><\/li>\n\n\n\n<li><a href='?page_no=30472'>30472<\/a><\/li>\n\n\n\n<li><a href='?page_no=30473'>30473<\/a><\/li>\n\n    \n\t\n\n<li >\n\t<a href='?page_no=28655'>Next<\/a>\n\t<\/li>\n\n\n    \n\n<li><a href='?page_no=30473'>Last &rsaquo;&rsaquo;<\/a><\/li>\n\n<\/ul>\n\n\n--><br \/>\n<\/body><\/p>\n","protected":false},"excerpt":{"rendered":"<p>Realizan concurso \u201cPintando Bayah\u00edbe\u201d &#13; BAYAHIBE.- Con el prop\u00f3sito de promover la vocaci\u00f3n art\u00edstica, la cultura y lo aut\u00f3ctono, y a su vez descubrir nuevos j\u00f3venes talento, el comit\u00e9 Vive Bayah\u00edbe organiz\u00f3 el primer concurso de pintura realizado en la zona, bajo el t\u00edtulo \u201cPintando Bayah\u00edbe\u201d. &#13; El concurso se realiz\u00f3 en el marco del [&hellip;]<\/p>\n","protected":false},"author":3,"featured_media":0,"comment_status":"open","ping_status":"open","sticky":false,"template":"","format":"standard","meta":{"footnotes":""},"categories":[18],"tags":[],"class_list":["post-122774","post","type-post","status-publish","format-standard","hentry","category-economia"],"_links":{"self":[{"href":"https:\/\/diariodominicano.com\/index.php?rest_route=\/wp\/v2\/posts\/122774","targetHints":{"allow":["GET"]}}],"collection":[{"href":"https:\/\/diariodominicano.com\/index.php?rest_route=\/wp\/v2\/posts"}],"about":[{"href":"https:\/\/diariodominicano.com\/index.php?rest_route=\/wp\/v2\/types\/post"}],"author":[{"embeddable":true,"href":"https:\/\/diariodominicano.com\/index.php?rest_route=\/wp\/v2\/users\/3"}],"replies":[{"embeddable":true,"href":"https:\/\/diariodominicano.com\/index.php?rest_route=%2Fwp%2Fv2%2Fcomments&post=122774"}],"version-history":[{"count":0,"href":"https:\/\/diariodominicano.com\/index.php?rest_route=\/wp\/v2\/posts\/122774\/revisions"}],"wp:attachment":[{"href":"https:\/\/diariodominicano.com\/index.php?rest_route=%2Fwp%2Fv2%2Fmedia&parent=122774"}],"wp:term":[{"taxonomy":"category","embeddable":true,"href":"https:\/\/diariodominicano.com\/index.php?rest_route=%2Fwp%2Fv2%2Fcategories&post=122774"},{"taxonomy":"post_tag","embeddable":true,"href":"https:\/\/diariodominicano.com\/index.php?rest_route=%2Fwp%2Fv2%2Ftags&post=122774"}],"curies":[{"name":"wp","href":"https:\/\/api.w.org\/{rel}","templated":true}]}}