{"id":122773,"date":"2007-09-18T15:34:14","date_gmt":"2007-09-18T15:34:14","guid":{"rendered":"http:\/\/diariodominicano.ddns.net\/?p=122773"},"modified":"2007-09-18T15:34:14","modified_gmt":"2007-09-18T15:34:14","slug":"indotel-culmina-investigacion-averia-red-movil-claro-codetel-determina-se-trato-de-una-falla-de-caracter-fortuito","status":"publish","type":"post","link":"https:\/\/diariodominicano.com\/?p=122773","title":{"rendered":"Indotel culmina investigaci\u00f3n aver\u00eda red m\u00f3vil Claro-Codetel:  Determina se trat\u00f3 de una falla de car\u00e1cter fortuito"},"content":{"rendered":"<p><body><\/p>\n<p align=\"justify\" class=\"titulogrande1\"><strong>Indotel culmina investigaci\u00f3n aver\u00eda red m\u00f3vil  Claro-Codetel: <\/strong> <strong>Determina se trat\u00f3 de una falla de car\u00e1cter fortuito<\/strong><\/p>\n<p>&#13;<\/p>\n<p align=\"justify\" class=\"text1noticias\"><strong>Santo Domingo.-<\/strong> El Instituto  Dominicano de las Telecomunicaciones (Indotel) inform\u00f3 haber concluido las  investigaciones que llevaba a cabo para determinar las causas de la aver\u00eda  ocurrida el pasado 5 de septiembre en horas de la tarde en la red m\u00f3vil CDMA de  la prestadora Compa\u00f1\u00eda Dominicana de Tel\u00e9fonos, C. por A.<\/p>\n<p>&#13;<\/p>\n<p align=\"justify\" class=\"text1noticias\">Seg\u00fan el informe del Indotel,  el mismo confirma las informaciones ofrecidas por Claro-Codetel, en el sentido  de que el origen de la citada falla lo constituy\u00f3 la falla f\u00edsica de uno de los  discos duros de la central Autoplex de dicha empresa, localizada en el complejo  30 de Marzo de esta capital.<\/p>\n<p>&#13;<\/p>\n<p align=\"justify\" class=\"text1noticias\">De acuerdo a los datos  aportados por el Indotel, la degradaci\u00f3n del servicio s\u00f3lo afect\u00f3 a los  usuarios de la red CDMA de Claro en la ciudad de Santo Domingo durante el  per\u00edodo comprendido entre las 3:30 y 7:45 p.m. de la fecha indicada. <\/p>\n<p>&#13;<\/p>\n<p align=\"justify\" class=\"text1noticias\">\u201cLos usuarios afectados  tuvieron inconvenientes con el establecimiento de sus llamadas en un primer  intento, pero en la medida en que se iba restableciendo el servicio, estos  inconvenientes iban desapareciendo\u201d, a\u00f1ade la nota del Indotel.<\/p>\n<p>&#13;<\/p>\n<p align=\"justify\" class=\"text1noticias\">En la investigaci\u00f3n, el  Indotel reconoci\u00f3 la colaboraci\u00f3n prestada por los t\u00e9cnicos y ejecutivos de  Codetel, as\u00ed como la prontitud y celeridad con que abordaron la soluci\u00f3n de la  aver\u00eda, en cuya ocurrencia se descart\u00f3 cualquier elemento de intencionalidad o  fraude. <\/p>\n<p>&#13;<\/p>\n<p align=\"justify\" class=\"text1noticias\">\u201cEn redes complejas y  sofisticadas, como aquellas existentes en la Rep\u00fablica Dominicana,  es normal que se produzcan fallas fortuitas, que no pueden ser previstas en las  labores rutinarias de monitoreo y mantenimiento que llevan a cabo las empresas.  Lo que debe prevenirse es que las mismas se sucedan con frecuencia o que no se  apliquen acciones correctivas de forma inmediata\u201d declar\u00f3 el Director Ejecutivo  del Indotel, licenciado Jos\u00e9 Alfredo Rizek, al ofrecer la informaci\u00f3n.<\/p>\n<p>&#13;<\/p>\n<p align=\"justify\" class=\"text1noticias\">Rizek concluy\u00f3 afirmando \u201cel  Indotel se siente satisfecho por el manejo dado por Claro-Codetel a estos  inconvenientes t\u00e9cnicos, as\u00ed como por las acciones preventivas que ha  implantado, con la finalidad de evitar su ocurrencia futura. <\/p>\n<p>&#13;<\/p>\n<p align=\"justify\" class=\"text1noticias\">\u201cDesde el punto de vista del  \u00f3rgano regulador, este caso ha quedado debidamente documentado y archivado\u201d, enfatiz\u00f3.<\/p>\n<p>&#13;<\/p>\n<h6> 2007-09-18 15:34:14 <\/h6>\n<p><!--\n<link rel=\"stylesheet\" href=\"css\/bootstrap.min.css\">\n\n\n<ul class=\"pagination\">\n\t    \n\t\n\n<li >\n\t<a href='?page_no=28652'>Previous<\/a>\n\t<\/li>\n\n\n       \n    \n\n<li><a href='?page_no=1'>1<\/a><\/li>\n\n\n\n<li><a href='?page_no=2'>2<\/a><\/li>\n\n\n\n<li><a>...<\/a><\/li>\n\n\n\n<li><a href='?page_no=28651'>28651<\/a><\/li>\n\n\n\n<li><a href='?page_no=28652'>28652<\/a><\/li>\n\n\n\n<li class='active'><a>28653<\/a><\/li>\n\n\n\n<li><a href='?page_no=28654'>28654<\/a><\/li>\n\n\n\n<li><a href='?page_no=28655'>28655<\/a><\/li>\n\n\n\n<li><a>...<\/a><\/li>\n\n\n\n<li><a href='?page_no=30472'>30472<\/a><\/li>\n\n\n\n<li><a href='?page_no=30473'>30473<\/a><\/li>\n\n    \n\t\n\n<li >\n\t<a href='?page_no=28654'>Next<\/a>\n\t<\/li>\n\n\n    \n\n<li><a href='?page_no=30473'>Last &rsaquo;&rsaquo;<\/a><\/li>\n\n<\/ul>\n\n\n--><br \/>\n<\/body><\/p>\n","protected":false},"excerpt":{"rendered":"<p>Indotel culmina investigaci\u00f3n aver\u00eda red m\u00f3vil Claro-Codetel: Determina se trat\u00f3 de una falla de car\u00e1cter fortuito &#13; Santo Domingo.- El Instituto Dominicano de las Telecomunicaciones (Indotel) inform\u00f3 haber concluido las investigaciones que llevaba a cabo para determinar las causas de la aver\u00eda ocurrida el pasado 5 de septiembre en horas de la tarde en la [&hellip;]<\/p>\n","protected":false},"author":3,"featured_media":0,"comment_status":"open","ping_status":"open","sticky":false,"template":"","format":"standard","meta":{"footnotes":""},"categories":[18],"tags":[],"class_list":["post-122773","post","type-post","status-publish","format-standard","hentry","category-economia"],"_links":{"self":[{"href":"https:\/\/diariodominicano.com\/index.php?rest_route=\/wp\/v2\/posts\/122773","targetHints":{"allow":["GET"]}}],"collection":[{"href":"https:\/\/diariodominicano.com\/index.php?rest_route=\/wp\/v2\/posts"}],"about":[{"href":"https:\/\/diariodominicano.com\/index.php?rest_route=\/wp\/v2\/types\/post"}],"author":[{"embeddable":true,"href":"https:\/\/diariodominicano.com\/index.php?rest_route=\/wp\/v2\/users\/3"}],"replies":[{"embeddable":true,"href":"https:\/\/diariodominicano.com\/index.php?rest_route=%2Fwp%2Fv2%2Fcomments&post=122773"}],"version-history":[{"count":0,"href":"https:\/\/diariodominicano.com\/index.php?rest_route=\/wp\/v2\/posts\/122773\/revisions"}],"wp:attachment":[{"href":"https:\/\/diariodominicano.com\/index.php?rest_route=%2Fwp%2Fv2%2Fmedia&parent=122773"}],"wp:term":[{"taxonomy":"category","embeddable":true,"href":"https:\/\/diariodominicano.com\/index.php?rest_route=%2Fwp%2Fv2%2Fcategories&post=122773"},{"taxonomy":"post_tag","embeddable":true,"href":"https:\/\/diariodominicano.com\/index.php?rest_route=%2Fwp%2Fv2%2Ftags&post=122773"}],"curies":[{"name":"wp","href":"https:\/\/api.w.org\/{rel}","templated":true}]}}