{"id":122772,"date":"2007-09-19T03:56:32","date_gmt":"2007-09-19T03:56:32","guid":{"rendered":"http:\/\/diariodominicano.ddns.net\/?p=122772"},"modified":"2007-09-19T03:56:32","modified_gmt":"2007-09-19T03:56:32","slug":"presidente-alerta-impacto-negativo-sobre-rd-por-impuesto-tabaco-en-ee-uu","status":"publish","type":"post","link":"https:\/\/diariodominicano.com\/?p=122772","title":{"rendered":"Presidente alerta impacto negativo sobre RD por impuesto tabaco en EE UU"},"content":{"rendered":"<p><body><\/p>\n<p align=\"justify\" class=\"titulogrande1\">Presidente  alerta\u00a0impacto negativo sobre RD por impuesto\u00a0tabaco en EE UU<\/p>\n<p>&#13;<\/p>\n<p align=\"justify\" class=\"text1noticias\"><strong><img loading=\"lazy\" decoding=\"async\" src=\"http:\/\/localhost:8080\/economia\/pictures\/leonel en washington.jpg\" width=\"269\" height=\"712\" hspace=\"4\" align=\"left\" \/>WASHINGTON, Estados Unidos.-<\/strong> El presidente Leonel Fern\u00e1ndez alert\u00f3 ante  empresarios estadounidenses y dominicanos el impacto negativo que provocar\u00eda a  la industria del tabaco\u00a0dominicana \u00a0la aprobaci\u00f3n por parte del Congreso  estadounidense\u00a0de un impuesto al producto que ingresa a  este\u00a0mercado\u00a0desde la\u00a0Rep\u00fablica Dominicana.<br \/>&#13;<br \/>\n  <br \/>&#13;<br \/>\n  De aprobarse la propuesta de un sector del  Congreso de Estados Unidos de establecer un impuesto al tabaco, la industria  tabaquera dominicana perder\u00eda unos 20 mil empleos, especialmente en la ciudad  de Santiago, impactada de antemano por los efectos de la competencia de China  en el mercado textil de zona franca.<br \/>&#13;<br \/>\n  <br \/>&#13;<br \/>\n  Fern\u00e1ndez tiene programado un encuentro con  el congresista Charles Rangel, representante de Nueva York y presidente del  Comit\u00e9 de Medios y Arbitrios,\u00a0para manifestarle la preocupaci\u00f3n del  gobierno dominicano con el tema y pedirle su\u00a0apoyo a los productores  dominicanos.<br \/>&#13;<br \/>\n  <br \/>&#13;<br \/>\n  Fern\u00e1ndez, al dictar una conferencia sobre  las ventajas competitivas que representa la inversi\u00f3n en la Rep\u00fablica Dominicana  con la puesta en vigencia del DR-CAFTA, refiri\u00f3 que de prosperar la aplicaci\u00f3n  de un impuesto al tabaco se generar\u00eda inestabilidad laboral en la regi\u00f3n del  Cibao y migraci\u00f3n de mano de obra rural.<br \/>&#13;<br \/>\n  <br \/>&#13;<br \/>\n  Al comparecer ante la matr\u00edcula de la C\u00e1mara Americana  de Comercio, el presidente Fern\u00e1ndez dijo que la industria del cigarro genera  una importante plantilla laboral en Rep\u00fablica Dominicana, por lo que de no  resolverse esta situaci\u00f3n se llegar\u00eda a un nivel cr\u00edtico en el crecimiento  obtenido en cuanto a generaci\u00f3n de empleos en el pa\u00eds.<br \/>&#13;<br \/>\n  <br \/>&#13;<br \/>\n  Destac\u00f3 que el pa\u00eds, en el a\u00f1o 2004, hab\u00eda  llegado a niveles de desempleo de 19 por ciento, lo que ha sido revertido por  la pol\u00edtica de estabilidad econ\u00f3mica, reduciendo ese rengl\u00f3n a un 16.3 por  ciento.<br \/>&#13;<br \/>\n  <br \/>&#13;<br \/>\n\u00abEn este momento en que se crean las  condiciones para lograr mayores niveles de competitividad ante una econom\u00eda con  nuevos desaf\u00edos\u00a0por la competencia de otras regiones donde los niveles  salariales son menores, Rep\u00fablica Dominicana trabaja para elevar el nivel de la  mano de obra criolla\u00bb, sostuvo el mandatario. <br \/>&#13;<br \/>\n<br \/>&#13;<br \/>\nDijo que para ser m\u00e1s competitiva, la Rep\u00fablica Dominicana  debe trabajar bajo un esquema de una mayor integraci\u00f3n vertical y a\u00f1adir m\u00e1s  valor a nuestro proceso productivo.Para el mandatario, Rep\u00fablica Dominicana y  los pa\u00edses centroamericanos presencian c\u00f3mo su participaci\u00f3n en el mercado  textil norteamericano ha decrecido por la eliminaci\u00f3n de las cuotas y la  incoporaci\u00f3n de China y otros pa\u00edses asi\u00e1ticos a este mercado.<br \/>&#13;<br \/>\n<br \/>&#13;<br \/>\nExpuso que el cambio global del mercado  textil ha provocado un impacto negativo en el modelo de zona franca  tradicional, pues durante casi\u00a030\u00a0a\u00f1os que este modelo fue  exitoso, estuvo fundamentado en un esquema de trabajo intensivo y mano de  obra barata.<br \/>&#13;<br \/>\n<br \/>&#13;<br \/>\nExpres\u00f3 que como consecuencia de ello, muchas  empresas de zona franca han tenido que cerrar, lo que ha generado la p\u00e9rdida  de\u00a0empleos, a pesar de que nuestra industria local ha invertido grandes  capitales\u00a0en la modernizaci\u00f3n y equipamiento de sus plantas, aplicando  avanzados proceso de producci\u00f3n y tecnolog\u00eda de punta.<\/p>\n<p>&#13;<\/p>\n<h6> 2007-09-19 03:56:32 <\/h6>\n<p><!--\n<link rel=\"stylesheet\" href=\"css\/bootstrap.min.css\">\n\n\n<ul class=\"pagination\">\n\t    \n\t\n\n<li >\n\t<a href='?page_no=28651'>Previous<\/a>\n\t<\/li>\n\n\n       \n    \n\n<li><a href='?page_no=1'>1<\/a><\/li>\n\n\n\n<li><a href='?page_no=2'>2<\/a><\/li>\n\n\n\n<li><a>...<\/a><\/li>\n\n\n\n<li><a href='?page_no=28650'>28650<\/a><\/li>\n\n\n\n<li><a href='?page_no=28651'>28651<\/a><\/li>\n\n\n\n<li class='active'><a>28652<\/a><\/li>\n\n\n\n<li><a href='?page_no=28653'>28653<\/a><\/li>\n\n\n\n<li><a href='?page_no=28654'>28654<\/a><\/li>\n\n\n\n<li><a>...<\/a><\/li>\n\n\n\n<li><a href='?page_no=30472'>30472<\/a><\/li>\n\n\n\n<li><a href='?page_no=30473'>30473<\/a><\/li>\n\n    \n\t\n\n<li >\n\t<a href='?page_no=28653'>Next<\/a>\n\t<\/li>\n\n\n    \n\n<li><a href='?page_no=30473'>Last &rsaquo;&rsaquo;<\/a><\/li>\n\n<\/ul>\n\n\n--><br \/>\n<\/body><\/p>\n","protected":false},"excerpt":{"rendered":"<p>Presidente alerta\u00a0impacto negativo sobre RD por impuesto\u00a0tabaco en EE UU &#13; WASHINGTON, Estados Unidos.- El presidente Leonel Fern\u00e1ndez alert\u00f3 ante empresarios estadounidenses y dominicanos el impacto negativo que provocar\u00eda a la industria del tabaco\u00a0dominicana \u00a0la aprobaci\u00f3n por parte del Congreso estadounidense\u00a0de un impuesto al producto que ingresa a este\u00a0mercado\u00a0desde la\u00a0Rep\u00fablica Dominicana.&#13; &#13; De aprobarse la [&hellip;]<\/p>\n","protected":false},"author":3,"featured_media":0,"comment_status":"open","ping_status":"open","sticky":false,"template":"","format":"standard","meta":{"footnotes":""},"categories":[18],"tags":[],"class_list":["post-122772","post","type-post","status-publish","format-standard","hentry","category-economia"],"_links":{"self":[{"href":"https:\/\/diariodominicano.com\/index.php?rest_route=\/wp\/v2\/posts\/122772","targetHints":{"allow":["GET"]}}],"collection":[{"href":"https:\/\/diariodominicano.com\/index.php?rest_route=\/wp\/v2\/posts"}],"about":[{"href":"https:\/\/diariodominicano.com\/index.php?rest_route=\/wp\/v2\/types\/post"}],"author":[{"embeddable":true,"href":"https:\/\/diariodominicano.com\/index.php?rest_route=\/wp\/v2\/users\/3"}],"replies":[{"embeddable":true,"href":"https:\/\/diariodominicano.com\/index.php?rest_route=%2Fwp%2Fv2%2Fcomments&post=122772"}],"version-history":[{"count":0,"href":"https:\/\/diariodominicano.com\/index.php?rest_route=\/wp\/v2\/posts\/122772\/revisions"}],"wp:attachment":[{"href":"https:\/\/diariodominicano.com\/index.php?rest_route=%2Fwp%2Fv2%2Fmedia&parent=122772"}],"wp:term":[{"taxonomy":"category","embeddable":true,"href":"https:\/\/diariodominicano.com\/index.php?rest_route=%2Fwp%2Fv2%2Fcategories&post=122772"},{"taxonomy":"post_tag","embeddable":true,"href":"https:\/\/diariodominicano.com\/index.php?rest_route=%2Fwp%2Fv2%2Ftags&post=122772"}],"curies":[{"name":"wp","href":"https:\/\/api.w.org\/{rel}","templated":true}]}}