{"id":122771,"date":"2007-09-19T04:08:49","date_gmt":"2007-09-19T04:08:49","guid":{"rendered":"http:\/\/diariodominicano.ddns.net\/?p=122771"},"modified":"2007-09-19T04:08:49","modified_gmt":"2007-09-19T04:08:49","slug":"dos-cadenas-mundiales-de-la-hoteleria-anuncian-instalacion-en-rd","status":"publish","type":"post","link":"https:\/\/diariodominicano.com\/?p=122771","title":{"rendered":"Dos cadenas mundiales de la hoteler\u00eda anuncian instalaci\u00f3n en RD"},"content":{"rendered":"<p><body><\/p>\n<p class=\"titulogrande1\">Dos cadenas mundiales de la  hoteler\u00eda anuncian instalaci\u00f3n en RD<\/p>\n<p>&#13;<\/p>\n<p align=\"justify\" class=\"text1noticias\"><strong><img loading=\"lazy\" decoding=\"async\" src=\"http:\/\/localhost:8080\/economia\/pictures\/leonel en washington 2.jpg\" width=\"269\" height=\"409\" hspace=\"4\" align=\"left\" \/>WASHINGTON, Estados Unidos.-<\/strong> En el marco del desayuno de la Semana Dominicana,  empresarios tur\u00edsticos internacionales informaron al presidente Leonel  Fern\u00e1ndez su disposici\u00f3n de realizar importantes inversiones en el pa\u00eds y  adelantaron que en los pr\u00f3ximos meses visitar\u00e1n el territorio dominicano para  proseguir los contactos de lugar.<br \/>&#13;<br \/>\n  <br \/>&#13;<br \/>\n  El\u00a0Jefe de Estado \u00a0habl\u00f3 este  martes con los representantes de las famosas cadenas hoteleras Ritz  Carlton y Four Seasons, las que se establecer\u00e1n en la Rep\u00fablica Dominicana.<br \/>&#13;<br \/>\n  <br \/>&#13;<br \/>\n  El anuncio de la instalaci\u00f3n de la cadena  Four Seasons en el pa\u00eds\u00a0lo hizo el empresario Alfonso Paniagua,  representante del grupo Casa de Campo, que opera en La Romana, quien dijo  que\u00a0en los pr\u00f3ximos meses empezar\u00e1 a construirse un lujoso\u00a0hotel de  200 habitaciones en La Romana. <br \/>&#13;<br \/>\n  <br \/>&#13;<br \/>\n  En el caso de la cadena Ritz Carlton, el  anuncio de su instalaci\u00f3n en el pa\u00eds lo hizo\u00a0Ellis P\u00e9rez, ejecutivo del  Grupo Cap Cana, quien comunic\u00f3 que en 24 meses esta importante empresa estar\u00e1  estableciendo un hotel de lujo en Cap Cana, ubicado en la provincia La Altagracia. <br \/>&#13;<br \/>\n  <br \/>&#13;<br \/>\n  Ambos\u00a0empresarios informaron al  presidente Leonel Fern\u00e1ndez que con la instalaci\u00f3n de las dos prestigiosas  cadenas hoteleras mundiales el turismo dominicano seguir\u00e1 elevando su calidad y  expansi\u00f3n. <br \/>&#13;<br \/>\n  <br \/>&#13;<br \/>\n  Igualmente reconocieron que esas inversiones  reflejan la confianza que existe entre los empresarios nacionales e  internacionales en el proceso de estabilidad y crecimiento que experimenta la Rep\u00fablica Dominicana.<br \/>&#13;<br \/>\n  <br \/>&#13;<br \/>\n  El anuncio de las nuevas inversiones  hoteleras en el pa\u00eds se hizo en un encuentro privado que sostuvo el presidente  Leonel Fern\u00e1ndez con diversas personalidades tras concluir una conferencia que  dict\u00f3 frente a los miembros de la C\u00e1mara Americana de Comercio sobre el \u201cDR-CAFTA y  la Estrategia  para la Competitividad  en la Rep\u00fablica   Dominicana\u201d.<br \/>&#13;<br \/>\n  <br \/>&#13;<br \/>\n  En el encuentro estuvieron presentes  importantes empresarios que representan los consorcios AES Dominicana, Cementos  Cibao, as\u00ed como empresarios tur\u00edsticos y de las telecomunicaciones. <br \/>&#13;<br \/>\n  <br \/>&#13;<br \/>\n  Lu\u00eds Heredia Bonetti, quien coordina la  exposici\u00f3n de La   Semana Dominicana en Washington, y el presidente de la C\u00e1mara Americana  de Comercio, se\u00f1or Christopher Paniagua, coincidieron en expresar que el  presidente Leonel Fern\u00e1ndez es uno de los principales activos que tiene el pa\u00eds  para lograr su promoci\u00f3n internacional, particularmente para destacar ante el  mundo las ventajas competitiva de la isla y los grandes recursos humanos que  posee. <br \/>&#13;<br \/>\n  <br \/>&#13;<br \/>\n  El jefe de Estado estuvo acompa\u00f1ado de la  primera dama, Margarita Cede\u00f1o de Fern\u00e1ndez, el secretario Administrativo de la Presidencia, Lu\u00eds  Manuel Bonetti, el secretario de Industria y Comercio, \u00a0Melanio Paredes, el embajador dominicano en  Washington, Flavio Dar\u00edo Espinal, el secretario de Econom\u00eda, Planificaci\u00f3n y  Desarrollo, \u00a0Tem\u00edstocles Mont\u00e1s, el  director de Informaci\u00f3n, Prensa y Publicidad de la Presidencia, \u00a0Rafael N\u00fa\u00f1ez y el c\u00f3nsul dominicano en Nueva  York, Eduardo Selm\u00e1n, entre otros.<\/p>\n<p>&#13;<\/p>\n<h6> 2007-09-19 04:08:49 <\/h6>\n<p><!--\n<link rel=\"stylesheet\" href=\"css\/bootstrap.min.css\">\n\n\n<ul class=\"pagination\">\n\t    \n\t\n\n<li >\n\t<a href='?page_no=28650'>Previous<\/a>\n\t<\/li>\n\n\n       \n    \n\n<li><a href='?page_no=1'>1<\/a><\/li>\n\n\n\n<li><a href='?page_no=2'>2<\/a><\/li>\n\n\n\n<li><a>...<\/a><\/li>\n\n\n\n<li><a href='?page_no=28649'>28649<\/a><\/li>\n\n\n\n<li><a href='?page_no=28650'>28650<\/a><\/li>\n\n\n\n<li class='active'><a>28651<\/a><\/li>\n\n\n\n<li><a href='?page_no=28652'>28652<\/a><\/li>\n\n\n\n<li><a href='?page_no=28653'>28653<\/a><\/li>\n\n\n\n<li><a>...<\/a><\/li>\n\n\n\n<li><a href='?page_no=30472'>30472<\/a><\/li>\n\n\n\n<li><a href='?page_no=30473'>30473<\/a><\/li>\n\n    \n\t\n\n<li >\n\t<a href='?page_no=28652'>Next<\/a>\n\t<\/li>\n\n\n    \n\n<li><a href='?page_no=30473'>Last &rsaquo;&rsaquo;<\/a><\/li>\n\n<\/ul>\n\n\n--><br \/>\n<\/body><\/p>\n","protected":false},"excerpt":{"rendered":"<p>Dos cadenas mundiales de la hoteler\u00eda anuncian instalaci\u00f3n en RD &#13; WASHINGTON, Estados Unidos.- En el marco del desayuno de la Semana Dominicana, empresarios tur\u00edsticos internacionales informaron al presidente Leonel Fern\u00e1ndez su disposici\u00f3n de realizar importantes inversiones en el pa\u00eds y adelantaron que en los pr\u00f3ximos meses visitar\u00e1n el territorio dominicano para proseguir los contactos [&hellip;]<\/p>\n","protected":false},"author":3,"featured_media":0,"comment_status":"open","ping_status":"open","sticky":false,"template":"","format":"standard","meta":{"footnotes":""},"categories":[18],"tags":[],"class_list":["post-122771","post","type-post","status-publish","format-standard","hentry","category-economia"],"_links":{"self":[{"href":"https:\/\/diariodominicano.com\/index.php?rest_route=\/wp\/v2\/posts\/122771","targetHints":{"allow":["GET"]}}],"collection":[{"href":"https:\/\/diariodominicano.com\/index.php?rest_route=\/wp\/v2\/posts"}],"about":[{"href":"https:\/\/diariodominicano.com\/index.php?rest_route=\/wp\/v2\/types\/post"}],"author":[{"embeddable":true,"href":"https:\/\/diariodominicano.com\/index.php?rest_route=\/wp\/v2\/users\/3"}],"replies":[{"embeddable":true,"href":"https:\/\/diariodominicano.com\/index.php?rest_route=%2Fwp%2Fv2%2Fcomments&post=122771"}],"version-history":[{"count":0,"href":"https:\/\/diariodominicano.com\/index.php?rest_route=\/wp\/v2\/posts\/122771\/revisions"}],"wp:attachment":[{"href":"https:\/\/diariodominicano.com\/index.php?rest_route=%2Fwp%2Fv2%2Fmedia&parent=122771"}],"wp:term":[{"taxonomy":"category","embeddable":true,"href":"https:\/\/diariodominicano.com\/index.php?rest_route=%2Fwp%2Fv2%2Fcategories&post=122771"},{"taxonomy":"post_tag","embeddable":true,"href":"https:\/\/diariodominicano.com\/index.php?rest_route=%2Fwp%2Fv2%2Ftags&post=122771"}],"curies":[{"name":"wp","href":"https:\/\/api.w.org\/{rel}","templated":true}]}}