{"id":122769,"date":"2007-09-19T13:52:04","date_gmt":"2007-09-19T13:52:04","guid":{"rendered":"http:\/\/diariodominicano.ddns.net\/?p=122769"},"modified":"2007-09-19T13:52:04","modified_gmt":"2007-09-19T13:52:04","slug":"se-reuniran-secretarios-de-finanzas-de-centroamerica-panama-y-rd","status":"publish","type":"post","link":"https:\/\/diariodominicano.com\/?p=122769","title":{"rendered":"Se reunir\u00e1n secretarios de Finanzas de Centroam\u00e9rica, Panam\u00e1 y RD"},"content":{"rendered":"<p><body><\/p>\n<p align=\"justify\" class=\"titulogrande1\">Se  reunir\u00e1n\u00a0 secretarios de Finanzas de  Centroam\u00e9rica, Panam\u00e1 y RD<\/p>\n<p>&#13;<\/p>\n<p align=\"justify\" class=\"text1noticias\"><strong>Santo  Domingo.-<\/strong> Los secretarios de Finanzas y\/o  ministros de Hacienda de Centroam\u00e9rica, Panam\u00e1 y Rep\u00fablica Dominicana se  reunir\u00e1n esta semana en Casa de Campo, La Romana, para debatir temas que son comunes a sus  respectivos paises.<\/p>\n<p>&#13;<\/p>\n<p align=\"justify\" class=\"text1noticias\"> La   Octava Reuni\u00f3n del Consejo de Secretarios de Finanzas y  Ministros de Hacienda de la regi\u00f3n se llevar\u00e1 a cabo entre el jueves y el  s\u00e1bado pr\u00f3ximo, seg\u00fan bolet\u00edn de la direcci\u00f3n de Comunicaciones de la secretar\u00eda  de Hacienda.<\/p>\n<p>&#13;<\/p>\n<p align=\"justify\" class=\"text1noticias\"> Participar\u00e1n delegaciones provenientes de Costa Rica, El  Salvador, Guatemala, Honduras, Nicaragua, Panam\u00e1 y Rep\u00fablica Dominicana, que  preside el Consejo en la persona del titular de la secretar\u00eda de Hacienda, Vicente Bengoa.<\/p>\n<p>&#13;<\/p>\n<p align=\"justify\" class=\"text1noticias\">Las  deliberaciones de la reuni\u00f3n se llevar\u00e1n a cabo el viernes, d\u00eda 21, en el sal\u00f3n  Flamboy\u00e1n de Casa de Campo, en La Romana. Esa tarde, a las 4, habr\u00e1 una rueda  prensa para dar a conocer las conclusiones del evento.<\/p>\n<p>&#13;<\/p>\n<p align=\"justify\" class=\"text1noticias\">El  Consejo de Secretarios de Finanzas y Ministros de Hacienda de Centroam\u00e9rica,  Panam\u00e1 y Rep\u00fablica Dominicana es un \u00f3rgano de consulta y debate de temas  fiscales, tributarios y econ\u00f3micos creado con el auspicio del Fondo Monetario  Internacional (FMI), el Banco Interamericano de Desarrollo (BID), el Banco  Mundial y el gobierno de Espa\u00f1a.<\/p>\n<p>&#13;<\/p>\n<h6> 2007-09-19 13:52:04 <\/h6>\n<p><!--\n<link rel=\"stylesheet\" href=\"css\/bootstrap.min.css\">\n\n\n<ul class=\"pagination\">\n\t    \n\t\n\n<li >\n\t<a href='?page_no=28648'>Previous<\/a>\n\t<\/li>\n\n\n       \n    \n\n<li><a href='?page_no=1'>1<\/a><\/li>\n\n\n\n<li><a href='?page_no=2'>2<\/a><\/li>\n\n\n\n<li><a>...<\/a><\/li>\n\n\n\n<li><a href='?page_no=28647'>28647<\/a><\/li>\n\n\n\n<li><a href='?page_no=28648'>28648<\/a><\/li>\n\n\n\n<li class='active'><a>28649<\/a><\/li>\n\n\n\n<li><a href='?page_no=28650'>28650<\/a><\/li>\n\n\n\n<li><a href='?page_no=28651'>28651<\/a><\/li>\n\n\n\n<li><a>...<\/a><\/li>\n\n\n\n<li><a href='?page_no=30472'>30472<\/a><\/li>\n\n\n\n<li><a href='?page_no=30473'>30473<\/a><\/li>\n\n    \n\t\n\n<li >\n\t<a href='?page_no=28650'>Next<\/a>\n\t<\/li>\n\n\n    \n\n<li><a href='?page_no=30473'>Last &rsaquo;&rsaquo;<\/a><\/li>\n\n<\/ul>\n\n\n--><br \/>\n<\/body><\/p>\n","protected":false},"excerpt":{"rendered":"<p>Se reunir\u00e1n\u00a0 secretarios de Finanzas de Centroam\u00e9rica, Panam\u00e1 y RD &#13; Santo Domingo.- Los secretarios de Finanzas y\/o ministros de Hacienda de Centroam\u00e9rica, Panam\u00e1 y Rep\u00fablica Dominicana se reunir\u00e1n esta semana en Casa de Campo, La Romana, para debatir temas que son comunes a sus respectivos paises. &#13; La Octava Reuni\u00f3n del Consejo de Secretarios [&hellip;]<\/p>\n","protected":false},"author":3,"featured_media":0,"comment_status":"open","ping_status":"open","sticky":false,"template":"","format":"standard","meta":{"footnotes":""},"categories":[18],"tags":[],"class_list":["post-122769","post","type-post","status-publish","format-standard","hentry","category-economia"],"_links":{"self":[{"href":"https:\/\/diariodominicano.com\/index.php?rest_route=\/wp\/v2\/posts\/122769","targetHints":{"allow":["GET"]}}],"collection":[{"href":"https:\/\/diariodominicano.com\/index.php?rest_route=\/wp\/v2\/posts"}],"about":[{"href":"https:\/\/diariodominicano.com\/index.php?rest_route=\/wp\/v2\/types\/post"}],"author":[{"embeddable":true,"href":"https:\/\/diariodominicano.com\/index.php?rest_route=\/wp\/v2\/users\/3"}],"replies":[{"embeddable":true,"href":"https:\/\/diariodominicano.com\/index.php?rest_route=%2Fwp%2Fv2%2Fcomments&post=122769"}],"version-history":[{"count":0,"href":"https:\/\/diariodominicano.com\/index.php?rest_route=\/wp\/v2\/posts\/122769\/revisions"}],"wp:attachment":[{"href":"https:\/\/diariodominicano.com\/index.php?rest_route=%2Fwp%2Fv2%2Fmedia&parent=122769"}],"wp:term":[{"taxonomy":"category","embeddable":true,"href":"https:\/\/diariodominicano.com\/index.php?rest_route=%2Fwp%2Fv2%2Fcategories&post=122769"},{"taxonomy":"post_tag","embeddable":true,"href":"https:\/\/diariodominicano.com\/index.php?rest_route=%2Fwp%2Fv2%2Ftags&post=122769"}],"curies":[{"name":"wp","href":"https:\/\/api.w.org\/{rel}","templated":true}]}}