{"id":122766,"date":"2007-09-19T19:04:40","date_gmt":"2007-09-19T19:04:40","guid":{"rendered":"http:\/\/diariodominicano.ddns.net\/?p=122766"},"modified":"2007-09-19T19:04:40","modified_gmt":"2007-09-19T19:04:40","slug":"secretario-de-hacienda-vicente-bengoa-firma-convenio-de-prestamo-con-el-banco-mundial-para-mejorar-programas-sociales-2","status":"publish","type":"post","link":"https:\/\/diariodominicano.com\/?p=122766","title":{"rendered":"Secretario de Hacienda Vicente Bengoa firma convenio de pr\u00e9stamo con el Banco Mundial para mejorar programas sociales"},"content":{"rendered":"<p><body><\/p>\n<p align=\"justify\" class=\"titulogrande1\">Secretario  de Hacienda Vicente Bengoa firma convenio\u00a0  de pr\u00e9stamo\u00a0 con el Banco Mundial  para mejorar programas sociales<\/p>\n<p>&#13;<\/p>\n<p align=\"justify\" class=\"text1noticias\">El \u00a0pr\u00e9stamo cuenta con una contrapartida nacional  de US$2.6 millones y busca contribuir de manera significativa a que las y los  dominicanos sin documentos y provenientes de los hogares m\u00e1s pobres obtengan  sus c\u00e9dulas y puedan acceder a los programas del gobierno en educaci\u00f3n,  nutrici\u00f3n, capacitaci\u00f3n y seguro m\u00e9dico.<\/p>\n<p>&#13;<\/p>\n<p align=\"justify\" class=\"text1noticias\"><strong><img loading=\"lazy\" decoding=\"async\" src=\"http:\/\/localhost:8080\/economia\/pictures\/firma del convenio.jpg\" width=\"269\" height=\"430\" hspace=\"4\" align=\"left\" \/>WASHINGTON, DC .\u2013<\/strong> El secretario de Hacienda  de la Rep\u00fablica   Dominicana, Vicente Bengoa, y la directora del Banco Mundial para el  Caribe, Caroline Anstey, firmaron este martes aqu\u00ed un  convenio de pr\u00e9stamo por US$19.4 millones destinado a mejorar la cobertura,  focalizaci\u00f3n y efectividad de los programas de protecci\u00f3n social.<\/p>\n<p>&#13;<\/p>\n<p align=\"justify\" class=\"text1noticias\">Se trata del Proyecto de Inversi\u00f3n en Protecci\u00f3n Social para proveer  mayores oportunidades econ\u00f3micas y sociales para las y los dominicanos m\u00e1s  desfavorecidos. El convenio fue aprobado por el Directorio del Banco Mundial el  pasado 2 de agosto de 2007.<\/p>\n<p>&#13;<\/p>\n<p align=\"justify\" class=\"text1noticias\">Seg\u00fan un bolet\u00edn de la secretar\u00eda de Hacienda de Dominicana,  este pr\u00e9stamo cuenta con una contrapartida nacional de US$2.6 millones y busca  contribuir de manera significativa a que las y los dominicanos sin documentos y  provenientes de los hogares m\u00e1s pobres obtengan sus c\u00e9dulas y puedan acceder a  los programas del gobierno en educaci\u00f3n, nutrici\u00f3n, capacitaci\u00f3n y seguro  m\u00e9dico.<\/p>\n<p>&#13;<\/p>\n<p align=\"justify\" class=\"text1noticias\">Durante la firma, efectuada en la sede del Banco Mundial  aqu\u00ed, la directora Anstey dijo que \u201ceste importante  pr\u00e9stamo tiene como objetivo primordial que los dominicanos m\u00e1s pobres sean  incluidos y puedan beneficiarse de los programas existentes de protecci\u00f3n  social\u201d .<br \/>&#13;<br \/>\n  <br \/>&#13;<br \/>\n Mientras,  el secretario Bengoa manifest\u00f3 que el pr\u00e9stamo \u201capoyar\u00e1 los  esfuerzos que est\u00e1 llevando a cabo el Gobierno para combatir y reducir  la pobreza, y al mismo tiempo, lograr un mayor grado de equidad social\u201d.<br \/>&#13;<br \/>\n <br \/>&#13;<br \/>\nSe\u00f1al\u00f3 que \u201ces una  prioridad de esta administraci\u00f3n dotar de documentos  de identidad a los casi  400.000 dominicanos indocumentados, lo cual imposibilita su acceso a servicios  sociales b\u00e1sicos\u201d.<br \/>&#13;<br \/>\n<br \/>&#13;<br \/>\nLa Junta Central Electoral y el Gabinete  Social son las entidades responsables de la ejecuci\u00f3n del Proyecto, que se  centrar\u00e1 en la provisi\u00f3n de  documentos de identificaci\u00f3n para las y los dominicanos pobres, el  fortalecimiento institucional de los mecanismos de focalizaci\u00f3n y el  mejoramiento del monitoreo y evaluaci\u00f3n de programas sociales.<br \/>&#13;<br \/>\n<br \/>&#13;<br \/>\nPara apoyar  al gobierno a mejorar la gobernabilidad y rendici\u00f3n de  cuentas en aquellas instituciones p\u00fablicas relacionadas con programas de  protecci\u00f3n social, el nuevo proyecto contribuir\u00e1 con la rehabilitaci\u00f3n y automatizaci\u00f3n de la oficina del  Registro Civil y la modernizaci\u00f3n y asistencia t\u00e9cnica para la Oficina de Registros de  Nacimiento y tres oficinas m\u00f3viles del Registro Civil. <br \/>&#13;<br \/>\n<br \/>&#13;<br \/>\nEl proyecto tambi\u00e9n  proveer\u00e1 de apoyo para-legal a la   Oficina del Procurador General de la Rep\u00fablica y a la Suprema Corte de  Justicia para mejorar la eficiencia y los resultados en la expedici\u00f3n de  documentos de identidad.\u00a0  Adem\u00e1s, se utilizar\u00e1n mecanismos formales de monitoreo y veedur\u00edas por  parte de la sociedad civil. <br \/>&#13;<br \/>\n<br \/>&#13;<br \/>\nEl nuevo Proyecto forma parte de la Estrategia de  Asistencia para la   Rep\u00fablica Dominicana, mediante la cual se proyecta brindar  asistencia financiera de hasta US$360 millones entre 2006 y 2009, adem\u00e1s de  servicios y asesoramiento t\u00e9cnicos. La estrategia pone \u00e9nfasis en mejorar la  competitividad y lograr mayor equidad social a trav\u00e9s de inversiones en  desarrollo humano y en acceso a servicios b\u00e1sicos. <br \/>&#13;<br \/>\n<br \/>&#13;<br \/>\nEl proyecto de  US$19.4 millones es un pr\u00e9stamo del Banco Internacional de Reconstrucci\u00f3n y  Fomento (BIRF), del Grupo del Banco Mundial, y contempla un per\u00edodo de  reembolso de 17 a\u00f1os, con cinco a\u00f1os de gracia. <\/p>\n<p>&#13;<\/p>\n<h6> 2007-09-19 19:04:40 <\/h6>\n<p><!--\n<link rel=\"stylesheet\" href=\"css\/bootstrap.min.css\">\n\n\n<ul class=\"pagination\">\n\t    \n\t\n\n<li >\n\t<a href='?page_no=28645'>Previous<\/a>\n\t<\/li>\n\n\n       \n    \n\n<li><a href='?page_no=1'>1<\/a><\/li>\n\n\n\n<li><a href='?page_no=2'>2<\/a><\/li>\n\n\n\n<li><a>...<\/a><\/li>\n\n\n\n<li><a href='?page_no=28644'>28644<\/a><\/li>\n\n\n\n<li><a href='?page_no=28645'>28645<\/a><\/li>\n\n\n\n<li class='active'><a>28646<\/a><\/li>\n\n\n\n<li><a href='?page_no=28647'>28647<\/a><\/li>\n\n\n\n<li><a href='?page_no=28648'>28648<\/a><\/li>\n\n\n\n<li><a>...<\/a><\/li>\n\n\n\n<li><a href='?page_no=30472'>30472<\/a><\/li>\n\n\n\n<li><a href='?page_no=30473'>30473<\/a><\/li>\n\n    \n\t\n\n<li >\n\t<a href='?page_no=28647'>Next<\/a>\n\t<\/li>\n\n\n    \n\n<li><a href='?page_no=30473'>Last &rsaquo;&rsaquo;<\/a><\/li>\n\n<\/ul>\n\n\n--><br \/>\n<\/body><\/p>\n","protected":false},"excerpt":{"rendered":"<p>Secretario de Hacienda Vicente Bengoa firma convenio\u00a0 de pr\u00e9stamo\u00a0 con el Banco Mundial para mejorar programas sociales &#13; El \u00a0pr\u00e9stamo cuenta con una contrapartida nacional de US$2.6 millones y busca contribuir de manera significativa a que las y los dominicanos sin documentos y provenientes de los hogares m\u00e1s pobres obtengan sus c\u00e9dulas y puedan acceder [&hellip;]<\/p>\n","protected":false},"author":3,"featured_media":0,"comment_status":"open","ping_status":"open","sticky":false,"template":"","format":"standard","meta":{"footnotes":""},"categories":[18],"tags":[],"class_list":["post-122766","post","type-post","status-publish","format-standard","hentry","category-economia"],"_links":{"self":[{"href":"https:\/\/diariodominicano.com\/index.php?rest_route=\/wp\/v2\/posts\/122766","targetHints":{"allow":["GET"]}}],"collection":[{"href":"https:\/\/diariodominicano.com\/index.php?rest_route=\/wp\/v2\/posts"}],"about":[{"href":"https:\/\/diariodominicano.com\/index.php?rest_route=\/wp\/v2\/types\/post"}],"author":[{"embeddable":true,"href":"https:\/\/diariodominicano.com\/index.php?rest_route=\/wp\/v2\/users\/3"}],"replies":[{"embeddable":true,"href":"https:\/\/diariodominicano.com\/index.php?rest_route=%2Fwp%2Fv2%2Fcomments&post=122766"}],"version-history":[{"count":0,"href":"https:\/\/diariodominicano.com\/index.php?rest_route=\/wp\/v2\/posts\/122766\/revisions"}],"wp:attachment":[{"href":"https:\/\/diariodominicano.com\/index.php?rest_route=%2Fwp%2Fv2%2Fmedia&parent=122766"}],"wp:term":[{"taxonomy":"category","embeddable":true,"href":"https:\/\/diariodominicano.com\/index.php?rest_route=%2Fwp%2Fv2%2Fcategories&post=122766"},{"taxonomy":"post_tag","embeddable":true,"href":"https:\/\/diariodominicano.com\/index.php?rest_route=%2Fwp%2Fv2%2Ftags&post=122766"}],"curies":[{"name":"wp","href":"https:\/\/api.w.org\/{rel}","templated":true}]}}