{"id":122765,"date":"2007-09-20T03:49:50","date_gmt":"2007-09-20T03:49:50","guid":{"rendered":"http:\/\/diariodominicano.ddns.net\/?p=122765"},"modified":"2007-09-20T03:49:50","modified_gmt":"2007-09-20T03:49:50","slug":"inician-trabajos-escuela-el-tabaco-santiago","status":"publish","type":"post","link":"https:\/\/diariodominicano.com\/?p=122765","title":{"rendered":"Inician trabajos escuela El Tabaco, Santiago"},"content":{"rendered":"<p><body><\/p>\n<p align=\"justify\" class=\"titulogrande1\">Inician trabajos escuela El Tabaco, Santiago<br \/>&#13;<br \/>\n  <br \/>&#13;<br \/>\n  <span class=\"text1noticias\"><strong><img loading=\"lazy\" decoding=\"async\" src=\"http:\/\/localhost:8080\/economia\/pictures\/sued picazo.jpg\" width=\"269\" height=\"193\" hspace=\"4\" align=\"left\" \/>Santiago<\/strong>.- En un \u00a0acto, que cont\u00f3 con la presencia de las  principales autoridades de la   Secretar\u00eda de Educaci\u00f3n en esta zona, el s\u00edndico Jos\u00e9 Enrique  Sued Sem di\u00f3 inicio a los trabajos de construcci\u00f3n de una escuela de ocho aulas  en el marginado sector de El Tabaco, de Cienfuegos.<\/span><\/p>\n<p>&#13;<\/p>\n<p align=\"justify\" class=\"text1noticias\">El plantel se levantar\u00e1 en una franja de  tierra de mil 800\u00a0 metros y el costo  superar\u00e1 los siete millones de pesos, dijo el s\u00edndico Sued Sem mientras daba el  primer picazo para dejar comenzada la importante obra.<\/p>\n<p>&#13;<\/p>\n<p align=\"justify\" class=\"text1noticias\">El ejecutivo present\u00f3 junto a Pedro Diep,  director regional de la cartera educativa con sede en Santiago, y el regidor  del Partido de la   Liberaci\u00f3n Dominicana (PLD) Hip\u00f3lito Mart\u00ednez, la maqueta de  lo que ser\u00e1 la nueva escuela a construirse.<\/p>\n<p>&#13;<\/p>\n<p align=\"justify\" class=\"text1noticias\">\u201cSer\u00e1 un plantel escolar con todas las de la  ley\u201d, prometi\u00f3 el s\u00edndico\u00a0 tras recordar  que su administraci\u00f3n municipal ha invertido millones de pesos en Cienfuegos,  tanto en iglesias, arreglo de calles, escuelas, construcci\u00f3n de peatones, casas  clubes y otras obras que requieren los moradores.<\/p>\n<p>&#13;<\/p>\n<p align=\"justify\" class=\"text1noticias\">Con el levantamiento de la escuela de El  Tabaco, de Cienfuegos,\u00a0 las autoridades  buscan que la ni\u00f1ez y la juventud de la zona tengan un futuro asegurado, ya que  la educaci\u00f3n es como un \u00e1rbol: \u201cSe siembra una semilla y se abren muchas  ramas\u201d.<\/p>\n<p>&#13;<\/p>\n<p align=\"justify\" class=\"text1noticias\">\u201cEsta construcci\u00f3n se inserta dentro del  contexto de obras que hacen mancomunadamente el Ayuntamiento y el Gobierno en  Santiago\u201d, sostuvo el s\u00edndico quien dijo que ambas instancias \u201ccaminan en la  misma direcci\u00f3n sin tomar en cuenta bander\u00edas pol\u00edticas\u201d.<\/p>\n<p>&#13;<\/p>\n<p align=\"justify\" class=\"text1noticias\">Para el ejecutivo municipal, lo importante es  trabajar por el bien de la colectividad en general, olvid\u00e1ndose de los colores  partidarios y pensando m\u00e1s que todo en el futuro y el desarrollo de la  poblaci\u00f3n.<\/p>\n<p>&#13;<\/p>\n<p align=\"justify\" class=\"text1noticias\">En el acto hablaron tambi\u00e9n el representante  de la Secretaria  de Educaci\u00f3n, el p\u00e1rroco de la zona, Enerio Valerio, y el diacono Fausto Mateo,  quienes coincidieron en destacar la enorme importancia que reviste para El  Tabaco la escuela a construirse en lo inmediato.<\/p>\n<p>&#13;<\/p>\n<p align=\"justify\" class=\"text1noticias\">\u201cEste gesto del s\u00edndico Sued es una  reafirmaci\u00f3n del compromiso que ha contra\u00eddo desde el Ayuntamiento con la  educaci\u00f3n dominicana\u201d, signific\u00f3 el licenciado Diep en una intervenci\u00f3n que  aprovech\u00f3 para felicitar al funcionario edilicio por esta iniciativa.<\/p>\n<p>&#13;<\/p>\n<h6> 2007-09-20 03:49:50 <\/h6>\n<p><!--\n<link rel=\"stylesheet\" href=\"css\/bootstrap.min.css\">\n\n\n<ul class=\"pagination\">\n\t    \n\t\n\n<li >\n\t<a href='?page_no=28644'>Previous<\/a>\n\t<\/li>\n\n\n       \n    \n\n<li><a href='?page_no=1'>1<\/a><\/li>\n\n\n\n<li><a href='?page_no=2'>2<\/a><\/li>\n\n\n\n<li><a>...<\/a><\/li>\n\n\n\n<li><a href='?page_no=28643'>28643<\/a><\/li>\n\n\n\n<li><a href='?page_no=28644'>28644<\/a><\/li>\n\n\n\n<li class='active'><a>28645<\/a><\/li>\n\n\n\n<li><a href='?page_no=28646'>28646<\/a><\/li>\n\n\n\n<li><a href='?page_no=28647'>28647<\/a><\/li>\n\n\n\n<li><a>...<\/a><\/li>\n\n\n\n<li><a href='?page_no=30472'>30472<\/a><\/li>\n\n\n\n<li><a href='?page_no=30473'>30473<\/a><\/li>\n\n    \n\t\n\n<li >\n\t<a href='?page_no=28646'>Next<\/a>\n\t<\/li>\n\n\n    \n\n<li><a href='?page_no=30473'>Last &rsaquo;&rsaquo;<\/a><\/li>\n\n<\/ul>\n\n\n--><br \/>\n<\/body><\/p>\n","protected":false},"excerpt":{"rendered":"<p>Inician trabajos escuela El Tabaco, Santiago&#13; &#13; Santiago.- En un \u00a0acto, que cont\u00f3 con la presencia de las principales autoridades de la Secretar\u00eda de Educaci\u00f3n en esta zona, el s\u00edndico Jos\u00e9 Enrique Sued Sem di\u00f3 inicio a los trabajos de construcci\u00f3n de una escuela de ocho aulas en el marginado sector de El Tabaco, de [&hellip;]<\/p>\n","protected":false},"author":3,"featured_media":0,"comment_status":"open","ping_status":"open","sticky":false,"template":"","format":"standard","meta":{"footnotes":""},"categories":[18],"tags":[],"class_list":["post-122765","post","type-post","status-publish","format-standard","hentry","category-economia"],"_links":{"self":[{"href":"https:\/\/diariodominicano.com\/index.php?rest_route=\/wp\/v2\/posts\/122765","targetHints":{"allow":["GET"]}}],"collection":[{"href":"https:\/\/diariodominicano.com\/index.php?rest_route=\/wp\/v2\/posts"}],"about":[{"href":"https:\/\/diariodominicano.com\/index.php?rest_route=\/wp\/v2\/types\/post"}],"author":[{"embeddable":true,"href":"https:\/\/diariodominicano.com\/index.php?rest_route=\/wp\/v2\/users\/3"}],"replies":[{"embeddable":true,"href":"https:\/\/diariodominicano.com\/index.php?rest_route=%2Fwp%2Fv2%2Fcomments&post=122765"}],"version-history":[{"count":0,"href":"https:\/\/diariodominicano.com\/index.php?rest_route=\/wp\/v2\/posts\/122765\/revisions"}],"wp:attachment":[{"href":"https:\/\/diariodominicano.com\/index.php?rest_route=%2Fwp%2Fv2%2Fmedia&parent=122765"}],"wp:term":[{"taxonomy":"category","embeddable":true,"href":"https:\/\/diariodominicano.com\/index.php?rest_route=%2Fwp%2Fv2%2Fcategories&post=122765"},{"taxonomy":"post_tag","embeddable":true,"href":"https:\/\/diariodominicano.com\/index.php?rest_route=%2Fwp%2Fv2%2Ftags&post=122765"}],"curies":[{"name":"wp","href":"https:\/\/api.w.org\/{rel}","templated":true}]}}