{"id":122760,"date":"2007-09-20T21:19:42","date_gmt":"2007-09-20T21:19:42","guid":{"rendered":"http:\/\/diariodominicano.ddns.net\/?p=122760"},"modified":"2007-09-20T21:19:42","modified_gmt":"2007-09-20T21:19:42","slug":"hoteleros-de-cancun-abaratan-precios-para-hacer-frente-a-temporada-baja","status":"publish","type":"post","link":"https:\/\/diariodominicano.com\/?p=122760","title":{"rendered":"Hoteleros de Canc\u00fan abaratan precios para hacer frente a temporada baja"},"content":{"rendered":"<p><body><\/p>\n<p align=\"justify\" class=\"titulogrande1\">Hoteleros de  Canc\u00fan abaratan precios para hacer  frente a temporada baja<\/p>\n<p>&#13;<\/p>\n<p align=\"justify\" class=\"text1noticias\">Los hoteleros de Canc\u00fan repiten por estos d\u00edas en ese destino una pol\u00edtica que ha sido muy cuestionada en el sector, la de acudir a las ofertas basadas en los m\u00ednimos precios para poder hacer frente a la temporada baja.<br \/>&#13;<br \/>\n  <br \/>&#13;<br \/>\n  Seg\u00fan informes de la prensa local, de los que se ha echo eco Caribbean News Digital, algunas empresas est\u00e1n vendiendo sus habitaciones \u201ca precio de saldo\u201d, llegando incluso a los 32 d\u00f3lares (23 euros) por noche en el servicio de todo incluido, como parte de una promoci\u00f3n especial que se extiende a todo el mes de septiembre.<br \/>&#13;<br \/>\n  <br \/>&#13;<br \/>\n  Esta tendencia ha alcanzado incluso a los hoteles de gama alta, como los 5 estrellas, seg\u00fan asevera la misma fuente. Es el caso del NH Krystal, que est\u00e1 ofreciendo habitaciones, tambi\u00e9n en la modalidad del todo incluido, por 48 d\u00f3lares (34 euros), m\u00e1s una noche gratis, hasta el 5 de octubre. Mientras que el Westin Resorts &amp; Spa Canc\u00fan, cobra 56 d\u00f3lares (40 euros) la noche, sin comida, pero con una noche extra gratis.<br \/>&#13;<br \/>\n  <br \/>&#13;<br \/>\n  \u201cEsta pol\u00edtica es a todas luces negativa para Canc\u00fan como destino. Primero porque al abaratar los precios atrae a gente con recursos muy econ\u00f3micos, y segundo porque despu\u00e9s cuesta mucho trabajo recuperar las tarifas, y lo peor es que lo saben por experiencia desde hace a\u00f1os\u201d, afirm\u00f3 al respecto Abelardo Vara Rivero, presidente honorario de la Asociaci\u00f3n de  Hoteles locales. (Cicom) <\/p>\n<p>&#13;<\/p>\n<h6> 2007-09-20 21:19:42 <\/h6>\n<p><!--\n<link rel=\"stylesheet\" href=\"css\/bootstrap.min.css\">\n\n\n<ul class=\"pagination\">\n\t    \n\t\n\n<li >\n\t<a href='?page_no=28639'>Previous<\/a>\n\t<\/li>\n\n\n       \n    \n\n<li><a href='?page_no=1'>1<\/a><\/li>\n\n\n\n<li><a href='?page_no=2'>2<\/a><\/li>\n\n\n\n<li><a>...<\/a><\/li>\n\n\n\n<li><a href='?page_no=28638'>28638<\/a><\/li>\n\n\n\n<li><a href='?page_no=28639'>28639<\/a><\/li>\n\n\n\n<li class='active'><a>28640<\/a><\/li>\n\n\n\n<li><a href='?page_no=28641'>28641<\/a><\/li>\n\n\n\n<li><a href='?page_no=28642'>28642<\/a><\/li>\n\n\n\n<li><a>...<\/a><\/li>\n\n\n\n<li><a href='?page_no=30472'>30472<\/a><\/li>\n\n\n\n<li><a href='?page_no=30473'>30473<\/a><\/li>\n\n    \n\t\n\n<li >\n\t<a href='?page_no=28641'>Next<\/a>\n\t<\/li>\n\n\n    \n\n<li><a href='?page_no=30473'>Last &rsaquo;&rsaquo;<\/a><\/li>\n\n<\/ul>\n\n\n--><br \/>\n<\/body><\/p>\n","protected":false},"excerpt":{"rendered":"<p>Hoteleros de Canc\u00fan abaratan precios para hacer frente a temporada baja &#13; Los hoteleros de Canc\u00fan repiten por estos d\u00edas en ese destino una pol\u00edtica que ha sido muy cuestionada en el sector, la de acudir a las ofertas basadas en los m\u00ednimos precios para poder hacer frente a la temporada baja.&#13; &#13; Seg\u00fan informes [&hellip;]<\/p>\n","protected":false},"author":3,"featured_media":0,"comment_status":"open","ping_status":"open","sticky":false,"template":"","format":"standard","meta":{"footnotes":""},"categories":[18],"tags":[],"class_list":["post-122760","post","type-post","status-publish","format-standard","hentry","category-economia"],"_links":{"self":[{"href":"https:\/\/diariodominicano.com\/index.php?rest_route=\/wp\/v2\/posts\/122760","targetHints":{"allow":["GET"]}}],"collection":[{"href":"https:\/\/diariodominicano.com\/index.php?rest_route=\/wp\/v2\/posts"}],"about":[{"href":"https:\/\/diariodominicano.com\/index.php?rest_route=\/wp\/v2\/types\/post"}],"author":[{"embeddable":true,"href":"https:\/\/diariodominicano.com\/index.php?rest_route=\/wp\/v2\/users\/3"}],"replies":[{"embeddable":true,"href":"https:\/\/diariodominicano.com\/index.php?rest_route=%2Fwp%2Fv2%2Fcomments&post=122760"}],"version-history":[{"count":0,"href":"https:\/\/diariodominicano.com\/index.php?rest_route=\/wp\/v2\/posts\/122760\/revisions"}],"wp:attachment":[{"href":"https:\/\/diariodominicano.com\/index.php?rest_route=%2Fwp%2Fv2%2Fmedia&parent=122760"}],"wp:term":[{"taxonomy":"category","embeddable":true,"href":"https:\/\/diariodominicano.com\/index.php?rest_route=%2Fwp%2Fv2%2Fcategories&post=122760"},{"taxonomy":"post_tag","embeddable":true,"href":"https:\/\/diariodominicano.com\/index.php?rest_route=%2Fwp%2Fv2%2Ftags&post=122760"}],"curies":[{"name":"wp","href":"https:\/\/api.w.org\/{rel}","templated":true}]}}