{"id":122755,"date":"2007-09-21T19:43:48","date_gmt":"2007-09-21T19:43:48","guid":{"rendered":"http:\/\/diariodominicano.ddns.net\/?p=122755"},"modified":"2007-09-21T19:43:48","modified_gmt":"2007-09-21T19:43:48","slug":"favorece-creacion-de-una-estructura-tributaria-que-incluya-compromiso-de-todos-los-sectores-de-contribuir-con-el-financiamiento-al-desarrollo","status":"publish","type":"post","link":"https:\/\/diariodominicano.com\/?p=122755","title":{"rendered":"Favorece creaci\u00f3n de una  estructura tributaria que incluya compromiso de todos los sectores de contribuir con el financiamiento al desarrollo"},"content":{"rendered":"<p><body><\/p>\n<p align=\"justify\" class=\"titulogrande1\">Favorece creaci\u00f3n  de una \u00a0estructura tributaria que incluya  compromiso de todos los sectores de  contribuir con el financiamiento al desarrollo<\/p>\n<p>&#13;<\/p>\n<p align=\"justify\" class=\"text1noticias\">En una segunda intervenci\u00f3n en el seminario regional  sobre \u201cPol\u00edticas Macroecon\u00f3micas y Equidad Social\u201d, Temistocles \u00a0Mont\u00e1s plante\u00f3 su oposici\u00f3n a las exenciones  impositivas al destacar que \u00e9stas \u201cgeneran inequidades y costos en materia  tributaria que pocas veces son compensados por los beneficios generados por los  sectores incentivados\u201d.<\/p>\n<p>&#13;<\/p>\n<p align=\"justify\" class=\"text1noticias\"><strong><img loading=\"lazy\" decoding=\"async\" src=\"http:\/\/localhost:8080\/economia\/pictures\/temo17.jpg\" width=\"269\" height=\"199\" hspace=\"4\" align=\"left\" \/>LIMA, Per\u00fa \u2013<\/strong> El Secretario de Econom\u00eda, Planificaci\u00f3n y  Desarrollo, Juan Temistocles Mont\u00e1s, favoreci\u00f3 la creaci\u00f3n en su pa\u00eds de una  estructura tributaria que se sustente en una creciente participaci\u00f3n de los  impuestos directos, el control de la evasi\u00f3n y el compromiso de todos los  sectores de contribuir con el financiamiento al desarrollo.<\/p>\n<p>&#13;<\/p>\n<p align=\"justify\" class=\"text1noticias\">En una segunda intervenci\u00f3n en el seminario regional  sobre \u201cPol\u00edticas Macroecon\u00f3micas y Equidad Social\u201d, Mont\u00e1s plante\u00f3 su oposici\u00f3n  a las exenciones impositivas al destacar que \u00e9stas \u201cgeneran inequidades y  costos en materia tributaria que pocas veces son compensados por los beneficios  generados por los sectores incentivados\u201d.<\/p>\n<p>&#13;<\/p>\n<p align=\"justify\" class=\"text1noticias\">El seminario, clausurado la noche del jueves, hab\u00eda  sido inaugurado el mi\u00e9rcoles con un discurso del Presidente de Per\u00fa, Alan Garc\u00eda  y durante su desarrollo expusieron el Secretario General de la Comisi\u00f3n Econ\u00f3mica  para Am\u00e9rica Latina (CEPAL), Jos\u00e9 Lu\u00eds Machinea y el Director Gerente del Fondo  Monetario Internacional (FMI), Rodrigo Rato; as\u00ed como ministros de econom\u00eda y  gobernadores de bancos centrales de la regi\u00f3n.<\/p>\n<p>&#13;<\/p>\n<p align=\"justify\" class=\"text1noticias\">\u201cEl otorgamiento de gasto tributario deber\u00eda ser la excepci\u00f3n  y el recurso \u00faltimo para incentivar una actividad productiva y su uso deber\u00eda  limitarse a aquellas circunstancias donde no es posible implementar programas  transparentes de gasto directo para el fomento de la producci\u00f3n o para  solucionar problemas espec\u00edficos de un sector\u201d, dijo Mont\u00e1s plantea tambi\u00e9n la  necesidad de profundizar en las reformas del sector financiero, especialmente  para garantizar la independencia de las autoridades monetarias y financiaras  frente al poder pol\u00edtico y frente a los\u00a0  grupos de poder econ\u00f3mico.<\/p>\n<p>&#13;<\/p>\n<p align=\"justify\" class=\"text1noticias\">De esta manera se lograr\u00e1 que las decisiones adoptadas  est\u00e9n en mayor consonancia con el bien com\u00fan y para disminuir la incertidumbre  que afecta las decisiones de los agentes como resultado de las modificaciones  frecuentes en las pol\u00edticas asociadas a cambios inesperados de autoridades,  sostuvo el funcionario.<\/p>\n<p>&#13;<\/p>\n<p align=\"justify\" class=\"text1noticias\">Plantea, asimismo, que debe propiciarse un ambiente  que proteja el ahorro financiero interno y facilite el acceso al financiamiento  externo a las econom\u00edas de la regi\u00f3n, mediante el fortalecimiento de los  sistemas financieros nacionales.<\/p>\n<p>&#13;<\/p>\n<p align=\"justify\" class=\"text1noticias\">La intervenci\u00f3n del funcionario dominicano se concentro  en las reformas institucionales, econ\u00f3micas y sociales que demandan los pa\u00edses  de Am\u00e9rica Latina y el Caribe para garantizar el crecimiento sostenido y una  mejor redistribuci\u00f3n de las riquezas.<\/p>\n<p>&#13;<\/p>\n<p align=\"justify\" class=\"text1noticias\">En su ponencia, \u201cReforma Institucional y el Papel del Congreso\u201d,  Mont\u00e0s dice que en lo que concierne a la educaci\u00f3n, \u00e9sta deber\u00e1 encaminarse a  enfrentar las crecientes inequidades educativas no solo en el acceso, sino tambi\u00e9n  en los resultados educativos.<\/p>\n<p>&#13;<\/p>\n<p align=\"justify\" class=\"text1noticias\">Sugiri\u00f3 que se debe hacer \u00e9nfasis en la calidad y en la  pertinencia de la educaci\u00f3n para un mundo m\u00e1s abierto y competitivo, pero advirti\u00f3  que para esto la reforma en el sector deben priorizar la educaci\u00f3n a temprana  edad por su positivo impacto a lo largo de la vida del alumno y su desempe\u00f1o en  el mercado laboral.<\/p>\n<p>&#13;<\/p>\n<p align=\"justify\" class=\"text1noticias\">En su ponencia, Mont\u00e1s destac\u00f3 tambi\u00e9n la necesidad de  reformas en el \u00e1mbito de las pensiones y de la protecci\u00f3n social porque  representan otro componente importante en la agenda legislativa para impulsar  el crecimiento econ\u00f3mico y la reducci\u00f3n de la pobreza.<\/p>\n<p>&#13;<\/p>\n<p align=\"justify\" class=\"text1noticias\">Entiende que la ampliaci\u00f3n de los sistemas de  seguridad social, tanto para la salud como para las pensiones, aseguran un m\u00ednimo  de estabilidad financiera a los hogares.<\/p>\n<p>&#13;<\/p>\n<p align=\"justify\" class=\"text1noticias\">En cuanto a las reformas sociales, el Secretario de  Econom\u00eda dijo que \u00e9stas deben implicar mayores niveles de inclusi\u00f3n,  participaci\u00f3n y control social, as\u00ed como un sistema \u00a0de seguimiento, monitoreo y evaluaci\u00f3n del  impacto de las pol\u00edticas.<\/p>\n<p>&#13;<\/p>\n<p align=\"justify\" class=\"text1noticias\">Tambi\u00e9n el uso de instrumentos y mecanismos modernos,  como los sistemas de identificaci\u00f3n de beneficiarios, que impacten de manera  positiva en la asignaci\u00f3n de los subsidios sociales, dijo el funcionario.<\/p>\n<p>&#13;<\/p>\n<h6> 2007-09-21 19:43:48 <\/h6>\n<p><!--\n<link rel=\"stylesheet\" href=\"css\/bootstrap.min.css\">\n\n\n<ul class=\"pagination\">\n\t    \n\t\n\n<li >\n\t<a href='?page_no=28634'>Previous<\/a>\n\t<\/li>\n\n\n       \n    \n\n<li><a href='?page_no=1'>1<\/a><\/li>\n\n\n\n<li><a href='?page_no=2'>2<\/a><\/li>\n\n\n\n<li><a>...<\/a><\/li>\n\n\n\n<li><a href='?page_no=28633'>28633<\/a><\/li>\n\n\n\n<li><a href='?page_no=28634'>28634<\/a><\/li>\n\n\n\n<li class='active'><a>28635<\/a><\/li>\n\n\n\n<li><a href='?page_no=28636'>28636<\/a><\/li>\n\n\n\n<li><a href='?page_no=28637'>28637<\/a><\/li>\n\n\n\n<li><a>...<\/a><\/li>\n\n\n\n<li><a href='?page_no=30472'>30472<\/a><\/li>\n\n\n\n<li><a href='?page_no=30473'>30473<\/a><\/li>\n\n    \n\t\n\n<li >\n\t<a href='?page_no=28636'>Next<\/a>\n\t<\/li>\n\n\n    \n\n<li><a href='?page_no=30473'>Last &rsaquo;&rsaquo;<\/a><\/li>\n\n<\/ul>\n\n\n--><br \/>\n<\/body><\/p>\n","protected":false},"excerpt":{"rendered":"<p>Favorece creaci\u00f3n de una \u00a0estructura tributaria que incluya compromiso de todos los sectores de contribuir con el financiamiento al desarrollo &#13; En una segunda intervenci\u00f3n en el seminario regional sobre \u201cPol\u00edticas Macroecon\u00f3micas y Equidad Social\u201d, Temistocles \u00a0Mont\u00e1s plante\u00f3 su oposici\u00f3n a las exenciones impositivas al destacar que \u00e9stas \u201cgeneran inequidades y costos en materia tributaria [&hellip;]<\/p>\n","protected":false},"author":3,"featured_media":0,"comment_status":"open","ping_status":"open","sticky":false,"template":"","format":"standard","meta":{"footnotes":""},"categories":[18],"tags":[],"class_list":["post-122755","post","type-post","status-publish","format-standard","hentry","category-economia"],"_links":{"self":[{"href":"https:\/\/diariodominicano.com\/index.php?rest_route=\/wp\/v2\/posts\/122755","targetHints":{"allow":["GET"]}}],"collection":[{"href":"https:\/\/diariodominicano.com\/index.php?rest_route=\/wp\/v2\/posts"}],"about":[{"href":"https:\/\/diariodominicano.com\/index.php?rest_route=\/wp\/v2\/types\/post"}],"author":[{"embeddable":true,"href":"https:\/\/diariodominicano.com\/index.php?rest_route=\/wp\/v2\/users\/3"}],"replies":[{"embeddable":true,"href":"https:\/\/diariodominicano.com\/index.php?rest_route=%2Fwp%2Fv2%2Fcomments&post=122755"}],"version-history":[{"count":0,"href":"https:\/\/diariodominicano.com\/index.php?rest_route=\/wp\/v2\/posts\/122755\/revisions"}],"wp:attachment":[{"href":"https:\/\/diariodominicano.com\/index.php?rest_route=%2Fwp%2Fv2%2Fmedia&parent=122755"}],"wp:term":[{"taxonomy":"category","embeddable":true,"href":"https:\/\/diariodominicano.com\/index.php?rest_route=%2Fwp%2Fv2%2Fcategories&post=122755"},{"taxonomy":"post_tag","embeddable":true,"href":"https:\/\/diariodominicano.com\/index.php?rest_route=%2Fwp%2Fv2%2Ftags&post=122755"}],"curies":[{"name":"wp","href":"https:\/\/api.w.org\/{rel}","templated":true}]}}