{"id":122754,"date":"2007-09-21T20:15:44","date_gmt":"2007-09-21T20:15:44","guid":{"rendered":"http:\/\/diariodominicano.ddns.net\/?p=122754"},"modified":"2007-09-21T20:15:44","modified_gmt":"2007-09-21T20:15:44","slug":"mta-de-nueva-york-asesorara-metro-de-santo-domingo","status":"publish","type":"post","link":"https:\/\/diariodominicano.com\/?p=122754","title":{"rendered":"MTA de Nueva York asesorar\u00e1  Metro de Santo Domingo"},"content":{"rendered":"<p><body><\/p>\n<p class=\"titulogrande1\">MTA de Nueva York asesorar\u00e1 \u00a0Metro de Santo Domingo<\/p>\n<p>&#13;<\/p>\n<p align=\"justify\" class=\"text1noticias\"><strong><img loading=\"lazy\" decoding=\"async\" src=\"http:\/\/localhost:8080\/economia\/pictures\/leonel en the economist.jpg\" width=\"269\" height=\"181\" hspace=\"4\" align=\"left\" \/>NUEVA YORK.- <\/strong>El Presidente Leonel  Fern\u00e1ndez inform\u00f3 el jueves \u00a0aqu\u00ed, donde  se encuentra desde el mi\u00e9rcoles, que autoridades de la Autoridad Metropolitana  de Transporte (MTA), de esta ciudad,\u00a0 le expresaron su intenci\u00f3n de  asistir al gobierno dominicano y asesorar al personal que trabajar\u00e1 en el metro  que se construye en Santo Domingo.<br \/>&#13;<br \/>\n  <br \/>&#13;<br \/>\n  Anuncio que desde ya se dan los pasos  necesarios para\u00a0 firmar un acuerdo que le permita a la MTA ofrecer la asesor\u00eda  necesaria en cuanto al funcionamiento del Metro de Santo Domingo.<br \/>&#13;<br \/>\n  <br \/>&#13;<br \/>\n  Dijo que esta posibilidad surgi\u00f3 por  iniciativa de una ejecutiva del Metro de Nueva York de origen dominicano, cuyo  nombre no revel\u00f3, que le hizo la propuesta.<br \/>&#13;<br \/>\n  <br \/>&#13;<br \/>\n  \u201cSer\u00eda interesante poder aprovechar la  experiencia de trabajadores de la   MTA para los dominicanos que ser\u00e1n empleados en el sistema  operativo del tren que cubrir\u00e1 una parte del sistema de transporte en la  capital\u201d, dijo.<br \/>&#13;<br \/>\n  <br \/>&#13;<br \/>\n  Fernandez entiende que la experiencia de  los empleados del MTA ser\u00eda\u00a0 importante en t\u00e9rminos del mantenimiento del  orden, la limpieza, el comportamiento, la seguridad y la parte comercial del  Metro de Santo Domingo.<br \/>&#13;<br \/>\n  <br \/>&#13;<br \/>\n  Dijo estar satisfecho por el inter\u00e9s  mostrado por los dominicanos residentes en Estados Unidos en aportar su  experiencia y su capacidad educativa para sus compatriotas en su pa\u00eds.<br \/>&#13;<br \/>\n  <br \/>&#13;<br \/>\n  El encuentro de la dominicana que  trabaja en la MTA\u00a0  con el presidente Fern\u00e1ndez se produjo ayer durante el acto de inauguraci\u00f3n de  la oficina de la Secretaria  de Estado de Industria y Comercio en el bajo Manhattan.<br \/>&#13;<br \/>\n  <br \/>&#13;<br \/>\n  En este escenario le expreso al  presidente Fern\u00e1ndez el inter\u00e9s de ejecutivos de ese organismo de transporte  p\u00fablico en asesorar personal que trabajar\u00e1 en el Metro una vez sea inaugurado.<br \/>&#13;<br \/>\n  <br \/>&#13;<br \/>\n  Enfatiz\u00f3 que \u201cla gente de la Autoridad Metropolitana  del Transporte quiere firmar acuerdo y eso es\u00a0 lo\u00a0 mejor del mundo  cuando usted\u00a0 logra colaboraciones desinteresadas de parte de  instituciones, compa\u00f1\u00edas, personalidades que efectivamente quieren establecer  ese lazo y esa cooperaci\u00f3n\u201d.<br \/>&#13;<br \/>\n  <br \/>&#13;<br \/>\n  Fern\u00e1ndez, quien habl\u00f3 20 minutos con  los\u00a0 periodistas, dijo que ser\u00eda importante, tambi\u00e9n, que en la Rep\u00fablica Dominicana  se implementen programas similares a los de peque\u00f1as y medianas empresas que se  ejecutan en Nueva Jersey, pero sobre todo vincularlos con dominicanos que  tienen negocios en su naci\u00f3n.<br \/>&#13;<br \/>\n  <br \/>&#13;<br \/>\n  Resalt\u00f3 que del encuentro con  empresarios para inaugurar la oficina comercial del DR-CAFTA surgi\u00f3 la eventual  ejecuci\u00f3n de dos programas que\u00a0 podr\u00edan ser aplicados en la naci\u00f3n dominicana,  lo que dijo, se unir\u00eda a otros proyectos del Consejo Consultivo de la Presidencia de  Dominicanos Residentes en el Exterior.<br \/>&#13;<br \/>\n  <br \/>&#13;<br \/>\n  \u201cEllos (los dominicanos ausentes) est\u00e1n  deseosos de colaborar con el pa\u00eds\u201d, manifest\u00f3 el mandatario.<br \/>&#13;<br \/>\n  <br \/>&#13;<br \/>\n  Dijo que con la inauguraci\u00f3n de una  oficina de la Secretaria  de Estado de Industria y Comercio en Nueva York lo que se persigue es sacarle  provecho al DR-Cafta, porque existe un acuerdo para que productos dominicanos  puedan penetrar al mercado de Estados Unidos sin pagar impuestos en aduanas, lo  que es un gran privilegio.<br \/>&#13;<br \/>\n  <br \/>&#13;<br \/>\n  \u201cAhora usted tiene ese derecho, tiene  ese acceso, pero si no lo usa es como si no tuviera nada. Hay que tener una  oficina que se encargue de promover esto\u201d, puntualizo el estadista dominicano.<br \/>&#13;<br \/>\n  <br \/>&#13;<br \/>\n  Agrego que con el Centro de Importaci\u00f3n  e Inversiones se har\u00e1 un trabajo en conjunto en la promoci\u00f3n de inversiones en la Rep\u00fablica Dominicana.<br \/>&#13;<br \/>\n  <br \/>&#13;<br \/>\n  <strong>CUMBRE MIEMBROS DR-CAFTA<\/strong> <br \/>&#13;<br \/>\n  <br \/>&#13;<br \/>\n  El presidente Leonel Fern\u00e1ndez anunci\u00f3  la celebraci\u00f3n de una cumbre de los pa\u00edses miembros del Tratado de Libre  Comercio entre Rep\u00fablica Dominicana, Centroam\u00e9rica y los Estados Unidos.<br \/>&#13;<br \/>\n  <br \/>&#13;<br \/>\n  Dijo que el evento, que se efectuar\u00e1 en la Rep\u00fablica Dominicana  a principios del 2008, servir\u00e1\u00a0 para evaluar el primer a\u00f1o de aplicaci\u00f3n  del tratado entre Nicaragua, Costa Rica, El Salvador, Guatemala, Honduras, la Rep\u00fablica Dominicana  y los Estados Unidos.<br \/>&#13;<br \/>\n  <br \/>&#13;<br \/>\n  En la cumbre se analizar\u00e1 el resultado  de la aplicaci\u00f3n del acuerdo en el crecimiento econ\u00f3mico y la posibilidad de  aumentar el aprovechamiento de esta iniciativa.<br \/>&#13;<br \/>\n  <br \/>&#13;<br \/>\n  Fern\u00e1ndez anunci\u00f3 que plantear\u00e1 ante la Organizaci\u00f3n de las  Naciones Unidas el tema de que las grandes potencias ayuden a crear condiciones  para propiciar el crecimiento de la econom\u00eda de los pa\u00edses m\u00e1s peque\u00f1os.<br \/>&#13;<br \/>\n  <br \/>&#13;<br \/>\n  Explic\u00f3 que su planteamiento busca  disminuir la migraci\u00f3n hacia sociedades m\u00e1s desarrolladas. Hizo el anuncio  despu\u00e9s de participar en un encuentro con los becarios dominicanos en la ciudad  de Nueva York.<br \/>&#13;<br \/>\n  <br \/>&#13;<br \/>\n  Hoy<\/p>\n<p>&#13;<\/p>\n<h6> 2007-09-21 20:15:44 <\/h6>\n<p><!--\n<link rel=\"stylesheet\" href=\"css\/bootstrap.min.css\">\n\n\n<ul class=\"pagination\">\n\t    \n\t\n\n<li >\n\t<a href='?page_no=28633'>Previous<\/a>\n\t<\/li>\n\n\n       \n    \n\n<li><a href='?page_no=1'>1<\/a><\/li>\n\n\n\n<li><a href='?page_no=2'>2<\/a><\/li>\n\n\n\n<li><a>...<\/a><\/li>\n\n\n\n<li><a href='?page_no=28632'>28632<\/a><\/li>\n\n\n\n<li><a href='?page_no=28633'>28633<\/a><\/li>\n\n\n\n<li class='active'><a>28634<\/a><\/li>\n\n\n\n<li><a href='?page_no=28635'>28635<\/a><\/li>\n\n\n\n<li><a href='?page_no=28636'>28636<\/a><\/li>\n\n\n\n<li><a>...<\/a><\/li>\n\n\n\n<li><a href='?page_no=30472'>30472<\/a><\/li>\n\n\n\n<li><a href='?page_no=30473'>30473<\/a><\/li>\n\n    \n\t\n\n<li >\n\t<a href='?page_no=28635'>Next<\/a>\n\t<\/li>\n\n\n    \n\n<li><a href='?page_no=30473'>Last &rsaquo;&rsaquo;<\/a><\/li>\n\n<\/ul>\n\n\n--><br \/>\n<\/body><\/p>\n","protected":false},"excerpt":{"rendered":"<p>MTA de Nueva York asesorar\u00e1 \u00a0Metro de Santo Domingo &#13; NUEVA YORK.- El Presidente Leonel Fern\u00e1ndez inform\u00f3 el jueves \u00a0aqu\u00ed, donde se encuentra desde el mi\u00e9rcoles, que autoridades de la Autoridad Metropolitana de Transporte (MTA), de esta ciudad,\u00a0 le expresaron su intenci\u00f3n de asistir al gobierno dominicano y asesorar al personal que trabajar\u00e1 en el [&hellip;]<\/p>\n","protected":false},"author":3,"featured_media":0,"comment_status":"open","ping_status":"open","sticky":false,"template":"","format":"standard","meta":{"footnotes":""},"categories":[18],"tags":[],"class_list":["post-122754","post","type-post","status-publish","format-standard","hentry","category-economia"],"_links":{"self":[{"href":"https:\/\/diariodominicano.com\/index.php?rest_route=\/wp\/v2\/posts\/122754","targetHints":{"allow":["GET"]}}],"collection":[{"href":"https:\/\/diariodominicano.com\/index.php?rest_route=\/wp\/v2\/posts"}],"about":[{"href":"https:\/\/diariodominicano.com\/index.php?rest_route=\/wp\/v2\/types\/post"}],"author":[{"embeddable":true,"href":"https:\/\/diariodominicano.com\/index.php?rest_route=\/wp\/v2\/users\/3"}],"replies":[{"embeddable":true,"href":"https:\/\/diariodominicano.com\/index.php?rest_route=%2Fwp%2Fv2%2Fcomments&post=122754"}],"version-history":[{"count":0,"href":"https:\/\/diariodominicano.com\/index.php?rest_route=\/wp\/v2\/posts\/122754\/revisions"}],"wp:attachment":[{"href":"https:\/\/diariodominicano.com\/index.php?rest_route=%2Fwp%2Fv2%2Fmedia&parent=122754"}],"wp:term":[{"taxonomy":"category","embeddable":true,"href":"https:\/\/diariodominicano.com\/index.php?rest_route=%2Fwp%2Fv2%2Fcategories&post=122754"},{"taxonomy":"post_tag","embeddable":true,"href":"https:\/\/diariodominicano.com\/index.php?rest_route=%2Fwp%2Fv2%2Ftags&post=122754"}],"curies":[{"name":"wp","href":"https:\/\/api.w.org\/{rel}","templated":true}]}}