{"id":122753,"date":"2007-09-21T20:41:08","date_gmt":"2007-09-21T20:41:08","guid":{"rendered":"http:\/\/diariodominicano.ddns.net\/?p=122753"},"modified":"2007-09-21T20:41:08","modified_gmt":"2007-09-21T20:41:08","slug":"vicepresidente-alburquerque-anuncia-el-gobierno-adoptara-medidas-ante-alzas-del-petroleo","status":"publish","type":"post","link":"https:\/\/diariodominicano.com\/?p=122753","title":{"rendered":"Vicepresidente Alburquerque anuncia el Gobierno adoptar\u00e1 medidas ante alzas del petr\u00f3leo"},"content":{"rendered":"<p><body><\/p>\n<p align=\"justify\" class=\"titulogrande1\">Vicepresidente  Alburquerque anuncia el Gobierno adoptar\u00e1 medidas ante alzas del petr\u00f3leo<\/p>\n<p>&#13;<\/p>\n<p align=\"justify\" class=\"text1noticias\"><strong><img loading=\"lazy\" decoding=\"async\" src=\"http:\/\/localhost:8080\/economia\/pictures\/rafael alburquerque pic.jpg\" width=\"269\" height=\"340\" hspace=\"4\" align=\"left\" \/>LA ROMANA.-<\/strong> El vicepresidente \u00a0Rafael Alburquerque, anunci\u00f3 \u00a0que el Gobierno buscar\u00e1 alternativas para  hacerle frente al aumento que han registrado los precios de los combustibles a  nivel internacional.<br \/>&#13;<br \/>\n  <br \/>&#13;<br \/>\n  Expres\u00f3 que, consciente de la repercusi\u00f3n del  tema para el pa\u00eds, el Gobierno buscar\u00e1 alternativas para paliar los efectos que  el aumento en el barril del petr\u00f3leo puede tener en la econom\u00eda de la  poblaci\u00f3n. <br \/>&#13;<br \/>\n  <br \/>&#13;<br \/>\n  Tambi\u00e9n \u00a0se refiri\u00f3 a las ARS y la aplicaci\u00f3n del  Seguro Familiar de Salud en el pa\u00eds, en torno a lo cual recomend\u00f3 paciencia al  la poblaci\u00f3n respecto a su aplicaci\u00f3n. Dijo que s\u00f3lo han transcurrido unos 20  d\u00edas despu\u00e9s de la entrada en vigencia del SFS y que \u00abla carga tendr\u00e1 que  arreglarse en el camino\u00bb. <br \/>&#13;<br \/>\n  <br \/>&#13;<br \/>\n  Sostuvo que los pacientes est\u00e1n recibiendo  \u201ctodos los servicios de salud\u201d, aunque reconoci\u00f3 que han habido dificultades  cuando se presentan en algunos centros. Hizo un llamado a los trabajadores y  las empresas para que no acojan un seguro complementario, al considerar que no  es necesario. <br \/>&#13;<br \/>\n  <br \/>&#13;<br \/>\n  Alburquerque, quien encabez\u00f3 la apertura de la VIII Reuni\u00f3n del  Consejo de Secretarios de Finanzas y Ministros de Haciendas de Centroam\u00e9rica,  Panam\u00e1 y Rep\u00fablica Dominicana, en el sal\u00f3n Flamboy\u00e1n del resort Casa de Campo,  afirm\u00f3 que si el pa\u00eds aprovecha las oportunidades que se abren con los tratados  de libre comercio y la liberalizaci\u00f3n de los mercados, se pueden crear las  condiciones que pongan fin a la iniquidad social y la pobreza en el pa\u00eds. <br \/>&#13;<br \/>\n  <br \/>&#13;<br \/>\n  Resalt\u00f3 que la Rep\u00fablica Dominicana  est\u00e1 comprometida con los trabajos del c\u00f3nclave y con los acuerdos que emanen  del mismo y record\u00f3 que la presente gesti\u00f3n ha tenido especial inter\u00e9s en  mantener la estabilidad econ\u00f3mica.<br \/>&#13;<br \/>\n  <br \/>&#13;<br \/>\n  Sostuvo que por ello espera que los acuerdos  de libre comercio estimulen la productividad y la competitividad, as\u00ed como la  atracci\u00f3n de inversiones extranjeras y creaci\u00f3n de empleos. <br \/>&#13;<br \/>\n  <br \/>&#13;<br \/>\n  Al dejar abierto los trabajos del Consejo de  Secretarios de Finanzas y Ministros de Haciendas de Centroam\u00e9rica, Panam\u00e1 y  Rep\u00fablica Dominicana, Alburquerque dijo que los representantes del c\u00f3nclave  tienen la responsabilidad crucial de garantizar la sostenibilidad fiscal de la  que tanto dependen, para atender la deuda social acumulada que tienen todas las  naciones de la regi\u00f3n. <br \/>&#13;<br \/>\n  <br \/>&#13;<br \/>\n  El vicepresidente de la Rep\u00fablica al elogiar la  integraci\u00f3n del c\u00f3nclave dijo que integrar el mismo no puede desentenderse de  la tendencia mundial que los empuja hacia la globalizaci\u00f3n de los mercados, por  lo que se ha hecho necesario la firma de tratados de libre comercio, los que  constituyen los \u00abescenarios obligados\u00bb en los que hay que conducirse  en estos tiempos, entre desaf\u00edos y oportunidades. <br \/>&#13;<br \/>\n  <br \/>&#13;<br \/>\n  Explic\u00f3 que las naciones que integran este  bloque centroamericano necesitan de una firme voluntad pol\u00edtica y cambios  institucionales, as\u00ed como estar bien unidos y cohesionados ante los desaf\u00edos  que se le presentan, a fin de ajustarse a las realidades del presente y a las  que se avizoran en el futuro. <br \/>&#13;<br \/>\n  <br \/>&#13;<br \/>\n  List\u00edn Diario<\/p>\n<p>&#13;<\/p>\n<h6> 2007-09-21 20:41:08 <\/h6>\n<p><!--\n<link rel=\"stylesheet\" href=\"css\/bootstrap.min.css\">\n\n\n<ul class=\"pagination\">\n\t    \n\t\n\n<li >\n\t<a href='?page_no=28632'>Previous<\/a>\n\t<\/li>\n\n\n       \n    \n\n<li><a href='?page_no=1'>1<\/a><\/li>\n\n\n\n<li><a href='?page_no=2'>2<\/a><\/li>\n\n\n\n<li><a>...<\/a><\/li>\n\n\n\n<li><a href='?page_no=28631'>28631<\/a><\/li>\n\n\n\n<li><a href='?page_no=28632'>28632<\/a><\/li>\n\n\n\n<li class='active'><a>28633<\/a><\/li>\n\n\n\n<li><a href='?page_no=28634'>28634<\/a><\/li>\n\n\n\n<li><a href='?page_no=28635'>28635<\/a><\/li>\n\n\n\n<li><a>...<\/a><\/li>\n\n\n\n<li><a href='?page_no=30472'>30472<\/a><\/li>\n\n\n\n<li><a href='?page_no=30473'>30473<\/a><\/li>\n\n    \n\t\n\n<li >\n\t<a href='?page_no=28634'>Next<\/a>\n\t<\/li>\n\n\n    \n\n<li><a href='?page_no=30473'>Last &rsaquo;&rsaquo;<\/a><\/li>\n\n<\/ul>\n\n\n--><br \/>\n<\/body><\/p>\n","protected":false},"excerpt":{"rendered":"<p>Vicepresidente Alburquerque anuncia el Gobierno adoptar\u00e1 medidas ante alzas del petr\u00f3leo &#13; LA ROMANA.- El vicepresidente \u00a0Rafael Alburquerque, anunci\u00f3 \u00a0que el Gobierno buscar\u00e1 alternativas para hacerle frente al aumento que han registrado los precios de los combustibles a nivel internacional.&#13; &#13; Expres\u00f3 que, consciente de la repercusi\u00f3n del tema para el pa\u00eds, el Gobierno buscar\u00e1 [&hellip;]<\/p>\n","protected":false},"author":3,"featured_media":0,"comment_status":"open","ping_status":"open","sticky":false,"template":"","format":"standard","meta":{"footnotes":""},"categories":[18],"tags":[],"class_list":["post-122753","post","type-post","status-publish","format-standard","hentry","category-economia"],"_links":{"self":[{"href":"https:\/\/diariodominicano.com\/index.php?rest_route=\/wp\/v2\/posts\/122753","targetHints":{"allow":["GET"]}}],"collection":[{"href":"https:\/\/diariodominicano.com\/index.php?rest_route=\/wp\/v2\/posts"}],"about":[{"href":"https:\/\/diariodominicano.com\/index.php?rest_route=\/wp\/v2\/types\/post"}],"author":[{"embeddable":true,"href":"https:\/\/diariodominicano.com\/index.php?rest_route=\/wp\/v2\/users\/3"}],"replies":[{"embeddable":true,"href":"https:\/\/diariodominicano.com\/index.php?rest_route=%2Fwp%2Fv2%2Fcomments&post=122753"}],"version-history":[{"count":0,"href":"https:\/\/diariodominicano.com\/index.php?rest_route=\/wp\/v2\/posts\/122753\/revisions"}],"wp:attachment":[{"href":"https:\/\/diariodominicano.com\/index.php?rest_route=%2Fwp%2Fv2%2Fmedia&parent=122753"}],"wp:term":[{"taxonomy":"category","embeddable":true,"href":"https:\/\/diariodominicano.com\/index.php?rest_route=%2Fwp%2Fv2%2Fcategories&post=122753"},{"taxonomy":"post_tag","embeddable":true,"href":"https:\/\/diariodominicano.com\/index.php?rest_route=%2Fwp%2Fv2%2Ftags&post=122753"}],"curies":[{"name":"wp","href":"https:\/\/api.w.org\/{rel}","templated":true}]}}