{"id":122750,"date":"2007-09-21T23:12:45","date_gmt":"2007-09-21T23:12:45","guid":{"rendered":"http:\/\/diariodominicano.ddns.net\/?p=122750"},"modified":"2007-09-21T23:12:45","modified_gmt":"2007-09-21T23:12:45","slug":"avelino-abreu-presenta-dos-nuevos-modelos-vehiculo-seat-leon","status":"publish","type":"post","link":"https:\/\/diariodominicano.com\/?p=122750","title":{"rendered":"Avelino Abreu presenta dos nuevos modelos veh\u00edculo Seat Le\u00f3n"},"content":{"rendered":"<p><body><\/p>\n<p align=\"justify\"><span class=\"titulogrande1\">Avelino  Abreu presenta dos nuevos  modelos veh\u00edculo Seat Le\u00f3n<\/span><br \/>&#13;<br \/>\n  \u00a0<br \/>&#13;<br \/>\n  <span class=\"text1noticias\"><strong>Santo Domingo.-<\/strong> La empresa  automotriz Avelino Abreu present\u00f3 al mercado local los nuevos modelos Seat Le\u00f3n FR y Seat Le\u00f3n  Cupra, considerados como los dos autos de producci\u00f3n m\u00e1s r\u00e1pida, deportivos,  din\u00e1micos y juveniles de esta marca europea, y que ofrecen diversas novedades.<br \/>&#13;<br \/>\n  \u00a0<br \/>&#13;<br \/>\n  El lanzamiento tuvo efecto el  pasado jueves 20 de septiembre, en el bar At Mix, de la calle Gustavo Mejia  Ricart n\u00famero 69, del ensanche Naco.<br \/>&#13;<br \/>\n  \u00a0<br \/>&#13;<br \/>\n  Estuvo encabezada por Milagros  Abreu; presidenta-ejecutiva; Jorge Asmar, director general de ventas y  mercadeo; Juan Andr\u00e9s Fr\u00edas, gerente General de Seat, as\u00ed como clientes y  relacionados.<br \/>&#13;<br \/>\n  \u00a0<br \/>&#13;<br \/>\n  En la actividad, el se\u00f1or  Fr\u00edas agradeci\u00f3 a los presentes su asistencia, y les invit\u00f3 a compartir un  momento agradable y observar las innovaciones, caracter\u00edsticas y ventajas de  los nuevos Seat.<br \/>&#13;<br \/>\n  \u00a0<br \/>&#13;<br \/>\n  Destac\u00f3 que el nuevo Le\u00f3n  CUPRA tiene un dise\u00f1o totalmente renovado y en esta ocasi\u00f3n presume el motor  m\u00e1s r\u00e1pido de Seat en toda la historia.<br \/>&#13;<br \/>\n  \u00a0<br \/>&#13;<br \/>\n  Agreg\u00f3 que el nuevo 2.0 TFSI  (Turbo-Cargado e Injecci\u00f3n estrat\u00e9gica) con 240hp y un torque de 300 Nm, es  capaz de alcanzar una velocidad m\u00e1xima de 247 kil\u00f3metro por hora y va de 0 a 100 en s\u00f3lo 6.4 segundos.<br \/>&#13;<br \/>\n  \u00a0<br \/>&#13;<br \/>\n  Explic\u00f3 que entre las  novedades presentes en el nuevo dise\u00f1o se encuentran los aros de 18 pulgadas, discos y  calipers aumentados, estos \u00faltimos resaltados en color rojo para agregar deportividad y  escape, adem\u00e1s, son ovalados, que lo hace \u201crugir\u201d como un verdadero Le\u00f3n.<br \/>&#13;<br \/>\n  \u00a0<br \/>&#13;<br \/>\n  Se\u00f1al\u00f3 que en el interior se  encuentra\u00a0 tablero-gu\u00eda y butacas  deportivas y que otros equipamientos standard de esta \u201cM\u00e1quina\u201d son los faros  bi-xen\u00f3n con Washer integrado, sun-roof, ABS, ESP  y traction control y conexi\u00f3n bluetooth con mandos interactivos.<br \/>&#13;<br \/>\n  \u00a0<br \/>&#13;<br \/>\n  Indic\u00f3 que este veh\u00edculo fue  concebido en las pistas del campeonato del WTCC (World Touring Car  Championship), del cual el CUPRA se ha adue\u00f1ado en los \u00faltimos a\u00f1os, tanto as\u00ed  que recientemente se convirti\u00f3 en el primer fabricante que gana en este evento  con un propulsor diesel TDI. <br \/>&#13;<br \/>\n  \u00a0<br \/>&#13;<br \/>\n  Inform\u00f3 que el nuevo CUPRA II  es fabricado en la planta de SEAT SPORT, divisi\u00f3n encargada de preparar los  veh\u00edculos del WTCC y la Copa   Le\u00f3n, lo que hace a este auto s\u00faper exclusivo y limitado, ya  que el performance es personalizado.<br \/>&#13;<br \/>\n  \u00a0<br \/>&#13;<br \/>\n  Manifest\u00f3 que la popularidad  de este vehiculo ha sido tanta que la cantante colombiana Shakira, dise\u00f1\u00f3 uno  de \u00e9stos con sus preferencias y le llam\u00f3\u00a0  \u201cPies Descalzos\u201d, el cual posteriormente fue donado por los ejecutivos  de SEAT a su fundaci\u00f3n, que lleva el mismo nombre del vehiculo, con fines de  ser rifado para recaudar fondos para los ni\u00f1os de escasos recursos de Colombia.<br \/>&#13;<br \/>\n  \u00a0<br \/>&#13;<br \/>\n  En cuanto al Leon FR (F\u00f3rmula  Racing) expuso que el mismo est\u00e1 equipado con un motor 2.0 litros con 16v. TFSI  (Turbo-Cargado e inyecci\u00f3n estrat\u00e9gica) con 200 caballo de fuerza heredado de  su hermano mayor Audi.<br \/>&#13;<br \/>\n  \u00a0<br \/>&#13;<br \/>\n  Sostuvo que adem\u00e1s de su  poderoso motor, el cual alcanza una velocidad m\u00e1xima de 229 kil\u00f3metro por  hora y va de 0 a  100 en s\u00f3lo 7.3 segundos, el nuevo FR cuenta con rines de 18 pulgadas, suspensiones  deportivas y barras estabilizadoras que optimizan el manejo en las curvas,  bumpers aerodin\u00e1micos que le agregan un toque de agresividad, asientos  deportivos, climatronic Dual Zone (temperatura independiente) y sistema  bluetooth integrado.<br \/>&#13;<br \/>\n  \u00a0<br \/>&#13;<br \/>\n  La marca espa\u00f1ola Seat  (acr\u00f3nimo de Sociedad Espa\u00f1ola de Autom\u00f3viles de Turismo), propiedad de  Volkswagen AG, ha recibido buenos frutos y elogios de la mano del modelo Le\u00f3n, el cual ha  venido recibiendo premios internacionales que van desde auto GTI del a\u00f1o en  Grecia hasta conseguir grandes victorias en el importante campeonato del WTCC,  en el que participan marcas de la talla de BMW, Alfa Romeo, entre otras.<br \/>&#13;<br \/>\n  \u00a0<br \/>&#13;<br \/>\n  El Seat Le\u00f3n, el preferido en  el pa\u00eds en el segmento de los \u201cHot Hatch\u2019s\u201d\u00a0  por su gran poder y excelentes prestaciones. El mismo est\u00e1 disponible y  se exhibe en los salones de Avelino Abreu  C.por A., empresa que\u00a0 no s\u00f3lo\u00a0 premia a los clientes con marcas de calidad  como el Seat, sino que ahora lanzan un veh\u00edculo que posee muchos fans en Rep\u00fablica Dominicana.<\/span><\/p>\n<p>&#13;<\/p>\n<h6> 2007-09-21 23:12:45 <\/h6>\n<p><!--\n<link rel=\"stylesheet\" href=\"css\/bootstrap.min.css\">\n\n\n<ul class=\"pagination\">\n\t    \n\t\n\n<li >\n\t<a href='?page_no=28629'>Previous<\/a>\n\t<\/li>\n\n\n       \n    \n\n<li><a href='?page_no=1'>1<\/a><\/li>\n\n\n\n<li><a href='?page_no=2'>2<\/a><\/li>\n\n\n\n<li><a>...<\/a><\/li>\n\n\n\n<li><a href='?page_no=28628'>28628<\/a><\/li>\n\n\n\n<li><a href='?page_no=28629'>28629<\/a><\/li>\n\n\n\n<li class='active'><a>28630<\/a><\/li>\n\n\n\n<li><a href='?page_no=28631'>28631<\/a><\/li>\n\n\n\n<li><a href='?page_no=28632'>28632<\/a><\/li>\n\n\n\n<li><a>...<\/a><\/li>\n\n\n\n<li><a href='?page_no=30472'>30472<\/a><\/li>\n\n\n\n<li><a href='?page_no=30473'>30473<\/a><\/li>\n\n    \n\t\n\n<li >\n\t<a href='?page_no=28631'>Next<\/a>\n\t<\/li>\n\n\n    \n\n<li><a href='?page_no=30473'>Last &rsaquo;&rsaquo;<\/a><\/li>\n\n<\/ul>\n\n\n--><br \/>\n<\/body><\/p>\n","protected":false},"excerpt":{"rendered":"<p>Avelino Abreu presenta dos nuevos modelos veh\u00edculo Seat Le\u00f3n&#13; \u00a0&#13; Santo Domingo.- La empresa automotriz Avelino Abreu present\u00f3 al mercado local los nuevos modelos Seat Le\u00f3n FR y Seat Le\u00f3n Cupra, considerados como los dos autos de producci\u00f3n m\u00e1s r\u00e1pida, deportivos, din\u00e1micos y juveniles de esta marca europea, y que ofrecen diversas novedades.&#13; \u00a0&#13; El [&hellip;]<\/p>\n","protected":false},"author":3,"featured_media":0,"comment_status":"open","ping_status":"open","sticky":false,"template":"","format":"standard","meta":{"footnotes":""},"categories":[18],"tags":[],"class_list":["post-122750","post","type-post","status-publish","format-standard","hentry","category-economia"],"_links":{"self":[{"href":"https:\/\/diariodominicano.com\/index.php?rest_route=\/wp\/v2\/posts\/122750","targetHints":{"allow":["GET"]}}],"collection":[{"href":"https:\/\/diariodominicano.com\/index.php?rest_route=\/wp\/v2\/posts"}],"about":[{"href":"https:\/\/diariodominicano.com\/index.php?rest_route=\/wp\/v2\/types\/post"}],"author":[{"embeddable":true,"href":"https:\/\/diariodominicano.com\/index.php?rest_route=\/wp\/v2\/users\/3"}],"replies":[{"embeddable":true,"href":"https:\/\/diariodominicano.com\/index.php?rest_route=%2Fwp%2Fv2%2Fcomments&post=122750"}],"version-history":[{"count":0,"href":"https:\/\/diariodominicano.com\/index.php?rest_route=\/wp\/v2\/posts\/122750\/revisions"}],"wp:attachment":[{"href":"https:\/\/diariodominicano.com\/index.php?rest_route=%2Fwp%2Fv2%2Fmedia&parent=122750"}],"wp:term":[{"taxonomy":"category","embeddable":true,"href":"https:\/\/diariodominicano.com\/index.php?rest_route=%2Fwp%2Fv2%2Fcategories&post=122750"},{"taxonomy":"post_tag","embeddable":true,"href":"https:\/\/diariodominicano.com\/index.php?rest_route=%2Fwp%2Fv2%2Ftags&post=122750"}],"curies":[{"name":"wp","href":"https:\/\/api.w.org\/{rel}","templated":true}]}}