{"id":122740,"date":"2007-09-25T19:43:57","date_gmt":"2007-09-25T19:43:57","guid":{"rendered":"http:\/\/diariodominicano.ddns.net\/?p=122740"},"modified":"2007-09-25T19:43:57","modified_gmt":"2007-09-25T19:43:57","slug":"celebraran-congreso-sobre-la-proteccion-contra-incendios","status":"publish","type":"post","link":"https:\/\/diariodominicano.com\/?p=122740","title":{"rendered":"Celebrar\u00e1n congreso sobre la protecci\u00f3n contra incendios"},"content":{"rendered":"<p><body><\/p>\n<p align=\"justify\"><span class=\"titulogrande1\"><strong>Celebrar\u00e1n congreso sobre la<\/strong> <strong>protecci\u00f3n contra incendios<\/strong><\/span> <br \/>&#13;<br \/>\n    <br \/>&#13;<br \/>\n      <span class=\"text1noticias\">El cap\u00edtulo dominicano de la   Nacional Fire Protection Association (NFPA) celebrar\u00e1 este mi\u00e9rcoles y jueves, 25 y 26 de septiembre su segundo congreso sobre protecci\u00f3n de incendios.<br \/>&#13;<br \/>\n  <br \/>&#13;<br \/>\n  El evento se llevar\u00e1 a cabo en los salones Bonanza- Constanza del hotel Meli\u00e1 Santo Domingo. La inversi\u00f3n es de RD$6 mil. El evento de dividir\u00e1 en dos partes: uno en el que las diferentes empresas del ramo presentar\u00e1n sus productos y otro, formado por una serie de conferencias en las que debatir\u00e1n temas actuales del \u00e1rea, tecnolog\u00edas de punta y las \u00faltimas normas de la   NFPA. Los interesados pueden inscribirse llamando al tel\u00e9fono 809-533-8448 o en la p\u00e1gina web repdominicana@ capitulosnfpa. org. (Cicom)<\/span><\/p>\n<p>&#13;<\/p>\n<h6> 2007-09-25 19:43:57 <\/h6>\n<p><!--\n<link rel=\"stylesheet\" href=\"css\/bootstrap.min.css\">\n\n\n<ul class=\"pagination\">\n\t    \n\t\n\n<li >\n\t<a href='?page_no=28619'>Previous<\/a>\n\t<\/li>\n\n\n       \n    \n\n<li><a href='?page_no=1'>1<\/a><\/li>\n\n\n\n<li><a href='?page_no=2'>2<\/a><\/li>\n\n\n\n<li><a>...<\/a><\/li>\n\n\n\n<li><a href='?page_no=28618'>28618<\/a><\/li>\n\n\n\n<li><a href='?page_no=28619'>28619<\/a><\/li>\n\n\n\n<li class='active'><a>28620<\/a><\/li>\n\n\n\n<li><a href='?page_no=28621'>28621<\/a><\/li>\n\n\n\n<li><a href='?page_no=28622'>28622<\/a><\/li>\n\n\n\n<li><a>...<\/a><\/li>\n\n\n\n<li><a href='?page_no=30472'>30472<\/a><\/li>\n\n\n\n<li><a href='?page_no=30473'>30473<\/a><\/li>\n\n    \n\t\n\n<li >\n\t<a href='?page_no=28621'>Next<\/a>\n\t<\/li>\n\n\n    \n\n<li><a href='?page_no=30473'>Last &rsaquo;&rsaquo;<\/a><\/li>\n\n<\/ul>\n\n\n--><br \/>\n<\/body><\/p>\n","protected":false},"excerpt":{"rendered":"<p>Celebrar\u00e1n congreso sobre la protecci\u00f3n contra incendios &#13; &#13; El cap\u00edtulo dominicano de la Nacional Fire Protection Association (NFPA) celebrar\u00e1 este mi\u00e9rcoles y jueves, 25 y 26 de septiembre su segundo congreso sobre protecci\u00f3n de incendios.&#13; &#13; El evento se llevar\u00e1 a cabo en los salones Bonanza- Constanza del hotel Meli\u00e1 Santo Domingo. La inversi\u00f3n [&hellip;]<\/p>\n","protected":false},"author":3,"featured_media":0,"comment_status":"open","ping_status":"open","sticky":false,"template":"","format":"standard","meta":{"footnotes":""},"categories":[18],"tags":[],"class_list":["post-122740","post","type-post","status-publish","format-standard","hentry","category-economia"],"_links":{"self":[{"href":"https:\/\/diariodominicano.com\/index.php?rest_route=\/wp\/v2\/posts\/122740","targetHints":{"allow":["GET"]}}],"collection":[{"href":"https:\/\/diariodominicano.com\/index.php?rest_route=\/wp\/v2\/posts"}],"about":[{"href":"https:\/\/diariodominicano.com\/index.php?rest_route=\/wp\/v2\/types\/post"}],"author":[{"embeddable":true,"href":"https:\/\/diariodominicano.com\/index.php?rest_route=\/wp\/v2\/users\/3"}],"replies":[{"embeddable":true,"href":"https:\/\/diariodominicano.com\/index.php?rest_route=%2Fwp%2Fv2%2Fcomments&post=122740"}],"version-history":[{"count":0,"href":"https:\/\/diariodominicano.com\/index.php?rest_route=\/wp\/v2\/posts\/122740\/revisions"}],"wp:attachment":[{"href":"https:\/\/diariodominicano.com\/index.php?rest_route=%2Fwp%2Fv2%2Fmedia&parent=122740"}],"wp:term":[{"taxonomy":"category","embeddable":true,"href":"https:\/\/diariodominicano.com\/index.php?rest_route=%2Fwp%2Fv2%2Fcategories&post=122740"},{"taxonomy":"post_tag","embeddable":true,"href":"https:\/\/diariodominicano.com\/index.php?rest_route=%2Fwp%2Fv2%2Ftags&post=122740"}],"curies":[{"name":"wp","href":"https:\/\/api.w.org\/{rel}","templated":true}]}}