{"id":122739,"date":"2007-09-25T19:48:28","date_gmt":"2007-09-25T19:48:28","guid":{"rendered":"http:\/\/diariodominicano.ddns.net\/?p=122739"},"modified":"2007-09-25T19:48:28","modified_gmt":"2007-09-25T19:48:28","slug":"en-rescate-de-la-isla-saona","status":"publish","type":"post","link":"https:\/\/diariodominicano.com\/?p=122739","title":{"rendered":"En rescate de la isla Saona"},"content":{"rendered":"<p><body><\/p>\n<p align=\"justify\"><span class=\"titulogrande1\">En rescate de la isla Saona<\/span><br \/>&#13;<br \/>\n  <br \/>&#13;<br \/>\n    <span class=\"text1noticias\">Con el prop\u00f3sito de implementar medidas que impulsen el desarrollo de un turismo sostenible en los principales centros de atracci\u00f3n de la   Rep\u00fablica Dominicana, la   Secretar\u00eda de Turismo  ha iniciado un Plan de Rescate del Parque Nacional del Este Isla Saona.<br \/>&#13;<br \/>\n    <br \/>&#13;<br \/>\n  Durante la   XII Reuni\u00f3n de Seguimiento de este plan, realizada en la comunidad de Mano Juan en la isla Saona, Luis Sim\u00f3, subsecretario de Turismo para Asuntos Internacionales, anunci\u00f3 las distintas medidas, que se piensan poner en pr\u00e1ctica para impulsar a Saona como un verdadero destino tur\u00edstico.<br \/>&#13;<br \/>\n  <br \/>&#13;<br \/>\n  Sim\u00f3, destaca que en estos momentos Turismo est\u00e1 enfocado en utilizar esta industria como agente de lucha contra la pobreza, que permita que la comunidad tenga un ente jur\u00eddico a partir del cual las principales actividades econ\u00f3micas de la isla puedan lograr el mayor desarrollo posible. Luis Sim\u00f3 explica, que con miras a posicionar positivamente a Saona, se piensa crear una cooperativa visualizada a fin de agrupar a los vendedores, a los artesanos y a los pescadores de la zona. Se trata de una cooperativa pensada para tener una triple funci\u00f3n. <br \/>&#13;<br \/>\n  <br \/>&#13;<br \/>\n  Seg\u00fan el secretario, esta cooperativa permite, por un lado, la acumulaci\u00f3n de capital, y por otro, se constituye en un ente jur\u00eddico que va a su vez a facilitar pr\u00e9stamos a diferentes niveles y para diferentes actividades econ\u00f3micas.<br \/>&#13;<br \/>\n  <br \/>&#13;<br \/>\n\u201cLo que la   Secretar\u00eda ha dise\u00f1ado realmente es un plan global. Estas no son acciones aisladas. Lo que buscamos es desarrollar polos de atracci\u00f3n\u201d, enfatiza.<br \/>&#13;<br \/>\n<br \/>&#13;<br \/>\n  Durante esta reuni\u00f3n de seguimiento, se realiz\u00f3 adem\u00e1s la graduaci\u00f3n del primer Taller Artesanal conjuntamente con la inauguraci\u00f3n de la   Escuela Artesanal Profesor Juan Bosch. (Cicom)<\/span><\/p>\n<p>&#13;<\/p>\n<h6> 2007-09-25 19:48:28 <\/h6>\n<p><!--\n<link rel=\"stylesheet\" href=\"css\/bootstrap.min.css\">\n\n\n<ul class=\"pagination\">\n\t    \n\t\n\n<li >\n\t<a href='?page_no=28618'>Previous<\/a>\n\t<\/li>\n\n\n       \n    \n\n<li><a href='?page_no=1'>1<\/a><\/li>\n\n\n\n<li><a href='?page_no=2'>2<\/a><\/li>\n\n\n\n<li><a>...<\/a><\/li>\n\n\n\n<li><a href='?page_no=28617'>28617<\/a><\/li>\n\n\n\n<li><a href='?page_no=28618'>28618<\/a><\/li>\n\n\n\n<li class='active'><a>28619<\/a><\/li>\n\n\n\n<li><a href='?page_no=28620'>28620<\/a><\/li>\n\n\n\n<li><a href='?page_no=28621'>28621<\/a><\/li>\n\n\n\n<li><a>...<\/a><\/li>\n\n\n\n<li><a href='?page_no=30472'>30472<\/a><\/li>\n\n\n\n<li><a href='?page_no=30473'>30473<\/a><\/li>\n\n    \n\t\n\n<li >\n\t<a href='?page_no=28620'>Next<\/a>\n\t<\/li>\n\n\n    \n\n<li><a href='?page_no=30473'>Last &rsaquo;&rsaquo;<\/a><\/li>\n\n<\/ul>\n\n\n--><br \/>\n<\/body><\/p>\n","protected":false},"excerpt":{"rendered":"<p>En rescate de la isla Saona&#13; &#13; Con el prop\u00f3sito de implementar medidas que impulsen el desarrollo de un turismo sostenible en los principales centros de atracci\u00f3n de la Rep\u00fablica Dominicana, la Secretar\u00eda de Turismo ha iniciado un Plan de Rescate del Parque Nacional del Este Isla Saona.&#13; &#13; Durante la XII Reuni\u00f3n de Seguimiento [&hellip;]<\/p>\n","protected":false},"author":3,"featured_media":0,"comment_status":"open","ping_status":"open","sticky":false,"template":"","format":"standard","meta":{"footnotes":""},"categories":[18],"tags":[],"class_list":["post-122739","post","type-post","status-publish","format-standard","hentry","category-economia"],"_links":{"self":[{"href":"https:\/\/diariodominicano.com\/index.php?rest_route=\/wp\/v2\/posts\/122739","targetHints":{"allow":["GET"]}}],"collection":[{"href":"https:\/\/diariodominicano.com\/index.php?rest_route=\/wp\/v2\/posts"}],"about":[{"href":"https:\/\/diariodominicano.com\/index.php?rest_route=\/wp\/v2\/types\/post"}],"author":[{"embeddable":true,"href":"https:\/\/diariodominicano.com\/index.php?rest_route=\/wp\/v2\/users\/3"}],"replies":[{"embeddable":true,"href":"https:\/\/diariodominicano.com\/index.php?rest_route=%2Fwp%2Fv2%2Fcomments&post=122739"}],"version-history":[{"count":0,"href":"https:\/\/diariodominicano.com\/index.php?rest_route=\/wp\/v2\/posts\/122739\/revisions"}],"wp:attachment":[{"href":"https:\/\/diariodominicano.com\/index.php?rest_route=%2Fwp%2Fv2%2Fmedia&parent=122739"}],"wp:term":[{"taxonomy":"category","embeddable":true,"href":"https:\/\/diariodominicano.com\/index.php?rest_route=%2Fwp%2Fv2%2Fcategories&post=122739"},{"taxonomy":"post_tag","embeddable":true,"href":"https:\/\/diariodominicano.com\/index.php?rest_route=%2Fwp%2Fv2%2Ftags&post=122739"}],"curies":[{"name":"wp","href":"https:\/\/api.w.org\/{rel}","templated":true}]}}