{"id":122737,"date":"2007-09-25T23:10:31","date_gmt":"2007-09-25T23:10:31","guid":{"rendered":"http:\/\/diariodominicano.ddns.net\/?p=122737"},"modified":"2007-09-25T23:10:31","modified_gmt":"2007-09-25T23:10:31","slug":"presidente-conep-sugiere-prevenir-los-efectos-de-las-alzas-en-los-precios-del-petroleo","status":"publish","type":"post","link":"https:\/\/diariodominicano.com\/?p=122737","title":{"rendered":"Presidente CONEP sugiere  prevenir los efectos de las alzas en los precios del petr\u00f3leo"},"content":{"rendered":"<p><body><\/p>\n<p align=\"justify\" class=\"titulogrande1\">Presidente  CONEP sugiere \u00a0prevenir los efectos de las  alzas en los precios del petr\u00f3leo<\/p>\n<p>&#13;<\/p>\n<p><strong>Por\u00a0<\/strong><span class=\"textogrande\">Roberto Rodr\u00edguez <\/span><\/p>\n<p>&#13;<\/p>\n<p align=\"justify\" class=\"text1noticias\"><strong><img loading=\"lazy\" decoding=\"async\" src=\"http:\/\/localhost:8080\/economia\/pictures\/Lisandro Macarrulla2.jpg\" width=\"269\" height=\"189\" hspace=\"4\" align=\"left\" \/>Santo Domingo.-<\/strong>\u00a0 El presidente del Consejo Nacional de la Empresa Privada  hizo un llamado \u00a0a las autoridades para  que tomen todas las medidas de rigor con el fin de impedir que las nuevas alzas  que se registran en el mercado internacional en los precios del petr\u00f3leo  afecten \u00a0al sector productivo.<br \/>&#13;<br \/>\n  \u00a0<br \/>&#13;<br \/>\nLisandro Macarrulla dijo que  las autoridades est\u00e1n compelidas a buscar alternativas de ahorro de combustibles  y mecanismos que vayan en beneficio de los sectores m\u00e1s vulnerable de la  sociedad.<\/p>\n<p>&#13;<\/p>\n<p align=\"justify\" class=\"text1noticias\">Dijo que si el Gobierno no presta especial  atenci\u00f3n a las alzas del petr\u00f3leo, los pobres sufrir\u00e1n las consecuencias,  porque los incrementos en los precios de todos los bienes y servicios ir\u00e1n a  parar a ese sector.<br \/>&#13;<br \/>\n  \u00a0<br \/>&#13;<br \/>\n  Estima que se impone \u00a0una gran disciplina de parte del consumo  oficial.<br \/>&#13;<br \/>\n  \u00a0<br \/>&#13;<br \/>\nIndic\u00f3 que en estos se hace necesario\u00a0 la uni\u00f3n de voluntades y tomar conciencia en  torno a la magnitud del problema.<br \/>&#13;<br \/>\n  \u00a0<br \/>&#13;<br \/>\n  Estim\u00f3 que los dominicanos  tienen que buscar soluciones al problema de los aumentos en los precios del  petr\u00f3leo, lo que\u00a0 parece que va por el  camino de eternizarse.<br \/>&#13;<br \/>\n  \u00a0<br \/>&#13;<br \/>\n  Respecto al\u00a0 Tratado de Libre Comercio con Centroam\u00e9rica y  Estados Unidos (DR-CAFTA) El l\u00edder del CONEP asegur\u00f3 que en lugar de  beneficioso, ha resultado perjudicial para los empresarios dominicanos.<br \/>&#13;<br \/>\n  \u00a0<br \/>&#13;<br \/>\n\u00abLamentablemente ha  favorecido mucho m\u00e1s a nuestros competidores\u00bb, declar\u00f3 el presidente de la Asociaci\u00f3n de  Industrias de la   Rep\u00fablica Dominicana.<br \/>&#13;<br \/>\n  \u00a0<br \/>&#13;<br \/>\n  Se refiri\u00f3 a las cr\u00edticas  vertidas contra el sector empresarial, cuando reclamaba el retraso en la  implementaci\u00f3n del DR-CAFTA , hasta que se crearan las condiciones.<br \/>&#13;<br \/>\n  \u00a0<br \/>&#13;<br \/>\n  A\u00f1adi\u00f3 que \u00abla balanza  comercial de la   Rep\u00fablica Dominicana con\u00a0  los pa\u00edses centroamericanos ha  sido deficitaria tradicionalmente, pero ha venido increment\u00e1ndose hasta el  punto que en apenas cuatro o cinco a\u00f1os ellos han sabido implementar mejor que  nosotros el acuerdo. <\/p>\n<p>&#13;<\/p>\n<h6> 2007-09-25 23:10:31 <\/h6>\n<p><!--\n<link rel=\"stylesheet\" href=\"css\/bootstrap.min.css\">\n\n\n<ul class=\"pagination\">\n\t    \n\t\n\n<li >\n\t<a href='?page_no=28616'>Previous<\/a>\n\t<\/li>\n\n\n       \n    \n\n<li><a href='?page_no=1'>1<\/a><\/li>\n\n\n\n<li><a href='?page_no=2'>2<\/a><\/li>\n\n\n\n<li><a>...<\/a><\/li>\n\n\n\n<li><a href='?page_no=28615'>28615<\/a><\/li>\n\n\n\n<li><a href='?page_no=28616'>28616<\/a><\/li>\n\n\n\n<li class='active'><a>28617<\/a><\/li>\n\n\n\n<li><a href='?page_no=28618'>28618<\/a><\/li>\n\n\n\n<li><a href='?page_no=28619'>28619<\/a><\/li>\n\n\n\n<li><a>...<\/a><\/li>\n\n\n\n<li><a href='?page_no=30472'>30472<\/a><\/li>\n\n\n\n<li><a href='?page_no=30473'>30473<\/a><\/li>\n\n    \n\t\n\n<li >\n\t<a href='?page_no=28618'>Next<\/a>\n\t<\/li>\n\n\n    \n\n<li><a href='?page_no=30473'>Last &rsaquo;&rsaquo;<\/a><\/li>\n\n<\/ul>\n\n\n--><br \/>\n<\/body><\/p>\n","protected":false},"excerpt":{"rendered":"<p>Presidente CONEP sugiere \u00a0prevenir los efectos de las alzas en los precios del petr\u00f3leo &#13; Por\u00a0Roberto Rodr\u00edguez &#13; Santo Domingo.-\u00a0 El presidente del Consejo Nacional de la Empresa Privada hizo un llamado \u00a0a las autoridades para que tomen todas las medidas de rigor con el fin de impedir que las nuevas alzas que se registran [&hellip;]<\/p>\n","protected":false},"author":3,"featured_media":0,"comment_status":"open","ping_status":"open","sticky":false,"template":"","format":"standard","meta":{"footnotes":""},"categories":[18],"tags":[],"class_list":["post-122737","post","type-post","status-publish","format-standard","hentry","category-economia"],"_links":{"self":[{"href":"https:\/\/diariodominicano.com\/index.php?rest_route=\/wp\/v2\/posts\/122737","targetHints":{"allow":["GET"]}}],"collection":[{"href":"https:\/\/diariodominicano.com\/index.php?rest_route=\/wp\/v2\/posts"}],"about":[{"href":"https:\/\/diariodominicano.com\/index.php?rest_route=\/wp\/v2\/types\/post"}],"author":[{"embeddable":true,"href":"https:\/\/diariodominicano.com\/index.php?rest_route=\/wp\/v2\/users\/3"}],"replies":[{"embeddable":true,"href":"https:\/\/diariodominicano.com\/index.php?rest_route=%2Fwp%2Fv2%2Fcomments&post=122737"}],"version-history":[{"count":0,"href":"https:\/\/diariodominicano.com\/index.php?rest_route=\/wp\/v2\/posts\/122737\/revisions"}],"wp:attachment":[{"href":"https:\/\/diariodominicano.com\/index.php?rest_route=%2Fwp%2Fv2%2Fmedia&parent=122737"}],"wp:term":[{"taxonomy":"category","embeddable":true,"href":"https:\/\/diariodominicano.com\/index.php?rest_route=%2Fwp%2Fv2%2Fcategories&post=122737"},{"taxonomy":"post_tag","embeddable":true,"href":"https:\/\/diariodominicano.com\/index.php?rest_route=%2Fwp%2Fv2%2Ftags&post=122737"}],"curies":[{"name":"wp","href":"https:\/\/api.w.org\/{rel}","templated":true}]}}