{"id":122736,"date":"2007-09-25T23:39:40","date_gmt":"2007-09-25T23:39:40","guid":{"rendered":"http:\/\/diariodominicano.ddns.net\/?p=122736"},"modified":"2007-09-25T23:39:40","modified_gmt":"2007-09-25T23:39:40","slug":"inauguran-primera-etapa-electrificacion-del-barrio-paraiso-de-esperanza","status":"publish","type":"post","link":"https:\/\/diariodominicano.com\/?p=122736","title":{"rendered":"Inauguran primera etapa electrificaci\u00f3n del  barrio Para\u00edso de Esperanza"},"content":{"rendered":"<p><body><\/p>\n<p align=\"justify\" class=\"titulogrande1\">Inauguran primera etapa  electrificaci\u00f3n del barrio Para\u00edso de  Esperanza<\/p>\n<p>&#13;<\/p>\n<p><strong>Por<\/strong> <span class=\"textogrande\">Roberto Rosario<\/span><\/p>\n<p>&#13;<\/p>\n<p align=\"justify\" class=\"text1noticias\"><strong>Esperanza.- <\/strong>Con la presencia  de autoridades gubernamentales provinciales, municipales y l\u00edderes\u00a0 comunitarios,\u00a0  La Unidad  de Electrificaci\u00f3n\u00a0 Rural y Sub- Urbana (UERS), inaugur\u00f3 la  primera etapa de electrificaci\u00f3n del barrio El Para\u00edso del municipio de  Esperanza, por un costo de RD$4, 999, 126. 10 millones.<br \/>&#13;<br \/>\n  \u00a0<br \/>&#13;<br \/>\n  El proyecto de  electrificaci\u00f3n\u00a0 en su dos etapas se  realizar\u00e1 por un costo de 5, 907, 540.64 y se beneficiar\u00e1n\u00a0 unas 455 familias, seg\u00fan explicaran los  t\u00e9cnicos de la UERS. <br \/>&#13;<br \/>\n  \u00a0<br \/>&#13;<br \/>\n  La inauguraci\u00f3n de la primera  etapa donde se invirtieron m\u00e1s de 4 millones de pesos y\u00a0 estuvo encabezado por el gobernador  provincial de Valverde, Manuel Guichardo, \u00a0Jos\u00e9 Sep\u00falveda, gerente de la zona Norte de la UERS, Ram\u00f3n Monci\u00f3n, t\u00e9cnicos  de la empresa el\u00e9ctrica, Eliseo L\u00f3pez\u00a0  presidente del comit\u00e9 provincial del PLD, el s\u00edndico Bol\u00edvar Mena y  otras personalidades de la comunidad.<\/p>\n<p>&#13;<\/p>\n<p align=\"justify\" class=\"text1noticias\">Un informe t\u00e9cnico da cuenta\u00a0 de que para llevarle la electricidad a cada familia  tuvo un costo de 12,983.61 pesos, donde una 1,691 persona se est\u00e1n beneficiando de poder tener  encendido un bombillo en su hogar.<br \/>&#13;<br \/>\n  \u00a0<br \/>&#13;<br \/>\n  La electrificaci\u00f3n total del  barrio El Para\u00edso\u00a0 tiene un costo en su  dos etapa de mas de 5 millones de pesos, donde m\u00e1s de 2,415 personas\u00a0 del indicado barrio esperance\u00f1o ser\u00e1n  beneficiados.<\/p>\n<p>&#13;<\/p>\n<p align=\"justify\" class=\"text1noticias\">En la presente gesti\u00f3n gubernamental que  encabeza el doctor Leonel Fern\u00e1ndez Reyna, una diez comunidades de la provincia  Valverde, han sido favorecidas con lainstalaci\u00f3n de la redes  el\u00e9ctricas en su barriada, entre las que se encuentran La Cabuyera, Barrio Nuevo de  Guatapanal, Barrio de los Parceleros de Pueblo Nuevo,Gurabo, La Yagua, San Antonio, El  Para\u00edso, Barrio Lindo de Laguna Salada, Ginamagao y otras comunidades de  Valverde.<\/p>\n<p>&#13;<\/p>\n<p align=\"justify\" class=\"text1noticias\">Explicaron los t\u00e9cnicos que los moradores de  los barrios y comunidades beneficiadas ya est\u00e1n disfrutando de los beneficios  que genera el tener\u00a0 electricidad en su hogar, ya que pueden tener un  peque\u00f1o negocio, poder ver televisi\u00f3n, computadora en su hogar y de esa manera  estar al comp\u00e1s de los avance de la tecnolog\u00eda y de c\u00f3mo evoluciona el mundo.<\/p>\n<p>&#13;<\/p>\n<h6> 2007-09-25 23:39:40 <\/h6>\n<p><!--\n<link rel=\"stylesheet\" href=\"css\/bootstrap.min.css\">\n\n\n<ul class=\"pagination\">\n\t    \n\t\n\n<li >\n\t<a href='?page_no=28615'>Previous<\/a>\n\t<\/li>\n\n\n       \n    \n\n<li><a href='?page_no=1'>1<\/a><\/li>\n\n\n\n<li><a href='?page_no=2'>2<\/a><\/li>\n\n\n\n<li><a>...<\/a><\/li>\n\n\n\n<li><a href='?page_no=28614'>28614<\/a><\/li>\n\n\n\n<li><a href='?page_no=28615'>28615<\/a><\/li>\n\n\n\n<li class='active'><a>28616<\/a><\/li>\n\n\n\n<li><a href='?page_no=28617'>28617<\/a><\/li>\n\n\n\n<li><a href='?page_no=28618'>28618<\/a><\/li>\n\n\n\n<li><a>...<\/a><\/li>\n\n\n\n<li><a href='?page_no=30472'>30472<\/a><\/li>\n\n\n\n<li><a href='?page_no=30473'>30473<\/a><\/li>\n\n    \n\t\n\n<li >\n\t<a href='?page_no=28617'>Next<\/a>\n\t<\/li>\n\n\n    \n\n<li><a href='?page_no=30473'>Last &rsaquo;&rsaquo;<\/a><\/li>\n\n<\/ul>\n\n\n--><br \/>\n<\/body><\/p>\n","protected":false},"excerpt":{"rendered":"<p>Inauguran primera etapa electrificaci\u00f3n del barrio Para\u00edso de Esperanza &#13; Por Roberto Rosario &#13; Esperanza.- Con la presencia de autoridades gubernamentales provinciales, municipales y l\u00edderes\u00a0 comunitarios,\u00a0 La Unidad de Electrificaci\u00f3n\u00a0 Rural y Sub- Urbana (UERS), inaugur\u00f3 la primera etapa de electrificaci\u00f3n del barrio El Para\u00edso del municipio de Esperanza, por un costo de RD$4, 999, [&hellip;]<\/p>\n","protected":false},"author":3,"featured_media":0,"comment_status":"open","ping_status":"open","sticky":false,"template":"","format":"standard","meta":{"footnotes":""},"categories":[18],"tags":[],"class_list":["post-122736","post","type-post","status-publish","format-standard","hentry","category-economia"],"_links":{"self":[{"href":"https:\/\/diariodominicano.com\/index.php?rest_route=\/wp\/v2\/posts\/122736","targetHints":{"allow":["GET"]}}],"collection":[{"href":"https:\/\/diariodominicano.com\/index.php?rest_route=\/wp\/v2\/posts"}],"about":[{"href":"https:\/\/diariodominicano.com\/index.php?rest_route=\/wp\/v2\/types\/post"}],"author":[{"embeddable":true,"href":"https:\/\/diariodominicano.com\/index.php?rest_route=\/wp\/v2\/users\/3"}],"replies":[{"embeddable":true,"href":"https:\/\/diariodominicano.com\/index.php?rest_route=%2Fwp%2Fv2%2Fcomments&post=122736"}],"version-history":[{"count":0,"href":"https:\/\/diariodominicano.com\/index.php?rest_route=\/wp\/v2\/posts\/122736\/revisions"}],"wp:attachment":[{"href":"https:\/\/diariodominicano.com\/index.php?rest_route=%2Fwp%2Fv2%2Fmedia&parent=122736"}],"wp:term":[{"taxonomy":"category","embeddable":true,"href":"https:\/\/diariodominicano.com\/index.php?rest_route=%2Fwp%2Fv2%2Fcategories&post=122736"},{"taxonomy":"post_tag","embeddable":true,"href":"https:\/\/diariodominicano.com\/index.php?rest_route=%2Fwp%2Fv2%2Ftags&post=122736"}],"curies":[{"name":"wp","href":"https:\/\/api.w.org\/{rel}","templated":true}]}}